{"id":37920,"date":"2022-11-11T08:08:11","date_gmt":"2022-11-11T14:08:11","guid":{"rendered":"https:\/\/diarioavanzada.com.mx\/?p=37920"},"modified":"2022-11-11T08:08:20","modified_gmt":"2022-11-11T14:08:20","slug":"se-desprende-contenedor-de-trailer-y-causa-fatal-accidente-en-la-carretera-a-manzanillo","status":"publish","type":"post","link":"https:\/\/diarioavanzada.com.mx\/?p=37920","title":{"rendered":"Se desprende contenedor de tr\u00e1iler y causa fatal accidente en la carretera a Manzanillo"},"content":{"rendered":"\n<p class=\"wp-block-paragraph\">Colima, M\u00e9xico, Avanzada (11\/11\/2022).- Los accidentes tr\u00e1gicos en la carretera Colima-Manzanillo son una constante a cualquier hora del d\u00eda y este mi\u00e9rcoles no fue la excepci\u00f3n, pues un chofer de un tr\u00e1iler falleci\u00f3 tras impactar la unidad que conduc\u00eda con un contenedor que obstru\u00eda uno de los carriles viales.<\/p>\n\n\n\n<p class=\"wp-block-paragraph\">Los hechos sucedieron en la carretera libre de Armer\u00eda a Manzanillo, una de las v\u00edas que m\u00e1s utilizan los choferes de carga pesada para transportar la mercanc\u00eda que llega al puerto de Manzanillo y deben distribuir a distintas partes del pa\u00eds.<\/p>\n\n\n\n<p class=\"wp-block-paragraph\">Reportes preliminares exponen que un chofer de un tr\u00e1iler circulaba rumbo a Manzanillo y en una curva se encontr\u00f3 con un contenedor que obstru\u00eda el carril y tras el impacto el tr\u00e1iler en el que viajaba se volc\u00f3.<\/p>\n\n\n\n<p class=\"wp-block-paragraph\">Debido a la gravedad del accidente, el chofer perdi\u00f3 la vida en el lugar de los hechos, mientras que automovilistas que circulaban por el lugar reportaban el fatal accidente a las autoridades.<\/p>\n\n\n\n<p class=\"wp-block-paragraph\">Los accidentes tr\u00e1gicos en la carretera Colima-Manzanillo son frecuentes por la cantidad de veh\u00edculos de carga pesada que transitan por esa vialidad.<\/p>\n\n\n\n<p class=\"wp-block-paragraph\">El pasado 7 de julio dos personas fallecieron a la altura del crucero de Tecom\u00e1n, cuando una unidad de&nbsp;transporte de carga pesada que se impact\u00f3 contra una camioneta tipo Nissan de la empresa \u201cGrupo Cevra\u201d, lo que caus\u00f3 la muerte de los dos tripulantes de la camioneta.<\/p>\n\n\n\n<p class=\"wp-block-paragraph\">Mientras que en abril de 2018 se registr\u00f3 uno de los accidentes que m\u00e1s impactaron a la poblaci\u00f3n pues a la altura de Turla, 10 personas murieron, entre ellos cinco ni\u00f1os, despu\u00e9s de que el contenedor de un tr\u00e1iler golpe\u00f3 la camioneta en la que viajaban las v\u00edctimas.<\/p>\n\n\n\n<p class=\"wp-block-paragraph\">Por la carretera Colima-Manzanillo circulan diariamente m\u00e1s de 6 mil veh\u00edculos de carga pesada.&nbsp;<\/p>\n<div class=\"fb-background-color\">\n\t\t\t  <div \n\t\t\t  \tclass = \"fb-comments\" \n\t\t\t  \tdata-href = \"https:\/\/diarioavanzada.com.mx\/?p=37920\"\n\t\t\t  \tdata-numposts = \"10\"\n\t\t\t  \tdata-lazy = \"true\"\n\t\t\t\tdata-colorscheme = \"light\"\n\t\t\t\tdata-order-by = \"social\"\n\t\t\t\tdata-mobile=true>\n\t\t\t  <\/div><\/div>\n\t\t  <style>\n\t\t    .fb-background-color {\n\t\t\t\tbackground:  !important;\n\t\t\t}\n\t\t\t.fb_iframe_widget_fluid_desktop iframe {\n\t\t\t    width: 100% !important;\n\t\t\t}\n\t\t  <\/style>\n\t\t  ","protected":false},"excerpt":{"rendered":"<p>Colima, M\u00e9xico, Avanzada (11\/11\/2022).- Los accidentes tr\u00e1gicos en la carretera Colima-Manzanillo son una constante a cualquier hora del d\u00eda y este mi\u00e9rcoles no fue la excepci\u00f3n, pues un chofer de un tr\u00e1iler falleci\u00f3 tras impactar la unidad que conduc\u00eda con un contenedor que obstru\u00eda uno de los carriles viales. Los hechos sucedieron en la carretera [&hellip;]<\/p>\n","protected":false},"author":5,"featured_media":37921,"comment_status":"closed","ping_status":"closed","sticky":false,"template":"","format":"standard","meta":{"_coblocks_attr":"","_coblocks_dimensions":"","_coblocks_responsive_height":"","_coblocks_accordion_ie_support":"","_crdt_document":"","advanced_seo_description":"","jetpack_seo_html_title":"","jetpack_seo_noindex":false,"_jetpack_memberships_contains_paid_content":false,"footnotes":""},"categories":[231],"tags":[210,219],"class_list":["post-37920","post","type-post","status-publish","format-standard","has-post-thumbnail","hentry","category-seguridad","tag-portada","tag-seguridad"],"jetpack_featured_media_url":"https:\/\/diarioavanzada.com.mx\/wp-content\/uploads\/2022\/11\/image-84.png","jetpack-related-posts":[],"jetpack_sharing_enabled":true,"amp_enabled":true,"_links":{"self":[{"href":"https:\/\/diarioavanzada.com.mx\/index.php?rest_route=\/wp\/v2\/posts\/37920","targetHints":{"allow":["GET"]}}],"collection":[{"href":"https:\/\/diarioavanzada.com.mx\/index.php?rest_route=\/wp\/v2\/posts"}],"about":[{"href":"https:\/\/diarioavanzada.com.mx\/index.php?rest_route=\/wp\/v2\/types\/post"}],"author":[{"embeddable":true,"href":"https:\/\/diarioavanzada.com.mx\/index.php?rest_route=\/wp\/v2\/users\/5"}],"replies":[{"embeddable":true,"href":"https:\/\/diarioavanzada.com.mx\/index.php?rest_route=%2Fwp%2Fv2%2Fcomments&post=37920"}],"version-history":[{"count":1,"href":"https:\/\/diarioavanzada.com.mx\/index.php?rest_route=\/wp\/v2\/posts\/37920\/revisions"}],"predecessor-version":[{"id":37922,"href":"https:\/\/diarioavanzada.com.mx\/index.php?rest_route=\/wp\/v2\/posts\/37920\/revisions\/37922"}],"wp:featuredmedia":[{"embeddable":true,"href":"https:\/\/diarioavanzada.com.mx\/index.php?rest_route=\/wp\/v2\/media\/37921"}],"wp:attachment":[{"href":"https:\/\/diarioavanzada.com.mx\/index.php?rest_route=%2Fwp%2Fv2%2Fmedia&parent=37920"}],"wp:term":[{"taxonomy":"category","embeddable":true,"href":"https:\/\/diarioavanzada.com.mx\/index.php?rest_route=%2Fwp%2Fv2%2Fcategories&post=37920"},{"taxonomy":"post_tag","embeddable":true,"href":"https:\/\/diarioavanzada.com.mx\/index.php?rest_route=%2Fwp%2Fv2%2Ftags&post=37920"}],"curies":[{"name":"wp","href":"https:\/\/api.w.org\/{rel}","templated":true}]}}