{"id":3783,"date":"2019-03-06T22:19:02","date_gmt":"2019-03-07T03:19:02","guid":{"rendered":"https:\/\/diarioavanzada.com.mx\/?p=3783"},"modified":"2019-03-06T22:19:29","modified_gmt":"2019-03-07T03:19:29","slug":"me-estan-revictimizando-no-tengo-garantias-de-seguridad-efrain-angulo","status":"publish","type":"post","link":"https:\/\/diarioavanzada.com.mx\/?p=3783","title":{"rendered":"Me est\u00e1n revictimizando, no tengo garant\u00edas de seguridad: Efra\u00edn Angulo"},"content":{"rendered":"\n<p class=\"wp-block-paragraph\">Colima, M\u00e9xico, Avanzada (06\/03\/2019).- Dos d\u00edas despu\u00e9s de que ocurri\u00f3 un acto violento en su domicilio particular \u2014donde una persona muri\u00f3 por estrangulamiento, otra result\u00f3 herida de bala y algunas m\u00e1s fueron golpeadas\u2014, el secretario de Turismo del gobierno estatal, Efra\u00edn Heriberto Angulo Rodr\u00edguez, renunci\u00f3 al puesto que ocupaba desde hace un a\u00f1o.<\/p>\n\n\n\n<p class=\"wp-block-paragraph\">En rueda de prensa ofrecida en un hotel del centro de la ciudad, con grandes moretones visibles en el rostro, Angulo Rodr\u00edguez argument\u00f3 que decidi\u00f3 separarse del cargo para emprender las acciones legales correspondientes y evitar que su caso sea utilizado para golpear al gobierno de Jos\u00e9 Ignacio Peralta S\u00e1nchez.<\/p>\n\n\n\n<p class=\"wp-block-paragraph\">Aunque desde un principio, la Fiscal\u00eda General del Estado difundi\u00f3 despu\u00e9s de la medianoche del martes la versi\u00f3n de que los hechos se derivaron de un asalto armado al domicilio del ahora exfuncionario con el prop\u00f3sito de robo, en las redes sociales circularon insistentes versiones en el sentido de que en realidad se trat\u00f3 de una \u201corg\u00eda gay\u201d que se sali\u00f3 de control, en la que incluso hab\u00eda menores de edad.<\/p>\n\n\n\n<p class=\"wp-block-paragraph\">Ante un grupo de reporteros, Efra\u00edn Angulo dijo que su decisi\u00f3n de ofrecer esa rueda de prensa fue \u201cpara poner fin a toda la serie de especulaciones, mentiras y acusaciones que se han generado a ra\u00edz del hecho delictivo en el que un servidor fue v\u00edctima\u201d.<\/p>\n\n\n\n<p class=\"wp-block-paragraph\">Consider\u00f3 lamentable \u201cla cantidad de mentiras, historias, comentarios homof\u00f3bicos y descalificaciones que se suscitan no s\u00f3lo en redes sociales, sino incluso en medios de comunicaci\u00f3n\u201d, por lo que \u201cnos falta mucho como sociedad, que seguimos revictimizando a las v\u00edctimas al se\u00f1alar que los delitos por los que resultan afectados se deben a sus h\u00e1bitos, sus preferencias sexuales, su forma de vestir e incluso ahora hasta sus amistades\u201d.<\/p>\n\n\n\n<p class=\"wp-block-paragraph\">En ocasiones con la voz entrecortada, el exfuncionario manifest\u00f3 que el camino hacia la tolerancia en ese sentido es todav\u00eda muy largo, pues \u201clas personas que generan comentarios ligeros o burlas insensibles no tienen idea del trance emocional que significa sufrir un hecho delictivo violento, grave y constante\u2026 y todav\u00eda tener que enfrentar el juicio sumario de una sociedad que lee mentiras o hip\u00f3tesis falsas\u201d.<\/p>\n\n\n\n<p class=\"wp-block-paragraph\">Efra\u00edn Angulo asegur\u00f3 que no conoc\u00eda a la persona asesinada, dijo ignorar si algunos de los j\u00f3venes presentes en su domicilio eran menores de edad y rechaz\u00f3 que estuvieran en una fiesta.<\/p>\n\n\n\n<p class=\"wp-block-paragraph\">Asever\u00f3 que antes del suceso se encontraban reunidas once personas, de las que \u00e9l solo conoc\u00eda a cuatro, que eran amigos suyos que estaban haciendo tiempo para ir al aeropuerto y regresar a la ciudad de M\u00e9xico luego de haber pasado un fin de semana en Manzanillo, y el resto eran \u201cinvitados de invitados\u201d.<\/p>\n\n\n\n<p class=\"wp-block-paragraph\">Alrededor de las siete de la noche del lunes, a\u00f1adi\u00f3, un grupo de m\u00e1s de diez hombres desconocidos irrumpi\u00f3 en su casa \u201ccon una gran cantidad de armas, nos amarraron, nos desnudaron, nos golpearon y nos tomaron m\u00faltiples fotograf\u00edas y videos; b\u00e1sicamente estaban buscando dinero y drogas\u201d.<\/p>\n\n\n\n<p class=\"wp-block-paragraph\">Posteriormente los delincuentes tomaron a uno de los presentes, lo llevaron hacia una habitaci\u00f3n y \u201cescuchamos que comenzaron a estrangularlo; sin conocer los motivos por los que matan de esta manera, supongo que no le dispararon porque habr\u00eda alterado a cualquiera de los vecinos\u201d.<\/p>\n\n\n\n<p class=\"wp-block-paragraph\">Refiri\u00f3 que los hombres armados le exig\u00edan a la persona que finalmente muri\u00f3 informaci\u00f3n sobre a qui\u00e9n compraba droga, pero despu\u00e9s dos de los invitados lograron desamarrarse y enfrentar a los delincuentes de manera personal, momento en que le fue disparada a una de ellas.<\/p>\n\n\n\n<p class=\"wp-block-paragraph\">Despu\u00e9s de permanecer m\u00e1s de tres horas en el interior del domicilio, dijo Angulo, los delincuentes sustrajeron dinero y objetos de valor que no ha cuantificado porque no ha podido entrar a mi domicilio, se fugaron en un veh\u00edculo propiedad de la Secretar\u00eda de Turismo.<\/p>\n\n\n\n<p class=\"wp-block-paragraph\">\u201cDebo dejar claro \u2014insisti\u00f3\u2014 que es rotundamente falso que la fiesta se saliera de control, porque no hab\u00eda ninguna fiesta\u2026 ni fue un crimen pasional o toda la serie de dichos, hip\u00f3tesis y mentiras que se han sostenido mayormente en las redes sociales\u201d.<\/p>\n\n\n\n<p class=\"wp-block-paragraph\">En el aspecto legal, dijo haber presentado ya la denuncia correspondiente ante la Fiscal\u00eda General del Estado por todos los delitos cometidos y exigi\u00f3 a esa instancia esclarecer de inmediato los hechos para que se limpie su nombre y se detenga a los responsables.<\/p>\n\n\n\n<p class=\"wp-block-paragraph\">Asimismo, conden\u00f3 en\u00e9rgicamente a quienes \u201ccon un af\u00e1n pol\u00edtico\u201d busquen da\u00f1ar la imagen del Gobierno del estado con lo sucedido, por lo que para deslindar a \u00e9ste de las acciones jur\u00eddicas que decida emprender, decidi\u00f3 poner a disposici\u00f3n del gobernador su renuncia al cargo de secretario de Turismo.<\/p>\n\n\n\n<p class=\"wp-block-paragraph\">\u201cMi prioridad en este momento es mi recuperaci\u00f3n emocional por los hechos vividos y continuar con el proceso legal de la denuncia que he presentado\u201d, expuso.<\/p>\n\n\n\n<p class=\"wp-block-paragraph\">Dijo que teme por su seguridad, \u201cpor supuesto que me produce miedo saber que en mi espacio, en mi casa, en mi vida privada yo no pueda tener mi seguridad garantizada, cuando un comando armado de poco m\u00e1s de diez personas entran a mi casa y violentan mi domicilio en un espacio personal y soy golpeado junto con todos mis invitados y adem\u00e1s robado y ultrajado\u201d.<\/p>\n\n\n\n<p class=\"wp-block-paragraph\">Sin adelantar hip\u00f3tesis sobre lo ocurrido, Angulo Rodr\u00edguez s\u00f3lo coment\u00f3 que durante el ataque a su domicilio hubo \u201cdemasiada violencia f\u00edsica por mucho tiempo y eso no es normal\u201d.<\/p>\n\n\n\n<p class=\"wp-block-paragraph\">Efra\u00edn Heriberto Angulo hab\u00eda sido nombrado titular de la Secretar\u00eda de Turismo el 23 de febrero de 2018, en sustituci\u00f3n de C\u00e9sar Casta\u00f1eda V\u00e1zquez del Mercado.<\/p>\n\n\n\n<p class=\"wp-block-paragraph\"><em>Fotograf\u00eda tomada del Facebook de Canal 12.1 Colima.<\/em><\/p>\n<div class=\"fb-background-color\">\n\t\t\t  <div \n\t\t\t  \tclass = \"fb-comments\" \n\t\t\t  \tdata-href = \"https:\/\/diarioavanzada.com.mx\/?p=3783\"\n\t\t\t  \tdata-numposts = \"10\"\n\t\t\t  \tdata-lazy = \"true\"\n\t\t\t\tdata-colorscheme = \"light\"\n\t\t\t\tdata-order-by = \"social\"\n\t\t\t\tdata-mobile=true>\n\t\t\t  <\/div><\/div>\n\t\t  <style>\n\t\t    .fb-background-color {\n\t\t\t\tbackground:  !important;\n\t\t\t}\n\t\t\t.fb_iframe_widget_fluid_desktop iframe {\n\t\t\t    width: 100% !important;\n\t\t\t}\n\t\t  <\/style>\n\t\t  ","protected":false},"excerpt":{"rendered":"<p>Colima, M\u00e9xico, Avanzada (06\/03\/2019).- Dos d\u00edas despu\u00e9s de que ocurri\u00f3 un acto violento en su domicilio particular \u2014donde una persona muri\u00f3 por estrangulamiento, otra result\u00f3 herida de bala y algunas m\u00e1s fueron golpeadas\u2014, el secretario de Turismo del gobierno estatal, Efra\u00edn Heriberto Angulo Rodr\u00edguez, renunci\u00f3 al puesto que ocupaba desde hace un a\u00f1o. En rueda [&hellip;]<\/p>\n","protected":false},"author":6,"featured_media":3784,"comment_status":"open","ping_status":"open","sticky":false,"template":"","format":"standard","meta":{"_coblocks_attr":"","_coblocks_dimensions":"","_coblocks_responsive_height":"","_coblocks_accordion_ie_support":"","_crdt_document":"","advanced_seo_description":"","jetpack_seo_html_title":"","jetpack_seo_noindex":false,"_jetpack_memberships_contains_paid_content":false,"footnotes":""},"categories":[1],"tags":[],"class_list":["post-3783","post","type-post","status-publish","format-standard","has-post-thumbnail","hentry","category-general"],"jetpack_featured_media_url":"https:\/\/diarioavanzada.com.mx\/wp-content\/uploads\/2019\/03\/SdeT.png","jetpack-related-posts":[],"jetpack_sharing_enabled":true,"amp_enabled":true,"_links":{"self":[{"href":"https:\/\/diarioavanzada.com.mx\/index.php?rest_route=\/wp\/v2\/posts\/3783","targetHints":{"allow":["GET"]}}],"collection":[{"href":"https:\/\/diarioavanzada.com.mx\/index.php?rest_route=\/wp\/v2\/posts"}],"about":[{"href":"https:\/\/diarioavanzada.com.mx\/index.php?rest_route=\/wp\/v2\/types\/post"}],"author":[{"embeddable":true,"href":"https:\/\/diarioavanzada.com.mx\/index.php?rest_route=\/wp\/v2\/users\/6"}],"replies":[{"embeddable":true,"href":"https:\/\/diarioavanzada.com.mx\/index.php?rest_route=%2Fwp%2Fv2%2Fcomments&post=3783"}],"version-history":[{"count":0,"href":"https:\/\/diarioavanzada.com.mx\/index.php?rest_route=\/wp\/v2\/posts\/3783\/revisions"}],"wp:featuredmedia":[{"embeddable":true,"href":"https:\/\/diarioavanzada.com.mx\/index.php?rest_route=\/wp\/v2\/media\/3784"}],"wp:attachment":[{"href":"https:\/\/diarioavanzada.com.mx\/index.php?rest_route=%2Fwp%2Fv2%2Fmedia&parent=3783"}],"wp:term":[{"taxonomy":"category","embeddable":true,"href":"https:\/\/diarioavanzada.com.mx\/index.php?rest_route=%2Fwp%2Fv2%2Fcategories&post=3783"},{"taxonomy":"post_tag","embeddable":true,"href":"https:\/\/diarioavanzada.com.mx\/index.php?rest_route=%2Fwp%2Fv2%2Ftags&post=3783"}],"curies":[{"name":"wp","href":"https:\/\/api.w.org\/{rel}","templated":true}]}}