{"id":37818,"date":"2022-11-08T08:03:35","date_gmt":"2022-11-08T14:03:35","guid":{"rendered":"https:\/\/diarioavanzada.com.mx\/?p=37818"},"modified":"2022-11-08T08:03:42","modified_gmt":"2022-11-08T14:03:42","slug":"queremos-tanto-al-ipecol","status":"publish","type":"post","link":"https:\/\/diarioavanzada.com.mx\/?p=37818","title":{"rendered":"Queremos tanto al Ipecol"},"content":{"rendered":"\n<p class=\"wp-block-paragraph\">Columna<\/p>\n\n\n\n<p class=\"wp-block-paragraph\">El puercoesp\u00edn&nbsp;<\/p>\n\n\n\n<p class=\"wp-block-paragraph\">Todos quieren al Ipecol. Nacho y Mario lo quisieron mucho. Indira quiere mucho al Ipecol. Qu\u00e9 tiene el Instituto de Pensiones de los Servidores P\u00fablicos del Estado de Colima, mejor conocido como Ipecol, que todos los gobernadores le tienen un desmesurado amor.<\/p>\n\n\n\n<p class=\"wp-block-paragraph\">Sucede que tiene dinero, mucho dinero, de los trabajadores que laboran para los municipios, los organismos p\u00fablicos descentralizados y el gobierno del estado y lo que quieren los pol\u00edticos, es decir, quieren tomar el dinero de ellos, sin eufemismos, robarles su dinero, y saben que si lo hacen tendr\u00e1 una probabilidad de 100 % de salir impunes.<\/p>\n\n\n\n<p class=\"wp-block-paragraph\">En los \u00faltimos sexenios los gobernadores descubrieron un desmesurado amor al Ipecol y Nacho no se resisti\u00f3 y no enter\u00f3 al Ipecol aproximadamente 1300 millones de pesos y hasta la fecha nada le ha pasado. Indira no enter\u00f3, en este primer a\u00f1o de gobierno, cerca de&nbsp; 210 millones de pesos y nada le ha pasado. Pero no se trata solo de 1510 millones de pesos no enterados sino que tampoco se les ha exigido el pago de recargos a esos cr\u00e9ditos fiscales.&nbsp;<\/p>\n\n\n\n<p class=\"wp-block-paragraph\">Los consejeros sindicales &#8211;del Ipecol&#8211; hablan del capital principal, pero no hablan de los intereses, multa y recargos que se les debe aplicar a los recursos no enterados, que Nacho e Indira los han aplicado en otras cosas y eso es m\u00ednimo una falta administrativa, pero tambi\u00e9n, de acuerdo a lo que se observa, es un delito penal.<\/p>\n\n\n\n<p class=\"wp-block-paragraph\">La Ley de Pensiones en su art\u00edculo 68 fracci\u00f3n uno establece que <strong>las aportaciones, las cuotas y sus accesorios son cr\u00e9ditos fiscales<\/strong>; en la fracci\u00f3n dos dice&nbsp; que el Instituto tiene atribuciones para determinar los cr\u00e9ditos fiscales y las bases de su liquidaci\u00f3n, as\u00ed como para fijarlos en cantidad l\u00edquida y percibirlos de conformidad con la presente Ley; y en su fracci\u00f3n tres se\u00f1ala: <strong>las aportaciones y cuotas que no se enteren en la forma y plazos establecidos en esta Ley, causar\u00e1n los recargos que establece el C\u00f3digo Fiscal del Estado de Colima.<\/strong><\/p>\n\n\n\n<p class=\"wp-block-paragraph\"><strong>El art\u00edculo 69 establece que los recargos, los gastos de ejecuci\u00f3n y la indemnizaci\u00f3n a que se refiere el p\u00e1rrafo quinto del art\u00edculo 28 del C\u00f3digo Fiscal del Estado de Colima, son accesorios de las aportaciones y cuotas y participan de la naturaleza de \u00e9stas, <\/strong>en pocas palabras, Nacho e Indira, no solo adeudan al Ipecol las cantidades no enteradas sino todos los intereses, multas, recargos que son parte de la naturaleza de la aportaciones y cuotas de los trabajadores.<\/p>\n\n\n\n<p class=\"wp-block-paragraph\">\u00bfPor qu\u00e9 la parte sindical no reclama esto? \u00bfPor qu\u00e9 guarda silencio y solo se refiere al adeudo principal y evita reclamar los intereses, recargos y multas generados? \u00bfNo es eso un da\u00f1o al patrimonio de los trabajadores?<\/p>\n\n\n\n<p class=\"wp-block-paragraph\">El art\u00edculo 72 de la misma Ley de Pensiones es contundente pues dice: <strong>\u201cProhibido condonar adeudos\u201d. <\/strong>Esa v\u00eda la tienen cerrada los gobernadores. Deben pagar, la ley no les deja salidas.<\/p>\n\n\n\n<p class=\"wp-block-paragraph\">No vaya a salir, en cualquier rato, el inefable director del Ipecol que se condonan las deudas a los gobernadores, porque as\u00ed lo acord\u00f3 el Consejo Directivo que ellos controlan.<\/p>\n\n\n\n<p class=\"wp-block-paragraph\">De los 13 miembros del Consejo Directivo solo cuatro son puestos ocupados por las representaciones sindicales los dem\u00e1s los ocupan el Poder Legislativo (1), el Poder Judicial (1) y el resto (7) los controlan el Gobierno del estado y los ayuntamientos.<\/p>\n\n\n\n<p class=\"wp-block-paragraph\">El art\u00edculo 70 de la citada Ley es contundente, pues&nbsp; establece la imposici\u00f3n de recargo en aportaciones y cuotas, en su fracci\u00f3n primera, que cuando las Entidades P\u00fablicas Patronales sujetas a esta Ley, no enteren las aportaciones y cuotas en los plazos establecidos, <strong>deber\u00e1n cubrir a partir de la fecha en que estas se hicieran exigibles a favor del Instituto, recargos en los t\u00e9rminos establecidos en el C\u00f3digo.<\/strong><\/p>\n\n\n\n<p class=\"wp-block-paragraph\">El problema radica en que el director del Instituto es quien deber\u00e1 realizar los procedimientos (cobros) e interponer las denuncias penales.&nbsp;<\/p>\n\n\n\n<p class=\"wp-block-paragraph\">Yo no veo al in\u00fatil de Hugo V\u00e1zquez Montes realizando las tareas que la ley lo obliga, pues sus tareas en la realidad son m\u00e1s de compinche de la gobernadora y no se observan, en sus actos p\u00fablicos actuales, intenciones de recuperar los recursos del Ipecol.&nbsp;<\/p>\n\n\n\n<p class=\"wp-block-paragraph\">P\u00fablicamente no se conoce de las estrategias del director para realizar los procedimientos de cobranza ni nada por el estilo que la ley le obliga.<\/p>\n\n\n\n<p class=\"wp-block-paragraph\">En el Instituto de Pensiones del Estado de Jalisco (Ipejal) ya se est\u00e1 procediendo contra administradores por haber hecho uso il\u00edcito de atribuciones y facultades en contra de dicho instituto.<\/p>\n\n\n\n<p class=\"wp-block-paragraph\">Al parecer en Colima violar la ley y robarse las cuotas de los trabajadores son conductas \u201clegalmente\u201d permitidas. Y es ya el Ipecol una caja chica de los gobernadores en turno.<\/p>\n\n\n\n<p class=\"wp-block-paragraph\">La maniobras de la gobernadora por controlar el Poder Judicial, aparte de ser un \u00e1rea donde el ejercicio de la justicia est\u00e1 disponible como un \u00e1rea de negocios para comerciar con la Justicia, es decir, suena muy met\u00e1lico. Vaya que result\u00f3 muy lista Indi, la in\u00fatil. In\u00fatil para gobernar, buena para hacer negocios. Influir en la decisi\u00f3n de quien ser\u00e1 el pr\u00f3ximo presidente del Supremo Tribunal de Justicia del Estado de Colima tambi\u00e9n la dotar\u00eda de un asiento m\u00e1s en el Consejo Directivo del Ipecol lo que le dar\u00eda un control total del mismo, pero tambi\u00e9n cubrir\u00eda al Poder Judicial por si se dan demandas independientes de los trabajadores.<\/p>\n\n\n\n<p class=\"wp-block-paragraph\">Las representaciones sindicales extra\u00f1amente no hablan de las multas y recargos a las cuotas no enteradas. Es aconsejable que los sindicatos entraran en una postura m\u00e1s decisivamente del lado de los trabajadores y demandar el pago total de las aportaciones y cuotas de los trabajadores, as\u00ed como los intereses, multas y recargos, que ya les retuvieron y la parte patronal no enter\u00f3 al Ipecol.<\/p>\n\n\n\n<p class=\"wp-block-paragraph\">Los sindicatos de los ayuntamientos han tenido acciones m\u00e1s bien negociadoras y tolerantes con la parte patronal. Ellos saben su juego y tambi\u00e9n saben que&nbsp; corren el riesgo de ser rebasados por sus bases si su estrategia no da frutos a mediano plazo. Cosa que es muy probable que suceda pues la gobernadora est\u00e1 en franca actitud antitrabajadores, por cierto, su pol\u00edtica laboral muy diferente al presidente Amlo.<\/p>\n\n\n\n<p class=\"wp-block-paragraph\">&nbsp;En la misma postura est\u00e1 la dirigencia de los trabajadores al servicio del gobierno del estado, por cierto, su estrategia ha sido m\u00e1s medi\u00e1tica y pol\u00edtica &#8211;muy efectiva por cierto&#8211;, pero que al parecer el gobierno del estado los ve como actos de debilidad y quiz\u00e1 calcula mal. No lo sabemos.<\/p>\n\n\n\n<p class=\"wp-block-paragraph\">La secci\u00f3n 39 es la que verdaderamente no da color. Ese sindicato merece un an\u00e1lisis aparte por su tendencia a hacer pactos vergonzantes e inmorales en la oscuridad.&nbsp;<\/p>\n\n\n\n<p class=\"wp-block-paragraph\">Por lo pronto la t\u00e1ctica del gobierno de Indi, la in\u00fatil, apunta a ganar tiempo y m\u00e1s tiempo, pues sabe que el tiempo es su mejor aliado, retrasar los procesos y enredarlos es su mejor estrategia porque el dinero no es mucho y adem\u00e1s han visto en el Ipecol una caja chica de donde pueden tomar el dinero de los trabajadores sin que suceda nada y quiz\u00e1 tengan raz\u00f3n, ya que, el art\u00edculo 73 de la Ley de Pensiones tambi\u00e9n dice que este tipo de delitos prescribe a los diez a\u00f1os y como dice el tango si 20 a\u00f1os no son nada, 10 son un segundo.<\/p>\n\n\n\n<p class=\"wp-block-paragraph\">Todo listo para el atraco<\/p>\n\n\n\n<p class=\"wp-block-paragraph\">A los ex gobernadores no les van a cobrar y en diez a\u00f1o prescribir\u00e1n sus responsabilidades, el tiempo corre y los seis a\u00f1os que les regalar\u00e1 Indi es oro molido y m\u00e1s temprano que tarde estar\u00e1n libres de toda culpa. Y los trabajadores habr\u00e1n visto volar su dinero a los bolsillos de los ex gobernadores.&nbsp;<\/p>\n\n\n\n<p class=\"wp-block-paragraph\">En el caso de Indi todo marcha sobre ruedas: el director del Ipecol est\u00e1 trabajando; el fiscal general est\u00e1 a la orden; el fiscal anticorrupci\u00f3n sin novedad; el Congreso listo para voltear hacia otro lado; el \u00fanico que est\u00e1 en veremos es el Poder Judicial, pero ya trabajan en ello, al final de mes cerrar\u00e1n el circulo de la impunidad. Esa Indi sali\u00f3 brava para la asociaci\u00f3n delictuosa.&nbsp;<\/p>\n\n\n\n<p class=\"wp-block-paragraph\">Los trabajadores son los \u00fanicos que pueden salvarse a s\u00ed mismos, ellos tienen la palabra.<\/p>\n<div class=\"fb-background-color\">\n\t\t\t  <div \n\t\t\t  \tclass = \"fb-comments\" \n\t\t\t  \tdata-href = \"https:\/\/diarioavanzada.com.mx\/?p=37818\"\n\t\t\t  \tdata-numposts = \"10\"\n\t\t\t  \tdata-lazy = \"true\"\n\t\t\t\tdata-colorscheme = \"light\"\n\t\t\t\tdata-order-by = \"social\"\n\t\t\t\tdata-mobile=true>\n\t\t\t  <\/div><\/div>\n\t\t  <style>\n\t\t    .fb-background-color {\n\t\t\t\tbackground:  !important;\n\t\t\t}\n\t\t\t.fb_iframe_widget_fluid_desktop iframe {\n\t\t\t    width: 100% !important;\n\t\t\t}\n\t\t  <\/style>\n\t\t  ","protected":false},"excerpt":{"rendered":"<p>Columna El puercoesp\u00edn&nbsp; Todos quieren al Ipecol. Nacho y Mario lo quisieron mucho. Indira quiere mucho al Ipecol. Qu\u00e9 tiene el Instituto de Pensiones de los Servidores P\u00fablicos del Estado de Colima, mejor conocido como Ipecol, que todos los gobernadores le tienen un desmesurado amor. Sucede que tiene dinero, mucho dinero, de los trabajadores que [&hellip;]<\/p>\n","protected":false},"author":9,"featured_media":37819,"comment_status":"closed","ping_status":"closed","sticky":false,"template":"","format":"standard","meta":{"_coblocks_attr":"","_coblocks_dimensions":"","_coblocks_responsive_height":"","_coblocks_accordion_ie_support":"","advanced_seo_description":"","jetpack_seo_html_title":"","jetpack_seo_noindex":false,"jetpack_seo_schema_type":"","_jetpack_newsletter_access":"","_jetpack_dont_email_post_to_subs":false,"_jetpack_newsletter_tier_id":0,"_jetpack_memberships_contains_paywalled_content":false,"_wpcom_ai_launchpad_first_post":false,"_jetpack_feature_clip_id":0,"_jetpack_memberships_contains_paid_content":false,"footnotes":"","jetpack_post_was_ever_published":false},"categories":[19,209,24],"tags":[220,210],"class_list":["post-37818","post","type-post","status-publish","format-standard","has-post-thumbnail","hentry","category-colima","category-importantes","category-opinion","tag-opinion","tag-portada"],"jetpack-related-posts":[],"jetpack_sharing_enabled":true,"amp_enabled":true,"jetpack_featured_media_url":"https:\/\/diarioavanzada.com.mx\/wp-content\/uploads\/2022\/11\/image-54.png","_links":{"self":[{"href":"https:\/\/diarioavanzada.com.mx\/index.php?rest_route=\/wp\/v2\/posts\/37818","targetHints":{"allow":["GET"]}}],"collection":[{"href":"https:\/\/diarioavanzada.com.mx\/index.php?rest_route=\/wp\/v2\/posts"}],"about":[{"href":"https:\/\/diarioavanzada.com.mx\/index.php?rest_route=\/wp\/v2\/types\/post"}],"author":[{"embeddable":true,"href":"https:\/\/diarioavanzada.com.mx\/index.php?rest_route=\/wp\/v2\/users\/9"}],"replies":[{"embeddable":true,"href":"https:\/\/diarioavanzada.com.mx\/index.php?rest_route=%2Fwp%2Fv2%2Fcomments&post=37818"}],"version-history":[{"count":1,"href":"https:\/\/diarioavanzada.com.mx\/index.php?rest_route=\/wp\/v2\/posts\/37818\/revisions"}],"predecessor-version":[{"id":37820,"href":"https:\/\/diarioavanzada.com.mx\/index.php?rest_route=\/wp\/v2\/posts\/37818\/revisions\/37820"}],"wp:featuredmedia":[{"embeddable":true,"href":"https:\/\/diarioavanzada.com.mx\/index.php?rest_route=\/wp\/v2\/media\/37819"}],"wp:attachment":[{"href":"https:\/\/diarioavanzada.com.mx\/index.php?rest_route=%2Fwp%2Fv2%2Fmedia&parent=37818"}],"wp:term":[{"taxonomy":"category","embeddable":true,"href":"https:\/\/diarioavanzada.com.mx\/index.php?rest_route=%2Fwp%2Fv2%2Fcategories&post=37818"},{"taxonomy":"post_tag","embeddable":true,"href":"https:\/\/diarioavanzada.com.mx\/index.php?rest_route=%2Fwp%2Fv2%2Ftags&post=37818"}],"curies":[{"name":"wp","href":"https:\/\/api.w.org\/{rel}","templated":true}]}}