{"id":37431,"date":"2022-10-24T08:37:35","date_gmt":"2022-10-24T13:37:35","guid":{"rendered":"https:\/\/diarioavanzada.com.mx\/?p=37431"},"modified":"2022-10-24T08:44:21","modified_gmt":"2022-10-24T13:44:21","slug":"aviadores-y-corrupcion-en-la-upn-con-el-nuevo-director","status":"publish","type":"post","link":"https:\/\/diarioavanzada.com.mx\/?p=37431","title":{"rendered":"Aviadores y corrupci\u00f3n en la UPN con el nuevo director"},"content":{"rendered":"\n<p class=\"wp-block-paragraph\">Escrito por Sa\u00fal Gonz\u00e1lez Mart\u00ednez.<\/p>\n\n\n\n<p class=\"wp-block-paragraph\">Con el nuevo gobierno que inicio en noviembre el a\u00f1o pasado, muchos colimenses esperaban que \u201cahora si\u201d la gobernadora Indira Vizcaino aplicar\u00e1 la misma receta que ha venido haciendo el presidente Andr\u00e9s Manuel L\u00f3pez Obrador de acabar con la corrupci\u00f3n. Es de conocimiento general que la Secretar\u00eda de Educaci\u00f3n siempre ha prevalecido una gran corrupci\u00f3n, todo Colima sabe de la venta de plazas, profesores que tienen doble y triple turnos, nepotismo, compadrazgo, profesores que aparecen como becarios en el extranjero desde hace d\u00e9cadas, jubilados que regresaron a la SEP y siguen cobrando, aviadores o personal administrativo y docente que cobra sin trabajar y todo tipo de corruptelas.<\/p>\n\n\n\n<p class=\"wp-block-paragraph\">Recientemente fu\u00e9 nombrado nuevo director de la Universidad Pedag\u00f3gica Nacional 061, con sede en Villa de \u00c1lvarez, al profesor Armando Aguilera, quien fue acusado de violar la normatividad administrativa de esta instituci\u00f3n ante el Secretario de Educaci\u00f3n y Cultura Adolfo N\u00fa\u00f1ez Gonz\u00e1lez, por mantener privilegios a su secretaria del turno vespertino, hechos de corrupci\u00f3n, que adem\u00e1s cobra sin asistir a trabajar. Sin embargo, el propio Adolfo N\u00fa\u00f1ez Gonz\u00e1lez, hizo caso omiso y est\u00e1 encubriendo hechos probados de corrupci\u00f3n de parte del nuevo director de la UPN, Armando Aguilera. Si existiera inter\u00e9s por parte del Secretario de Educaci\u00f3n y Cultura, se practicar\u00eda una auditor\u00eda, pues se presume infinidad de irregularidades en esta Universidad.<\/p>\n\n\n\n<p class=\"wp-block-paragraph\">Pero no podemos esperar otra cosa, puesto que el propio secretario <em>\u201ctiene mucha cola que le pisen\u201d<\/em>, porque es igual de corrupto, esto fue denunciado por el diario Avanzada en su edici\u00f3n del lunes 30 de marzo del presente a\u00f1o, en la columna <em>Puercoesp\u00edn<\/em>, que muestra c\u00f3mo este profesor de primaria que&nbsp; de la noche a la ma\u00f1ana lleg\u00f3 a ser Secretario de Educaci\u00f3n y Cultura del estado de Colima, cobra su plaza como maestro de la escuela primaria&nbsp;<em>Ma. Concepci\u00f3n Far\u00edas P\u00e9rez de Le\u00f3n, seg\u00fan clave <\/em>070612E0280100.00671, pero adem\u00e1s cobra como Secretario de Educaci\u00f3n.<\/p>\n\n\n\n<p class=\"wp-block-paragraph\">La normatividad vigente establece <em>que \u201cning\u00fan maestro podr\u00e1 tener tiempos completos, tanto en la federaci\u00f3n como en el estado, pues son incompatibles; pese a ello, un funcionario nombrado por Adolfo N\u00fa\u00f1ez Gonz\u00e1lez, el decente y obediente profesor, y cobra tiempo completo en la UPN y cobra horas por parte del sistema estatal de educaci\u00f3n, cosa que es ilegal e incompatible, pues este sujeto estar\u00eda trabajando las 24 horas del d\u00eda y toda la noche\u201d<\/em>, se\u00f1ala la columna citada del \u201cPuercoespin\u201d.&nbsp;<\/p>\n\n\n\n<p class=\"wp-block-paragraph\">Desafortunadamente estos son los perfiles de los funcionarios de primer nivel que tiene la flamante gobernadora, que adem\u00e1s de ineptos, cometen actos de corrupci\u00f3n con todo cinismo, la propia mandataria en presencia del Secretario de Educaci\u00f3n en el Instituto Superior de Educaci\u00f3n Normal del Estado de&nbsp;Colima (ISENCO), el pasado 2 de mayo envi\u00f3 un mensaje muy esperanzador, afirm\u00f3, dirigi\u00e9ndose a los alumnos del ISENCO <em>\u201custedes son la generaci\u00f3n que se educa para educar a quienes no van a tolerar la corrupci\u00f3n\u201d. <\/em>Todo es un teatro de la gobernadora, al decir que es partidaria de los principios que se rige el presidente L\u00f3pez Obrador, cuando en la pr\u00e1ctica hace todo los posible por encubrir corruptos, empezando por el exgobernador Ignacio Peralta S\u00e1nchez. Incongruencia de la gobernadora que prometi\u00f3 \u201cno robar, no mentir, no traicionar\u201d, imag\u00ednense lectores c\u00f3mo estar\u00e1 su consciencia.<\/p>\n\n\n\n<p class=\"wp-block-paragraph\">S\u00f3lo quienes son honestos pueden combatir la corrupci\u00f3n, porque no tienen \u201ccola\u201d es incomprensible la hipocres\u00eda de quienes en campa\u00f1a pregonaban \u201ccero corrupci\u00f3n\u201d y mintieron, traicionaron a una gran parte del electorado que confi\u00f3, ingenuamente, en su palabra. La gran pregunta que se hacen los colimenses es porqu\u00e9 la gobernadora no act\u00faa contra los corruptos, acaso porque existe un pacto entre ellos, porque se siente amenazada por las consecuencias, \u00bfQu\u00e9 tanto saben esos corruptos como para tenerles miedo y dejarlos impunes? Todas estas preguntas son conjeturas, especulaci\u00f3n, pero lo cierto es que no se combate la corrupci\u00f3n, se tolera, se fomenta, (\u00bfverdad Viridiana?) y existe total impunidad. Las instituciones encargadas de combatirla est\u00e1n de <em>floreros<\/em> y los diputados morenistas en el Congreso del Estado, s\u00f3lo son instrumento, empleados de la gobernadora, porque ella los eligi\u00f3 para que fueran sus incondicionales, no representantes de sus electores. Es un intercambio de favores.\u00a0<\/p>\n\n\n\n<p class=\"wp-block-paragraph\">El caso de corrupci\u00f3n en la UPN, tambi\u00e9n ser\u00e1 un archivo cerrado, a pesar de que ambos profesores Armando Aguilera y Adolfo N\u00fa\u00f1ez son militantes y dirigentes de MORENA en el estado, ni siquiera recibir\u00e1n un apercibimiento o amonestaci\u00f3n. \u00a1Un mundo Feliz!\u00a0<\/p>\n<div class=\"fb-background-color\">\n\t\t\t  <div \n\t\t\t  \tclass = \"fb-comments\" \n\t\t\t  \tdata-href = \"https:\/\/diarioavanzada.com.mx\/?p=37431\"\n\t\t\t  \tdata-numposts = \"10\"\n\t\t\t  \tdata-lazy = \"true\"\n\t\t\t\tdata-colorscheme = \"light\"\n\t\t\t\tdata-order-by = \"social\"\n\t\t\t\tdata-mobile=true>\n\t\t\t  <\/div><\/div>\n\t\t  <style>\n\t\t    .fb-background-color {\n\t\t\t\tbackground:  !important;\n\t\t\t}\n\t\t\t.fb_iframe_widget_fluid_desktop iframe {\n\t\t\t    width: 100% !important;\n\t\t\t}\n\t\t  <\/style>\n\t\t  ","protected":false},"excerpt":{"rendered":"<p>Escrito por Sa\u00fal Gonz\u00e1lez Mart\u00ednez. Con el nuevo gobierno que inicio en noviembre el a\u00f1o pasado, muchos colimenses esperaban que \u201cahora si\u201d la gobernadora Indira Vizcaino aplicar\u00e1 la misma receta que ha venido haciendo el presidente Andr\u00e9s Manuel L\u00f3pez Obrador de acabar con la corrupci\u00f3n. Es de conocimiento general que la Secretar\u00eda de Educaci\u00f3n siempre [&hellip;]<\/p>\n","protected":false},"author":7,"featured_media":37432,"comment_status":"closed","ping_status":"closed","sticky":false,"template":"","format":"standard","meta":{"_coblocks_attr":"","_coblocks_dimensions":"","_coblocks_responsive_height":"","_coblocks_accordion_ie_support":"","_crdt_document":"","advanced_seo_description":"","jetpack_seo_html_title":"","jetpack_seo_noindex":false,"_jetpack_memberships_contains_paid_content":false,"footnotes":""},"categories":[19,209,24],"tags":[220,210],"class_list":["post-37431","post","type-post","status-publish","format-standard","has-post-thumbnail","hentry","category-colima","category-importantes","category-opinion","tag-opinion","tag-portada"],"jetpack_featured_media_url":"https:\/\/diarioavanzada.com.mx\/wp-content\/uploads\/2022\/10\/image-170.png","jetpack-related-posts":[],"jetpack_sharing_enabled":true,"amp_enabled":true,"_links":{"self":[{"href":"https:\/\/diarioavanzada.com.mx\/index.php?rest_route=\/wp\/v2\/posts\/37431","targetHints":{"allow":["GET"]}}],"collection":[{"href":"https:\/\/diarioavanzada.com.mx\/index.php?rest_route=\/wp\/v2\/posts"}],"about":[{"href":"https:\/\/diarioavanzada.com.mx\/index.php?rest_route=\/wp\/v2\/types\/post"}],"author":[{"embeddable":true,"href":"https:\/\/diarioavanzada.com.mx\/index.php?rest_route=\/wp\/v2\/users\/7"}],"replies":[{"embeddable":true,"href":"https:\/\/diarioavanzada.com.mx\/index.php?rest_route=%2Fwp%2Fv2%2Fcomments&post=37431"}],"version-history":[{"count":2,"href":"https:\/\/diarioavanzada.com.mx\/index.php?rest_route=\/wp\/v2\/posts\/37431\/revisions"}],"predecessor-version":[{"id":37434,"href":"https:\/\/diarioavanzada.com.mx\/index.php?rest_route=\/wp\/v2\/posts\/37431\/revisions\/37434"}],"wp:featuredmedia":[{"embeddable":true,"href":"https:\/\/diarioavanzada.com.mx\/index.php?rest_route=\/wp\/v2\/media\/37432"}],"wp:attachment":[{"href":"https:\/\/diarioavanzada.com.mx\/index.php?rest_route=%2Fwp%2Fv2%2Fmedia&parent=37431"}],"wp:term":[{"taxonomy":"category","embeddable":true,"href":"https:\/\/diarioavanzada.com.mx\/index.php?rest_route=%2Fwp%2Fv2%2Fcategories&post=37431"},{"taxonomy":"post_tag","embeddable":true,"href":"https:\/\/diarioavanzada.com.mx\/index.php?rest_route=%2Fwp%2Fv2%2Ftags&post=37431"}],"curies":[{"name":"wp","href":"https:\/\/api.w.org\/{rel}","templated":true}]}}