{"id":37425,"date":"2022-10-24T07:56:44","date_gmt":"2022-10-24T12:56:44","guid":{"rendered":"https:\/\/diarioavanzada.com.mx\/?p=37425"},"modified":"2022-10-24T07:56:52","modified_gmt":"2022-10-24T12:56:52","slug":"camino-empedrado","status":"publish","type":"post","link":"https:\/\/diarioavanzada.com.mx\/?p=37425","title":{"rendered":"Camino empedrado"},"content":{"rendered":"\n<p class=\"wp-block-paragraph\">Columna<\/p>\n\n\n\n<p class=\"wp-block-paragraph\">El puercoesp\u00edn &nbsp;<\/p>\n\n\n\n<p class=\"wp-block-paragraph\">La salud mental y el prepuesto\/\/ En Morena se aferran a los huesos<\/p>\n\n\n\n<p class=\"wp-block-paragraph\">Kathia y la salud mental<\/p>\n\n\n\n<p class=\"wp-block-paragraph\">El camino al infierno est\u00e1 empedrado de buenas intenciones. Una de esas buenas intenciones es la iniciativa de salud metal. El Congreso del estado aprob\u00f3, el 20 de octubre, una iniciativa de ley presentada por la diputada Kathia Zared Castillo&nbsp; para que los ni\u00f1os colimenses reciban apoyo en materia de salud mental. En tiempos de zozobra, como los actuales, es correcto plantear que los ni\u00f1os deban recibir&nbsp; apoyo psicol\u00f3gico para que la calma llegue al seno de la familia, pues el asunto de la seguridad parece no tener fin y m\u00e1s cuando tenemos un Gobierno local que no tiene la voluntad ni las habilidades para enfrentar al crimen organizado.<\/p>\n\n\n\n<p class=\"wp-block-paragraph\">La iniciativa de ley aprobada, entre las modificaciones, destaca la adici\u00f3n de las fracciones 2, 3, 4 y 5 al art\u00edculo 73 de la Ley de Educaci\u00f3n del Estado de Colima, en donde se plantean las acciones que la Secretar\u00eda de Educaci\u00f3n y Cultura del Gobierno del Estado deber\u00e1, entre otras cosas:<\/p>\n\n\n\n<p class=\"wp-block-paragraph\">\u2022&nbsp;&nbsp;&nbsp;&nbsp;&nbsp;&nbsp;&nbsp;&nbsp;&nbsp; Implementar coordinadamente con la Secretar\u00eda de Salud, un programa de salud mental que brinde diagn\u00f3stico, tratamiento, asistencia y a las ni\u00f1as, ni\u00f1os y adolescentes que sean canalizados por aquella, procedentes de un centro escolar para su atenci\u00f3n.<\/p>\n\n\n\n<p class=\"wp-block-paragraph\">\u2022&nbsp;&nbsp;&nbsp;&nbsp;&nbsp;&nbsp;&nbsp;&nbsp;&nbsp; Contar con especialistas en salud mental, que lleven a cabo el diagn\u00f3stico, tamizaje de salud mental y en su caso canalizaci\u00f3n a la Secretar\u00eda de Salud, a fin de procurar el adecuado desarrollo de las ni\u00f1as, ni\u00f1os y adolescentes.<\/p>\n\n\n\n<p class=\"wp-block-paragraph\">\u2022&nbsp;&nbsp;&nbsp;&nbsp;&nbsp;&nbsp;&nbsp;&nbsp;&nbsp; Deber\u00e1n realizar el tamizaje de salud mental por lo menos una vez en el transcurso del ciclo escolar, para lo cual, los especialistas en salud mental deber\u00e1n contar con las herramientas, materiales y tecnolog\u00eda necesaria, proporcionadas coordinadamente por la Secretar\u00eda de Educaci\u00f3n y la Secretar\u00eda de Salud.<\/p>\n\n\n\n<p class=\"wp-block-paragraph\">Aunado a ello, la modificaci\u00f3n a las leyes establece que, si derivado del tamizaje de salud mental, se advierte la necesidad de atenci\u00f3n a la salud mental de alguna ni\u00f1a, ni\u00f1o o adolescente, la autoridad educativa deber\u00e1 informar a quien ejerza la representaci\u00f3n legal del educando y canalizarlo para su atenci\u00f3n a la Secretar\u00eda de Salud, o en caso de ausencia de la persona, se dar\u00e1 vista a la Procuradur\u00eda de Protecci\u00f3n de las ni\u00f1as, ni\u00f1os y adolescentes para que en el \u00e1mbito de sus atribuciones legales lleve a cabo Io conducente.<\/p>\n\n\n\n<p class=\"wp-block-paragraph\">Como puede observarse es demasiado trabajo para un Gobierno estatal atrapado entre la inmovilidad y el no hacer nada.<\/p>\n\n\n\n<p class=\"wp-block-paragraph\"><strong><em>Finalmente, la reforma plantea en los art\u00edculos transitorios que las Secretar\u00edas de Salud y de Educaci\u00f3n y Cultura, considerar\u00e1n progresivamente dentro sus presupuestos, los recursos p\u00fablicos necesarios para el cumplimiento de las obligaciones generadas con el presente Decreto.<\/em><\/strong><\/p>\n\n\n\n<p class=\"wp-block-paragraph\">En esta parte final de la iniciativa es donde los sue\u00f1os se ven truncados. De acuerdo con la forma de actuar del actual Gobierno resulta muy dif\u00edcil que el pr\u00f3ximo a\u00f1o se le aprueben recursos para poder poner en pr\u00e1ctica los deseos de apoyo en materia de salud mental. Tan solo se trata de buenas intenciones y hacer algo para dar la impresi\u00f3n que est\u00e1n trabajando.<\/p>\n\n\n\n<p class=\"wp-block-paragraph\">La salud mental tan solo son buenos deseos de Kathia Castillo. Dice la sabidur\u00eda popular que de buenas intenciones est\u00e1 empedrado el camino al infierno.&nbsp;<\/p>\n\n\n\n<p class=\"wp-block-paragraph\">En Morena se aferran a los huesos<\/p>\n\n\n\n<p class=\"wp-block-paragraph\">El tiempo pasa y los pol\u00edticos y de Morena hacen como que la virgen les habla e ignoran las disposiciones de su Comisi\u00f3n&nbsp; Nacional de Honor y Justicia. A nivel nacional Andrea Ch\u00e1vez, una joven y carism\u00e1tica diputada, deber\u00eda ya haber renunciado y no lo ha hecho, la otra representante popular es la senadora Citlally Hern\u00e1ndez Mora, quien tampoco lo ha hecho, si desean continuar en el Comit\u00e9 Ejecutivo Nacional deber\u00e1n hacerlo. Los tiempos se les cierran y deber\u00e1n tomar decisiones y adem\u00e1s la sociedad los est\u00e1 observado muy de cerca.<\/p>\n\n\n\n<p class=\"wp-block-paragraph\">En Colima est\u00e1n en las mismas condiciones los pol\u00edticos de Morena que consideran que, no escuchar y no acatar las disposiciones de sus \u00f3rganos institucionales, no les provocar\u00e1 ning\u00fan perjuicio ni da\u00f1o pol\u00edtico alguno. La verdad es que de baquetones se pasan y su comportamiento es id\u00e9ntico a los sinverg\u00fcenzas del Prian.<\/p>\n\n\n\n<p class=\"wp-block-paragraph\">En Colima la lista de sinverg\u00fcenzas es extensa: Grecia Navarro trabaja para el Gobierno del estado y sigue all\u00ed; Guillermo Toscano y \u00e1lvaro Lozano son regidores y quieren dobletear; Dulce Huerta, Rosy Bayardo y Jorge Padilla son funcionarios de alto nivel y no se hartan de acumular puesto, en los cuales ni siquiera tiene un m\u00ednimo de eficacia; Yomira Barreto, Sonia Hern\u00e1ndez y Julio Cano son diputados, por cierto muy ineptos y tambi\u00e9n quieren de a dos puestos; y por \u00faltimo est\u00e1 Ren\u00e9 Mac\u00edas.<\/p>\n\n\n\n<p class=\"wp-block-paragraph\">Todos y todas como pol\u00edticos son unos in\u00fatiles y como funcionarios igual. Pero adem\u00e1s quieren tener dos puestos, es decir, que quieren reafirmar su inutilidad e ineptitud, lo que, en t\u00e9rminos llanos significa que solo buscan el poder por el poder.<\/p>\n\n\n\n<p class=\"wp-block-paragraph\">La sociedad est\u00e1 esperando junto con la Comisi\u00f3n Nacional de Honor y Justicia su renuncia a alguno de los dos puestos. \u00bfLo har\u00e1n? Solo dios sabe.&nbsp;<\/p>\n<div class=\"fb-background-color\">\n\t\t\t  <div \n\t\t\t  \tclass = \"fb-comments\" \n\t\t\t  \tdata-href = \"https:\/\/diarioavanzada.com.mx\/?p=37425\"\n\t\t\t  \tdata-numposts = \"10\"\n\t\t\t  \tdata-lazy = \"true\"\n\t\t\t\tdata-colorscheme = \"light\"\n\t\t\t\tdata-order-by = \"social\"\n\t\t\t\tdata-mobile=true>\n\t\t\t  <\/div><\/div>\n\t\t  <style>\n\t\t    .fb-background-color {\n\t\t\t\tbackground:  !important;\n\t\t\t}\n\t\t\t.fb_iframe_widget_fluid_desktop iframe {\n\t\t\t    width: 100% !important;\n\t\t\t}\n\t\t  <\/style>\n\t\t  ","protected":false},"excerpt":{"rendered":"<p>Columna El puercoesp\u00edn &nbsp; La salud mental y el prepuesto\/\/ En Morena se aferran a los huesos Kathia y la salud mental El camino al infierno est\u00e1 empedrado de buenas intenciones. Una de esas buenas intenciones es la iniciativa de salud metal. El Congreso del estado aprob\u00f3, el 20 de octubre, una iniciativa de ley [&hellip;]<\/p>\n","protected":false},"author":9,"featured_media":37426,"comment_status":"closed","ping_status":"closed","sticky":false,"template":"","format":"standard","meta":{"_coblocks_attr":"","_coblocks_dimensions":"","_coblocks_responsive_height":"","_coblocks_accordion_ie_support":"","advanced_seo_description":"","jetpack_seo_html_title":"","jetpack_seo_noindex":false,"jetpack_seo_schema_type":"","_jetpack_newsletter_access":"","_jetpack_dont_email_post_to_subs":false,"_jetpack_newsletter_tier_id":0,"_jetpack_memberships_contains_paywalled_content":false,"_wpcom_ai_launchpad_first_post":false,"_jetpack_feature_clip_id":0,"_jetpack_memberships_contains_paid_content":false,"footnotes":"","jetpack_post_was_ever_published":false},"categories":[19,209,24],"tags":[220,210],"class_list":["post-37425","post","type-post","status-publish","format-standard","has-post-thumbnail","hentry","category-colima","category-importantes","category-opinion","tag-opinion","tag-portada"],"jetpack-related-posts":[],"jetpack_sharing_enabled":true,"amp_enabled":true,"jetpack_featured_media_url":"https:\/\/diarioavanzada.com.mx\/wp-content\/uploads\/2022\/10\/image-168.png","_links":{"self":[{"href":"https:\/\/diarioavanzada.com.mx\/index.php?rest_route=\/wp\/v2\/posts\/37425","targetHints":{"allow":["GET"]}}],"collection":[{"href":"https:\/\/diarioavanzada.com.mx\/index.php?rest_route=\/wp\/v2\/posts"}],"about":[{"href":"https:\/\/diarioavanzada.com.mx\/index.php?rest_route=\/wp\/v2\/types\/post"}],"author":[{"embeddable":true,"href":"https:\/\/diarioavanzada.com.mx\/index.php?rest_route=\/wp\/v2\/users\/9"}],"replies":[{"embeddable":true,"href":"https:\/\/diarioavanzada.com.mx\/index.php?rest_route=%2Fwp%2Fv2%2Fcomments&post=37425"}],"version-history":[{"count":1,"href":"https:\/\/diarioavanzada.com.mx\/index.php?rest_route=\/wp\/v2\/posts\/37425\/revisions"}],"predecessor-version":[{"id":37427,"href":"https:\/\/diarioavanzada.com.mx\/index.php?rest_route=\/wp\/v2\/posts\/37425\/revisions\/37427"}],"wp:featuredmedia":[{"embeddable":true,"href":"https:\/\/diarioavanzada.com.mx\/index.php?rest_route=\/wp\/v2\/media\/37426"}],"wp:attachment":[{"href":"https:\/\/diarioavanzada.com.mx\/index.php?rest_route=%2Fwp%2Fv2%2Fmedia&parent=37425"}],"wp:term":[{"taxonomy":"category","embeddable":true,"href":"https:\/\/diarioavanzada.com.mx\/index.php?rest_route=%2Fwp%2Fv2%2Fcategories&post=37425"},{"taxonomy":"post_tag","embeddable":true,"href":"https:\/\/diarioavanzada.com.mx\/index.php?rest_route=%2Fwp%2Fv2%2Ftags&post=37425"}],"curies":[{"name":"wp","href":"https:\/\/api.w.org\/{rel}","templated":true}]}}