{"id":37262,"date":"2022-10-18T07:19:44","date_gmt":"2022-10-18T12:19:44","guid":{"rendered":"https:\/\/diarioavanzada.com.mx\/?p=37262"},"modified":"2022-10-18T07:24:25","modified_gmt":"2022-10-18T12:24:25","slug":"finanzas-fracaso-y-frivolidad","status":"publish","type":"post","link":"https:\/\/diarioavanzada.com.mx\/?p=37262","title":{"rendered":"Finanzas: fracaso y frivolidad"},"content":{"rendered":"\n<p class=\"wp-block-paragraph\">Columna<\/p>\n\n\n\n<p class=\"wp-block-paragraph\">El puercoesp\u00edn&nbsp;<\/p>\n\n\n\n<p class=\"wp-block-paragraph\">Entre Lupe Sol\u00eds, Emiliano Zizumbo, Viridiana Valencia, V\u00edctor Manuel Torrero Enr\u00edquez y Rosy Bayardo Cabrera existe una lucha a muerte por ser el peor funcionario p\u00fablico de la administraci\u00f3n de Indira, o dicho de otra manera, es la lucha por encarnar el ideal de Indi: el perfecto in\u00fatil.&nbsp;<\/p>\n\n\n\n<p class=\"wp-block-paragraph\">El problema de las Finanzas P\u00fablicas es a la par de la Seguridad P\u00fablica el otro problema toral de la administraci\u00f3n estatal.<\/p>\n\n\n\n<p class=\"wp-block-paragraph\">Victor M. Torrero el secretario de la Administraci\u00f3n que lleg\u00f3 a su puesto no por recomendaciones del centro, como yo lo supon\u00eda, sino como el pago de un favor. \u00e9l insisti\u00f3 y elabor\u00f3 la declaraci\u00f3n del gasto de campa\u00f1a e informes financieros ante el Instituto Electoral del Estado de Colima hecho que salv\u00f3 a Indira de una fuerte sanci\u00f3n e incluso la inhabilitaci\u00f3n como candidata. Con esta acci\u00f3n Torrero se gan\u00f3 el puesto y el desastre en que tiene actualmente&nbsp; su secretar\u00eda tambi\u00e9n es su m\u00e9rito.<\/p>\n\n\n\n<p class=\"wp-block-paragraph\">Torrero primero enfrento el impago a los trabajadores ordenado por Nacho, la soluci\u00f3n coyuntural fue el adelanto de participaciones federales a Nacho que ya correspond\u00edan a la nueva administraci\u00f3n (se pate\u00f3 el bote).<\/p>\n\n\n\n<p class=\"wp-block-paragraph\">Ya en la administraci\u00f3n de Indi el endeudamiento ha sido la \u201cestrategia de soluci\u00f3n\u201d a corto y mediano plazos. El Congreso le autoriz\u00f3 una l\u00ednea de cr\u00e9dito de hasta 1000 millones de pesos donde se conoce que se han hecho uso de aproximadamente 860 millones de pesos; por lo tanto, no es descartable y casi seguro que para hacer frente a los compromisos de fin de a\u00f1o se tenga que recurrir al adelanto de participaciones federales y se pida un aumento en la l\u00ednea de cr\u00e9dito al Congreso.<\/p>\n\n\n\n<p class=\"wp-block-paragraph\">Por otro lado, los pasivos producto del cr\u00e9ditos fiscal frente al SAT son toda una incertidumbre, pues no se ha informado nada al respecto y hasta la misma gobernadora desconoce hasta cu\u00e1nto se paga mensualmente y el monto total. El quebranto financiero fue, en su momento, el problema n\u00famero uno y la gobernadora ni la informaci\u00f3n domina. Eso s\u00ed es preocupante, pues olv\u00eddense ustedes que se est\u00e9 construyendo una estrategia financiera.<\/p>\n\n\n\n<p class=\"wp-block-paragraph\">La gobernadora tiene un manejo poco claro de las finanzas y nulo dominio del tema que ha dejado ver en sus Di\u00e1logos por la Transformaci\u00f3n que resulta inadmisible tanto descuido e indolencia en el manejo del problema.<\/p>\n\n\n\n<p class=\"wp-block-paragraph\">V.M. Torrero ha confrontado a los l\u00edderes sindicales con poco tacto pol\u00edtico y ha ofendido a la base trabajadora sin necesidad justificada. El resultado es una crisis laboral donde lo \u00fanico cierto, hasta ahora, es un viejo l\u00edder sindical al borde de la jubilaci\u00f3n pol\u00edtica renovado y reivindicado ante sus bases gremiales y, a sus opositores, los ha tenido que rescatar Torrero, brind\u00e1ndole jugosos salarios inmerecidos e injustificados (en tiempos de austeridad) solo entendidos como compra de lealtades.<\/p>\n\n\n\n<p class=\"wp-block-paragraph\">Como estrategia, V.M. Torrero, prometi\u00f3 y convoc\u00f3 a la sociedad a la sociedad a opinar acerca de lo justo o injusto de las demandas salarias de los trabajadores al servicio del gobierno del estado. Su convocatoria qued\u00f3 en eso en una promesa, jam\u00e1s instrument\u00f3 la consulta y solo ha guardado un ominoso silencio. Bien sabe que perder\u00eda la consulta o cuando menos eso imagina \u00e9l.<\/p>\n\n\n\n<p class=\"wp-block-paragraph\">El Ipecol, en manos de Lutero, no ha recuperado su capacidad financiera y no hay se\u00f1ales, mucho menos informaci\u00f3n s\u00f3lida que indique que se est\u00e9 en el camino de la recuperaci\u00f3n financiera.<\/p>\n\n\n\n<p class=\"wp-block-paragraph\">El impresentable de Hugo V\u00e1zquez sigue al frente del Ipecol y su recuperaci\u00f3n sigue siendo un misterio.<\/p>\n\n\n\n<p class=\"wp-block-paragraph\">Torrero tiene al estado entre la incertidumbre y el desasosiego. Lo \u00fanico cierto es: el sindicato sigue documentando sistem\u00e1tica y profesionalmente su disputa laboral con el gobierno del estado; el Gobierno del estado est\u00e1 siguiendo la ruta del endeudamiento&nbsp; continuo &#8211;lo que se le critic\u00f3 a Nacho lo est\u00e1n haciendo&#8211; (lo m\u00e1s cierto es que al final del a\u00f1o el gobierno ya habr\u00e1 hecho uso de la l\u00ednea de cr\u00e9dito de hasta 1000 millones de pesos y quiz\u00e1 ampl\u00ede la l\u00ednea crediticia); no hay informaci\u00f3n ni indicios que se est\u00e9 pagando y estabilizando los pasivos producto del cr\u00e9dito fiscal abierto por el SAT; el gasto corriente sigue creciendo entre los altos funcionarios y contrataci\u00f3n de asesores, por tanto, todo indica que al final del a\u00f1o se pedir\u00e1n adelanto de participaciones, es decir, el problema pervivir\u00e1 &#8211;corregido y aumentado para el 2023&#8211;.<\/p>\n\n\n\n<p class=\"wp-block-paragraph\">Conclusi\u00f3n: no hay plan para sanear las finanzas y si lo hay no hay indicios que demuestren que est\u00e1 dando resultados. Las finanzas contin\u00faan por la v\u00eda de la bancarrota.<\/p>\n\n\n\n<p class=\"wp-block-paragraph\">La frivolidad es primero<\/p>\n\n\n\n<p class=\"wp-block-paragraph\">Mientras tanto la fr\u00edvola e in\u00fatil de Rosy Bayardo sigue concretizando lo peor del gobierno y sus funcionarios.<\/p>\n\n\n\n<p class=\"wp-block-paragraph\">Morena por definici\u00f3n y acci\u00f3n es un partido anticlasista y antirracista; sin embargo, Rosy opina lo contrario para ella el clasismo es primero. Su perro cuenta aparte.<\/p>\n\n\n\n<p class=\"wp-block-paragraph\">Bayardo usa a sus asistentes como servidumbre del siglo XVIII; los usa para que carguen sus objetos personales, cartera, portafolios, entre otras cosas, porque ella tiene que atender a su querido perro.<\/p>\n\n\n\n<p class=\"wp-block-paragraph\">A Rosy Bayardo Dios la catig\u00f3, mientras Morena combate el clasismo y el racismo Rosy Bayardo la dirigente de Morena VIP muy racista y clasista, partidaria de la servidumbre humana que la convierten en la funcionaria p\u00fablica y dirigente del partido <strong>totalmente palacio<\/strong> (no olvidemos que a pesar de ser funcionaria p\u00fablica fue electa consejera en el partido). Es la funcionaria cuyo lema es: antes muerta que sencilla.<\/p>\n\n\n\n<p class=\"wp-block-paragraph\">Su labor es tan marginal que, el d\u00eda 13 de octubre, cuando se presentaron los inversionistas que llevar\u00e1n a cabo el pr\u00f3xima a\u00f1o inversiones en Colima, ella estuvo ausente. En el 2022 no se supo de inversi\u00f3n alguna y ya se anuncian los proyectos del 23 y la secretaria de Fomento Econ\u00f3mico brilla por su ausencia.\u00a0<\/p>\n\n\n\n<p class=\"wp-block-paragraph\">\u00bfEstar\u00eda enfermo su perrito?<\/p>\n\n\n\n<p class=\"wp-block-paragraph\">Torrero demostr\u00f3 que es un in\u00fatil que durante el proceso de entrega-recepci\u00f3n (cuatro meses) y este primer a\u00f1o de gobierno demostr\u00f3 contundentemente una cosa: es un in\u00fatil.<\/p>\n\n\n\n<p class=\"wp-block-paragraph\">Torrero el in\u00fatil de la Administracion y Finanzas.<\/p>\n\n\n\n<p class=\"wp-block-paragraph\">Rosy Bayardo es la inutil y clasista de la Secretaria de Fomento Econ\u00f3mico&nbsp; que encarna el perfil favorito de Indira.<\/p>\n\n\n\n<p class=\"wp-block-paragraph\">Las finanzas son un desastre y la promoci\u00f3n econ\u00f3mica es cero.&nbsp;<\/p>\n\n\n\n<p class=\"wp-block-paragraph\">Torrero, el in\u00fatil; Rosy, la in\u00fatil;&nbsp; e Indi la in\u00fatil.<\/p>\n\n\n\n<p class=\"wp-block-paragraph\">As\u00ed las cosas en Colima.\u00a0<\/p>\n<div class=\"fb-background-color\">\n\t\t\t  <div \n\t\t\t  \tclass = \"fb-comments\" \n\t\t\t  \tdata-href = \"https:\/\/diarioavanzada.com.mx\/?p=37262\"\n\t\t\t  \tdata-numposts = \"10\"\n\t\t\t  \tdata-lazy = \"true\"\n\t\t\t\tdata-colorscheme = \"light\"\n\t\t\t\tdata-order-by = \"social\"\n\t\t\t\tdata-mobile=true>\n\t\t\t  <\/div><\/div>\n\t\t  <style>\n\t\t    .fb-background-color {\n\t\t\t\tbackground:  !important;\n\t\t\t}\n\t\t\t.fb_iframe_widget_fluid_desktop iframe {\n\t\t\t    width: 100% !important;\n\t\t\t}\n\t\t  <\/style>\n\t\t  ","protected":false},"excerpt":{"rendered":"<p>Columna El puercoesp\u00edn&nbsp; Entre Lupe Sol\u00eds, Emiliano Zizumbo, Viridiana Valencia, V\u00edctor Manuel Torrero Enr\u00edquez y Rosy Bayardo Cabrera existe una lucha a muerte por ser el peor funcionario p\u00fablico de la administraci\u00f3n de Indira, o dicho de otra manera, es la lucha por encarnar el ideal de Indi: el perfecto in\u00fatil.&nbsp; El problema de las [&hellip;]<\/p>\n","protected":false},"author":9,"featured_media":37265,"comment_status":"closed","ping_status":"closed","sticky":false,"template":"","format":"standard","meta":{"_coblocks_attr":"","_coblocks_dimensions":"","_coblocks_responsive_height":"","_coblocks_accordion_ie_support":"","advanced_seo_description":"","jetpack_seo_html_title":"","jetpack_seo_noindex":false,"jetpack_seo_schema_type":"","_jetpack_newsletter_access":"","_jetpack_dont_email_post_to_subs":false,"_jetpack_newsletter_tier_id":0,"_jetpack_memberships_contains_paywalled_content":false,"_wpcom_ai_launchpad_first_post":false,"_jetpack_feature_clip_id":0,"_jetpack_memberships_contains_paid_content":false,"footnotes":"","jetpack_post_was_ever_published":false},"categories":[19,209],"tags":[220,210],"class_list":["post-37262","post","type-post","status-publish","format-standard","has-post-thumbnail","hentry","category-colima","category-importantes","tag-opinion","tag-portada"],"jetpack-related-posts":[],"jetpack_sharing_enabled":true,"amp_enabled":true,"jetpack_featured_media_url":"https:\/\/diarioavanzada.com.mx\/wp-content\/uploads\/2022\/10\/image-114.png","_links":{"self":[{"href":"https:\/\/diarioavanzada.com.mx\/index.php?rest_route=\/wp\/v2\/posts\/37262","targetHints":{"allow":["GET"]}}],"collection":[{"href":"https:\/\/diarioavanzada.com.mx\/index.php?rest_route=\/wp\/v2\/posts"}],"about":[{"href":"https:\/\/diarioavanzada.com.mx\/index.php?rest_route=\/wp\/v2\/types\/post"}],"author":[{"embeddable":true,"href":"https:\/\/diarioavanzada.com.mx\/index.php?rest_route=\/wp\/v2\/users\/9"}],"replies":[{"embeddable":true,"href":"https:\/\/diarioavanzada.com.mx\/index.php?rest_route=%2Fwp%2Fv2%2Fcomments&post=37262"}],"version-history":[{"count":2,"href":"https:\/\/diarioavanzada.com.mx\/index.php?rest_route=\/wp\/v2\/posts\/37262\/revisions"}],"predecessor-version":[{"id":37266,"href":"https:\/\/diarioavanzada.com.mx\/index.php?rest_route=\/wp\/v2\/posts\/37262\/revisions\/37266"}],"wp:featuredmedia":[{"embeddable":true,"href":"https:\/\/diarioavanzada.com.mx\/index.php?rest_route=\/wp\/v2\/media\/37265"}],"wp:attachment":[{"href":"https:\/\/diarioavanzada.com.mx\/index.php?rest_route=%2Fwp%2Fv2%2Fmedia&parent=37262"}],"wp:term":[{"taxonomy":"category","embeddable":true,"href":"https:\/\/diarioavanzada.com.mx\/index.php?rest_route=%2Fwp%2Fv2%2Fcategories&post=37262"},{"taxonomy":"post_tag","embeddable":true,"href":"https:\/\/diarioavanzada.com.mx\/index.php?rest_route=%2Fwp%2Fv2%2Ftags&post=37262"}],"curies":[{"name":"wp","href":"https:\/\/api.w.org\/{rel}","templated":true}]}}