{"id":37235,"date":"2022-10-13T12:06:02","date_gmt":"2022-10-13T17:06:02","guid":{"rendered":"https:\/\/diarioavanzada.com.mx\/?p=37235"},"modified":"2022-10-13T12:06:25","modified_gmt":"2022-10-13T17:06:25","slug":"despues-de-70-asesinatos-de-mujeres-fiscalia-crea-unidad-para-perseguir-y-sancionar-a-feminicidas","status":"publish","type":"post","link":"https:\/\/diarioavanzada.com.mx\/?p=37235","title":{"rendered":"Despu\u00e9s de 70 asesinatos de mujeres, Fiscal\u00eda crea unidad para perseguir y sancionar a feminicidas"},"content":{"rendered":"\n<p class=\"wp-block-paragraph\">Colima, M\u00e9xico, Avanzada (15\/10\/2022).- Despu\u00e9s de 70 asesinatos de mujeres en lo que va del a\u00f1o, entre ellas ni\u00f1as de entre 12 y 15 a\u00f1os de edad, la Fiscal\u00eda General del Estado instaur\u00f3 la Unidad Especializada para la investigaci\u00f3n y persecuci\u00f3n del Feminicidio y otras muertes violentas de mujeres, ni\u00f1as y adolescentes de Colima.<\/p>\n\n\n\n<p class=\"wp-block-paragraph\">Seg\u00fan el acuerdo publicado en el Peri\u00f3dico Oficial del Estado, la nueva unidad deber\u00e1 contar con personal capacitado y con presupuesto, para investigar y sancionar los feminicidios.<\/p>\n\n\n\n<p class=\"wp-block-paragraph\">La organizaci\u00f3n \u201cImpunidad Cero\u201d document\u00f3 que en Colima el 80 por ciento de los feminicidios quedan en la impunidad. Mientras que el INEGI advirti\u00f3 que desde 2013 se han quintuplicado los asesinatos de mujeres en el estado.<\/p>\n\n\n\n<p class=\"wp-block-paragraph\">La nueva Unidad que investigar\u00e1 los asesinatos de mujeres depender\u00e1 de la Fiscal\u00eda Especializada en Delitos por Razones de G\u00e9nero y Trata de Personas; adem\u00e1s de que tendr\u00e1 a su cargo la investigaci\u00f3n y persecuci\u00f3n del delito de feminicidio y otras muertes violentas de mujeres.<\/p>\n\n\n\n<p class=\"wp-block-paragraph\">Tendr\u00e1 competencia para conocer, integrar y diligenciar los asuntos de su competencia y deber\u00e1 realizarlo de oficio, es decir, independientemente de si hay alguna denuncia penal interpuesta por alg\u00fan particular.<\/p>\n\n\n\n<p class=\"wp-block-paragraph\">Refiere que la investigaci\u00f3n deber\u00e1 apegarse en todo momento al Protocolo de Actuaci\u00f3n con Perspectiva de G\u00e9nero de la FGE, para la investigaci\u00f3n del delito de feminicidio, publicado en el Peri\u00f3dico Oficial El Estado de Colima, el 14 de diciembre de 2019.&nbsp;<\/p>\n\n\n\n<p class=\"wp-block-paragraph\">El Fiscal General, Bryant Garc\u00eda ser\u00e1 el encargado de nombrar a la persona titular de la Unidad y deber\u00e1 ser un Agente del Ministerio P\u00fablico, quien contar\u00e1 con los Agentes del MP, Secretarios Auxiliares, Peritos, Agentes de la Polic\u00eda Investigadora, as\u00ed como personal que se requiera para el cumplimiento y fin de sus funciones.&nbsp;<\/p>\n<div class=\"fb-background-color\">\n\t\t\t  <div \n\t\t\t  \tclass = \"fb-comments\" \n\t\t\t  \tdata-href = \"https:\/\/diarioavanzada.com.mx\/?p=37235\"\n\t\t\t  \tdata-numposts = \"10\"\n\t\t\t  \tdata-lazy = \"true\"\n\t\t\t\tdata-colorscheme = \"light\"\n\t\t\t\tdata-order-by = \"social\"\n\t\t\t\tdata-mobile=true>\n\t\t\t  <\/div><\/div>\n\t\t  <style>\n\t\t    .fb-background-color {\n\t\t\t\tbackground:  !important;\n\t\t\t}\n\t\t\t.fb_iframe_widget_fluid_desktop iframe {\n\t\t\t    width: 100% !important;\n\t\t\t}\n\t\t  <\/style>\n\t\t  ","protected":false},"excerpt":{"rendered":"<p>Colima, M\u00e9xico, Avanzada (15\/10\/2022).- Despu\u00e9s de 70 asesinatos de mujeres en lo que va del a\u00f1o, entre ellas ni\u00f1as de entre 12 y 15 a\u00f1os de edad, la Fiscal\u00eda General del Estado instaur\u00f3 la Unidad Especializada para la investigaci\u00f3n y persecuci\u00f3n del Feminicidio y otras muertes violentas de mujeres, ni\u00f1as y adolescentes de Colima. Seg\u00fan [&hellip;]<\/p>\n","protected":false},"author":5,"featured_media":10720,"comment_status":"closed","ping_status":"closed","sticky":false,"template":"","format":"standard","meta":{"_coblocks_attr":"","_coblocks_dimensions":"","_coblocks_responsive_height":"","_coblocks_accordion_ie_support":"","_crdt_document":"","advanced_seo_description":"","jetpack_seo_html_title":"","jetpack_seo_noindex":false,"_jetpack_memberships_contains_paid_content":false,"footnotes":""},"categories":[19,209],"tags":[210],"class_list":["post-37235","post","type-post","status-publish","format-standard","has-post-thumbnail","hentry","category-colima","category-importantes","tag-portada"],"jetpack_featured_media_url":"https:\/\/diarioavanzada.com.mx\/wp-content\/uploads\/2020\/02\/01-27-feminicidios.png","jetpack-related-posts":[],"jetpack_sharing_enabled":true,"amp_enabled":true,"_links":{"self":[{"href":"https:\/\/diarioavanzada.com.mx\/index.php?rest_route=\/wp\/v2\/posts\/37235","targetHints":{"allow":["GET"]}}],"collection":[{"href":"https:\/\/diarioavanzada.com.mx\/index.php?rest_route=\/wp\/v2\/posts"}],"about":[{"href":"https:\/\/diarioavanzada.com.mx\/index.php?rest_route=\/wp\/v2\/types\/post"}],"author":[{"embeddable":true,"href":"https:\/\/diarioavanzada.com.mx\/index.php?rest_route=\/wp\/v2\/users\/5"}],"replies":[{"embeddable":true,"href":"https:\/\/diarioavanzada.com.mx\/index.php?rest_route=%2Fwp%2Fv2%2Fcomments&post=37235"}],"version-history":[{"count":1,"href":"https:\/\/diarioavanzada.com.mx\/index.php?rest_route=\/wp\/v2\/posts\/37235\/revisions"}],"predecessor-version":[{"id":37236,"href":"https:\/\/diarioavanzada.com.mx\/index.php?rest_route=\/wp\/v2\/posts\/37235\/revisions\/37236"}],"wp:featuredmedia":[{"embeddable":true,"href":"https:\/\/diarioavanzada.com.mx\/index.php?rest_route=\/wp\/v2\/media\/10720"}],"wp:attachment":[{"href":"https:\/\/diarioavanzada.com.mx\/index.php?rest_route=%2Fwp%2Fv2%2Fmedia&parent=37235"}],"wp:term":[{"taxonomy":"category","embeddable":true,"href":"https:\/\/diarioavanzada.com.mx\/index.php?rest_route=%2Fwp%2Fv2%2Fcategories&post=37235"},{"taxonomy":"post_tag","embeddable":true,"href":"https:\/\/diarioavanzada.com.mx\/index.php?rest_route=%2Fwp%2Fv2%2Ftags&post=37235"}],"curies":[{"name":"wp","href":"https:\/\/api.w.org\/{rel}","templated":true}]}}