{"id":37170,"date":"2022-10-13T07:59:46","date_gmt":"2022-10-13T12:59:46","guid":{"rendered":"https:\/\/diarioavanzada.com.mx\/?p=37170"},"modified":"2022-10-13T08:17:47","modified_gmt":"2022-10-13T13:17:47","slug":"el-muro-de-los-insultos-la-estrategia-secreta-mas-publica","status":"publish","type":"post","link":"https:\/\/diarioavanzada.com.mx\/?p=37170","title":{"rendered":"El muro de los insultos: la estrategia secreta m\u00e1s p\u00fablica"},"content":{"rendered":"\n<p class=\"wp-block-paragraph\">Columna<\/p>\n\n\n\n<p class=\"wp-block-paragraph\">El puercoesp\u00edn&nbsp;<\/p>\n\n\n\n<p class=\"wp-block-paragraph\">El muro de las mentadas de madre<\/p>\n\n\n\n<p class=\"wp-block-paragraph\">El muro de los insultos, inaugurado en el Congreso del Estado por Viridiana Valencia &#8211;cr\u00e9ditos a quien los merece&#8211;, fue llevado a los terrenos de las redes sociales para ofender, proyectar su odio, descargar su frustraci\u00f3n, torcer la verdad, mentir y&nbsp; calumniar; la estrategia del insulto y la propagaci\u00f3n del odio solo es equiparable con los insultos, bajeza y guerra de odio impulsada por Lilly T\u00e9llez, G\u00e1lvez y L\u00f3pez Rabad\u00e1n en la derecha de, antes, <strong>Va por M\u00e9xico,<\/strong> hoy, <strong>Unidos<\/strong>. Indira se da la mano, al compartir estrategias pol\u00edticas mediocres, con la derecha m\u00e1s mediocre y promotora del odio.&nbsp;<\/p>\n\n\n\n<p class=\"wp-block-paragraph\">El muro de los insulto, usados como estrategia pol\u00edtica del gobierno de Indira, la in\u00fatil, es un m\u00e9todo que renuncia a las ideas y el manejo de los argumentos para contrarrestar las cr\u00edticas a su gobierno y sus acciones. Cero ideas, cero argumentos contiene su estrategia de insultos y descalificaciones.<\/p>\n\n\n\n<p class=\"wp-block-paragraph\">Un gobierno mediocre y fracasado le resulta caro a un pueblo que lo tiene. No cabe duda que Viri Valencia result\u00f3 toda una estratega pol\u00edtica y est\u00e1 haciendo escuela en un gobierno fracasado que no encuentra la punta de la madeja.<\/p>\n\n\n\n<p class=\"wp-block-paragraph\">Ante la incapacidad de enfrentar con argumento a sus cr\u00edticos el gobierno de Indira opt\u00f3 por formar un equipo de personeros en las redes y de bots para atacar cualquier publicaci\u00f3n que ellos consideran hostil a su gobierno.&nbsp;<\/p>\n\n\n\n<p class=\"wp-block-paragraph\">Cualquier opinador, analista pol\u00edtico o cr\u00edtico de la vida p\u00fablica colimota est\u00e1n siendo atacados por los personeros y bots que est\u00e1n, por cierto, siendo muy&nbsp; bien pagados por un gobierno que no levanta que no da una. Indira decidi\u00f3 pagar miles de pesos para que personeros ataquen cualquier opini\u00f3n contraria a sus actos de gobierno o propuestas del mismo, ellos cometen los errores y pretenden callarlos por medio del insulto y la descalificaci\u00f3n, incluso usan y alientan provocaciones de funcionarios de tercer y cuarto niveles para insultar y luego victimizarse, pero su estrategia resulta ramplona y predecible, no por ello menos ofensiva.<\/p>\n\n\n\n<p class=\"wp-block-paragraph\">Ya nos est\u00e1 saliendo caro este gobierno mediocre y fracasado. &nbsp;<\/p>\n\n\n\n<p class=\"wp-block-paragraph\">El problema para ellos es c\u00f3mo defender un proyecto que no existe, c\u00f3mo defender una l\u00ednea o agenda pol\u00edtica que no existe, c\u00f3mo defender lo indefendible, c\u00f3mo defender el fracaso tangible.<\/p>\n\n\n\n<p class=\"wp-block-paragraph\">Cae, cae, cae<\/p>\n\n\n\n<p class=\"wp-block-paragraph\">Desde su segundo mes como gobernadora Indira ha estado en los \u00faltimos lugares de aprobaci\u00f3n de entre los 32 estados de la Rep\u00fablica. Ha ido invicta en los \u00faltimos cinco lugares del listado nacional.<\/p>\n\n\n\n<p class=\"wp-block-paragraph\">Ni pagando asesores que manejan las redes sociales han podido generar una m\u00ednima buena opini\u00f3n entre los colimenses. La buena opini\u00f3n de su gobierno no va m\u00e1s all\u00e1 de su c\u00edrculo de apoyadores (funcionarios y beneficiarios directos) que cada vez es m\u00e1s reducido.<\/p>\n\n\n\n<p class=\"wp-block-paragraph\">La confianza la ha perdido porque carece de acciones pol\u00edticas y de cuadros pol\u00edticos que las impulsen, as\u00ed de sencillo; sin embargo, desde el gobierno se empe\u00f1an en ver el problema como un problema de manejo de imagen p\u00fablica que, para agravar el problema, pretenden estos asesores, carentes de escr\u00fapulos, ver el problema en los otros y no en ellos. Estos asesores lo \u00fanico que han demostrado en estos primeros meses de gobierno es que carecen de ideas, imaginaci\u00f3n y talento. Nada de lo anterior se les da en lo m\u00e1s m\u00ednimo. Lo han acreditado abrumadoramente.<\/p>\n\n\n\n<p class=\"wp-block-paragraph\">Es tal el fracaso de estos insultadores profesionales a trav\u00e9s de las redes sociales que, actualmente, su jefa se encuentra en el lugar 28 de 32 gobernadores, y lo m\u00e1s grave, ya est\u00e1 impactando en la popularidad y confianza del presidente Andr\u00e9s Manuel L\u00f3pez Obrador. En julio el presidente ten\u00eda, en Colima, una aprobaci\u00f3n del 56.7 %, en agosto baj\u00f3 a 50 % y en septiembre se encuentra en 47.9 %. De la gobernadora, ni hablar, ella anda de entre el 39 y 41 % de aceptaci\u00f3n, es decir, ella est\u00e1 acostumbr\u00e1ndose ya a los bajos \u00edndices de aprobaci\u00f3n. Los s\u00f3tanos de las encuestas de confianza son sus lugares naturales.<\/p>\n\n\n\n<p class=\"wp-block-paragraph\">La desesperaci\u00f3n de sus asesores est\u00e1 fundada porque no logran contrarrestar la mala percepci\u00f3n de los colimenses de su gobierno. Malos asesores para mejor la imagen, buenos para cobrar por sus servicios. Los ciudadanos somos los que terminamos siendo los m\u00e1s afectados, pues perdemos en todos los sentidos, pues tenemos un p\u00e9simo gobierno y caro los servicios de sus funcionarios.<\/p>\n\n\n\n<p class=\"wp-block-paragraph\">Sus asesores y ella no entienden que su problema no es de imagen sino pol\u00edtico. Su problema pol\u00edtico est\u00e1 en dos \u00e1reas fundamentales: las Finanzas y la Seguridad P\u00fablica. Si no los atiende urgentemente seguiremos&nbsp; en la inercia de la nada y transitando&nbsp; por la ruta del fracaso.&nbsp;<\/p>\n\n\n\n<p class=\"wp-block-paragraph\">El presidente est\u00e1 asumiendo las p\u00e9rdidas que est\u00e1 provocando las malas acciones del gobierno de Indira y su ide\u00f3loga Viridiana Valencia, la te\u00f3rica del insulto preciso.&nbsp;<\/p>\n\n\n\n<p class=\"wp-block-paragraph\">La reputaci\u00f3n de la Cuarta Transformaci\u00f3n, en Colima, se forma a partir de los resultados del gobierno de Indira, los datos duros de las encuestan lo confirman.<\/p>\n<div class=\"fb-background-color\">\n\t\t\t  <div \n\t\t\t  \tclass = \"fb-comments\" \n\t\t\t  \tdata-href = \"https:\/\/diarioavanzada.com.mx\/?p=37170\"\n\t\t\t  \tdata-numposts = \"10\"\n\t\t\t  \tdata-lazy = \"true\"\n\t\t\t\tdata-colorscheme = \"light\"\n\t\t\t\tdata-order-by = \"social\"\n\t\t\t\tdata-mobile=true>\n\t\t\t  <\/div><\/div>\n\t\t  <style>\n\t\t    .fb-background-color {\n\t\t\t\tbackground:  !important;\n\t\t\t}\n\t\t\t.fb_iframe_widget_fluid_desktop iframe {\n\t\t\t    width: 100% !important;\n\t\t\t}\n\t\t  <\/style>\n\t\t  ","protected":false},"excerpt":{"rendered":"<p>Columna El puercoesp\u00edn&nbsp; El muro de las mentadas de madre El muro de los insultos, inaugurado en el Congreso del Estado por Viridiana Valencia &#8211;cr\u00e9ditos a quien los merece&#8211;, fue llevado a los terrenos de las redes sociales para ofender, proyectar su odio, descargar su frustraci\u00f3n, torcer la verdad, mentir y&nbsp; calumniar; la estrategia del [&hellip;]<\/p>\n","protected":false},"author":9,"featured_media":37171,"comment_status":"closed","ping_status":"closed","sticky":false,"template":"","format":"standard","meta":{"_coblocks_attr":"","_coblocks_dimensions":"","_coblocks_responsive_height":"","_coblocks_accordion_ie_support":"","advanced_seo_description":"","jetpack_seo_html_title":"","jetpack_seo_noindex":false,"jetpack_seo_schema_type":"","_jetpack_newsletter_access":"","_jetpack_dont_email_post_to_subs":false,"_jetpack_newsletter_tier_id":0,"_jetpack_memberships_contains_paywalled_content":false,"_wpcom_ai_launchpad_first_post":false,"_jetpack_feature_clip_id":0,"_jetpack_memberships_contains_paid_content":false,"footnotes":"","jetpack_post_was_ever_published":false},"categories":[19,209,24],"tags":[220],"class_list":["post-37170","post","type-post","status-publish","format-standard","has-post-thumbnail","hentry","category-colima","category-importantes","category-opinion","tag-opinion"],"jetpack-related-posts":[],"jetpack_sharing_enabled":true,"amp_enabled":true,"jetpack_featured_media_url":"https:\/\/diarioavanzada.com.mx\/wp-content\/uploads\/2022\/10\/image-87.png","_links":{"self":[{"href":"https:\/\/diarioavanzada.com.mx\/index.php?rest_route=\/wp\/v2\/posts\/37170","targetHints":{"allow":["GET"]}}],"collection":[{"href":"https:\/\/diarioavanzada.com.mx\/index.php?rest_route=\/wp\/v2\/posts"}],"about":[{"href":"https:\/\/diarioavanzada.com.mx\/index.php?rest_route=\/wp\/v2\/types\/post"}],"author":[{"embeddable":true,"href":"https:\/\/diarioavanzada.com.mx\/index.php?rest_route=\/wp\/v2\/users\/9"}],"replies":[{"embeddable":true,"href":"https:\/\/diarioavanzada.com.mx\/index.php?rest_route=%2Fwp%2Fv2%2Fcomments&post=37170"}],"version-history":[{"count":1,"href":"https:\/\/diarioavanzada.com.mx\/index.php?rest_route=\/wp\/v2\/posts\/37170\/revisions"}],"predecessor-version":[{"id":37172,"href":"https:\/\/diarioavanzada.com.mx\/index.php?rest_route=\/wp\/v2\/posts\/37170\/revisions\/37172"}],"wp:featuredmedia":[{"embeddable":true,"href":"https:\/\/diarioavanzada.com.mx\/index.php?rest_route=\/wp\/v2\/media\/37171"}],"wp:attachment":[{"href":"https:\/\/diarioavanzada.com.mx\/index.php?rest_route=%2Fwp%2Fv2%2Fmedia&parent=37170"}],"wp:term":[{"taxonomy":"category","embeddable":true,"href":"https:\/\/diarioavanzada.com.mx\/index.php?rest_route=%2Fwp%2Fv2%2Fcategories&post=37170"},{"taxonomy":"post_tag","embeddable":true,"href":"https:\/\/diarioavanzada.com.mx\/index.php?rest_route=%2Fwp%2Fv2%2Ftags&post=37170"}],"curies":[{"name":"wp","href":"https:\/\/api.w.org\/{rel}","templated":true}]}}