{"id":37125,"date":"2022-10-12T07:16:57","date_gmt":"2022-10-12T12:16:57","guid":{"rendered":"https:\/\/diarioavanzada.com.mx\/?p=37125"},"modified":"2022-10-12T07:17:39","modified_gmt":"2022-10-12T12:17:39","slug":"el-libro-del-cash-ruta-hacia-la-violencia","status":"publish","type":"post","link":"https:\/\/diarioavanzada.com.mx\/?p=37125","title":{"rendered":"El libro del\u00a0Cash: ruta hacia la violencia"},"content":{"rendered":"\n<p class=\"wp-block-paragraph\">Columna<\/p>\n\n\n\n<p class=\"wp-block-paragraph\">El puercoesp\u00edn&nbsp;<\/p>\n\n\n\n<p class=\"wp-block-paragraph\">El texto de la discordia<\/p>\n\n\n\n<p class=\"wp-block-paragraph\">El texto de Elena Ch\u00e1vez es un monumento a la mentira, la especulaci\u00f3n y la calumnia que los miembros de la oposici\u00f3n decidieron fuera el documento que llenara de municiones a sus huestes y atacar al gobierno de L\u00f3pez Obrador.&nbsp;<\/p>\n\n\n\n<p class=\"wp-block-paragraph\">Su publicitaci\u00f3n y publicaci\u00f3n es una conjunci\u00f3n de dinero, odio, clasismo y mentiras que suma dinero y estructura medi\u00e1tica, pero carente de esencia pol\u00edtica, moral y contenido program\u00e1tico.<\/p>\n\n\n\n<p class=\"wp-block-paragraph\">&nbsp;El libro del cash de Elena Ch\u00e1vez desde su lanzamiento promocional lejos de convertirse en el instrumento de los fachos termin\u00f3 convirti\u00e9ndose, muy tempranamente, en un bumer\u00e1n que termin\u00f3 impactando a sus promotores y fortaleciendo la calidad moral del presidente de M\u00e9xico, Andr\u00e9s Manuel L\u00f3pez Obrador. Tal parece que los opositores a Amlo son los m\u00e1s interesados en aumentar la popularidad del presidente.<\/p>\n\n\n\n<p class=\"wp-block-paragraph\">El libro de Ch\u00e1vez est\u00e1 provocando, entre otras cosas,&nbsp; lo siguiente consecuencias negativas: la institucionalizaci\u00f3n del insulto y la calumnia; por tanto, las y los beneficiarios ser\u00e1n los posibles y potenciales candidatos a la presidencia de la Rep\u00fablica por la oposici\u00f3n de la calidad de Lilly T\u00e9llez o Gabriel Quadri, por citar dos ejemplos; de facto convierte a Lilly Tellez, X\u00f3chitl G\u00e1lvez y Kenia L\u00f3pez Rabad\u00e1n en ide\u00f3logas y&nbsp; l\u00edderes pol\u00edticas natas de la derecha mexicana.<\/p>\n\n\n\n<p class=\"wp-block-paragraph\">Lo positivo: uno, traslada la sucesi\u00f3n presidencial de lleno hacia la izquierda donde los partidos que tendr\u00e1n m\u00e1s juego y posibilidades de obtener el triunfo ser\u00e1n los de la alianza de izquierda en el poder, o sea, partido Verde, Partido del Trabajo y Morena; dos, el debate del nuevo gobierno federal se dar\u00e1 entre los candidatos de Morena: Marcelo Ebrard y Claudia Sheinbaum versus Gerardo Fern\u00e1ndez Noro\u00f1a y Monreal, donde los primeros representan (Marcelo) el candidato pragm\u00e1tico y (Claudia) la delfina del presidente y sus competidores de la alianza de izquierda (Noro\u00f1a) la versi\u00f3n radical del proyecto de izquierda y (Monreal) la representanci\u00f3n de la concilici\u00f3n con el pasado prianista.<\/p>\n\n\n\n<p class=\"wp-block-paragraph\">Lo peligroso<\/p>\n\n\n\n<p class=\"wp-block-paragraph\">El libro del cash es un libro que no solo promueve el odio y la calumnia como elementos de debate, sino que es ese \u00faltimo estertor del pataleo y solo les queda, a los simpatizantes de la derecha, promover la violencia como \u00faltimo recurso para frenar un proyecto que, seg\u00fan ellos, est\u00e1 destruyendo a M\u00e9xico.<\/p>\n\n\n\n<p class=\"wp-block-paragraph\">La irracional v\u00eda de lucha de la derecha la est\u00e1 marginando y perdiendo simpatizantes y solo se est\u00e1n quedando con su base dura que no les ajustar\u00e1, ni siquiera, para frenar ning\u00fan proyecto de la izquierda. La v\u00eda electoral se les aleja. Y tal parece que esa es su intenci\u00f3n alejarse de la v\u00eda electoral para impulsar las v\u00edas violentas. La narrativa de la dictadura de la izquierda, la amplificar\u00e1n y la violencia estar\u00e1 justificada, ese ser\u00eda su siguiente momento donde solo cabe la violencia como forma inevitable de promover el cambio \u201cdemocr\u00e1tico\u201d.<\/p>\n\n\n\n<p class=\"wp-block-paragraph\"><strong>La violencia verbal de T\u00e9llez, G\u00e1lvez y L\u00f3pez Rabad\u00e1n se hizo libro y la derecha espera que el libro se vuelva violencia en las calles. Nada m\u00e1s alejado de la realidad nacional.&nbsp;<\/strong><\/p>\n\n\n\n<p class=\"wp-block-paragraph\">La oposici\u00f3n se est\u00e1 desesperando porque est\u00e1 viendo el \u00e9xito del gobierno de Amlo y en su desesperaci\u00f3n est\u00e1 cometiendo errores propios de la prisa.&nbsp; La clase alta podr\u00e1 odiar un proyecto que le quita beneficios, pero la clase media est\u00e1 logrando beneficios al igual que los sectores econ\u00f3mico m\u00e1s bajo por obtener apoyo del gobierno. La derecha y sus publicistas de anta\u00f1o publicitar\u00e1n el libro, pero que en la medida que vean la cantidad de estupidez que contiene que son dif\u00edciles &#8211;por no decir imposibles defender&#8211; optar\u00e1n por el silencio, pero si los m\u00e1s ideologizados, su base dura, los publicitara, su costo ser\u00e1 el aislamiento y el rid\u00edculo.<\/p>\n\n\n\n<p class=\"wp-block-paragraph\">Ver\u00e9 gente racional y culta defendiendo dicho libre y su cost\u00f3 ser\u00e1 el rid\u00edculo y su proyecci\u00f3n de sus odios y frustraciones que ya nada tiene que ver con la pol\u00edtica, y s\u00ed, con sus fracaso y amarguras personales.&nbsp;<\/p>\n\n\n\n<p class=\"wp-block-paragraph\">Para la derecha avalar las t\u00e1cticas pol\u00edticas de Lilly T\u00e9llez, X\u00f3chitl y Kenia es la v\u00eda m\u00e1s f\u00e1cil y aparentemente \u00e9xitos para ellos &#8211;en su mundo medi\u00e1tico y de las redes sociales controladas&#8211;, pero lejos de los electores que a pesar de sus odios sociales y frustraciones clasistas son los que con su voto eligen a sus representantes pol\u00edticos.<\/p>\n\n\n\n<p class=\"wp-block-paragraph\"><strong>Como quienes votan son la fuente de la legitimaci\u00f3n del poder pol\u00edtico la siguiente l\u00ednea en su agenda es muy probable sea la violencia y ese es un camino que debemos evitar y rechazar. La violencia no debe ser una opci\u00f3n ni en el peor sue\u00f1o siniestro de la derecha.<\/strong><\/p>\n\n\n\n<p class=\"wp-block-paragraph\"><strong>El paso de la violencia verbal a la violencia f\u00edsica son terrenos imperceptibles hasta que se est\u00e1 ya con las armas en la mano.&nbsp;<\/strong><\/p>\n\n\n\n<p class=\"wp-block-paragraph\">La derecha juega con fuego y tal parece que se est\u00e1 quemando con su propio combustible y flamas.<\/p>\n\n\n\n<p class=\"wp-block-paragraph\">La derecha se est\u00e1 negando a salir de los esquemas palaciegos de ver la pol\u00edtica y reconocer que la sociedad existe y tiene derecho a ser tomada en cuenta. La sociedad existe y as\u00ed la nombren despectivamente existe y se llama pueblo, no reconocer su existencia es negar la vida misma. Su visi\u00f3n palaciega, donde ellos manda casi por designio divino, debe ser abandona y enfrentar al pueblo. No hacerlo es condenarse a s\u00ed mismos.<\/p>\n\n\n\n<p class=\"wp-block-paragraph\">Lo anecd\u00f3tico<\/p>\n\n\n\n<p class=\"wp-block-paragraph\"><strong>No deja de asombrarme que una hora y media, en promedio, que el presidente de M\u00e9xico, de lunes a viernes, en la denominada popularmente la Ma\u00f1anera sea tan efectiva que todo el aparato de comunic\u00f3logos, intelectuales y medios masivos de comunicaci\u00f3n no pueden con una conferencia de prensa que marca l\u00ednea, tendencia y genera opini\u00f3n p\u00fablica, tanto de izquierda como de derecha.<\/strong><\/p>\n\n\n\n<p class=\"wp-block-paragraph\">Millones de dinero se gastan los medios y su opini\u00f3n sigue siendo contundente, solo entre su base dura. Todo un esfuerzo econ\u00f3mico y de recurso humanos que no logra establecer los consensos que antes &#8211;dec\u00edan con orgullo y prepotencia&#8211; marcaban la denominada opini\u00f3n p\u00fablica nacional.&nbsp;<\/p>\n\n\n\n<p class=\"wp-block-paragraph\">Hoy la desesperaci\u00f3n de la derecha es tan grande que un tuitero en su red public\u00f3 que 30 millones de mexicanos somos unos est\u00fapidos y disfrutamos el atole con el dedo.<\/p>\n\n\n\n<p class=\"wp-block-paragraph\">Yo orgullosamente estoy entre esos treinta millones de mexicanos de est\u00fapidos y degustar el atole con el dedo, pero en corto, con la gente de derechas, que dif\u00edcilmente ellos, los de derechas, articulan argumentos b\u00e1sicos y eso lo disfruto terriblemente.<\/p>\n\n\n\n<p class=\"wp-block-paragraph\">El texto del cash es un insulto de los l\u00edderes de derechas a sus propias bases que, la verdad, los pone en un nivel de politizaci\u00f3n muy bajo, por decirlo de la manera m\u00e1s amable.<\/p>\n\n\n\n<p class=\"wp-block-paragraph\">El texto del cash solo ratifica una cosa que, en M\u00e9xico, la libertad de expresi\u00f3n est\u00e1 en su m\u00e1xima expresi\u00f3n a pesar de los insultos y la calumnia.<\/p>\n<div class=\"fb-background-color\">\n\t\t\t  <div \n\t\t\t  \tclass = \"fb-comments\" \n\t\t\t  \tdata-href = \"https:\/\/diarioavanzada.com.mx\/?p=37125\"\n\t\t\t  \tdata-numposts = \"10\"\n\t\t\t  \tdata-lazy = \"true\"\n\t\t\t\tdata-colorscheme = \"light\"\n\t\t\t\tdata-order-by = \"social\"\n\t\t\t\tdata-mobile=true>\n\t\t\t  <\/div><\/div>\n\t\t  <style>\n\t\t    .fb-background-color {\n\t\t\t\tbackground:  !important;\n\t\t\t}\n\t\t\t.fb_iframe_widget_fluid_desktop iframe {\n\t\t\t    width: 100% !important;\n\t\t\t}\n\t\t  <\/style>\n\t\t  ","protected":false},"excerpt":{"rendered":"<p>Columna El puercoesp\u00edn&nbsp; El texto de la discordia El texto de Elena Ch\u00e1vez es un monumento a la mentira, la especulaci\u00f3n y la calumnia que los miembros de la oposici\u00f3n decidieron fuera el documento que llenara de municiones a sus huestes y atacar al gobierno de L\u00f3pez Obrador.&nbsp; Su publicitaci\u00f3n y publicaci\u00f3n es una conjunci\u00f3n [&hellip;]<\/p>\n","protected":false},"author":9,"featured_media":37126,"comment_status":"closed","ping_status":"closed","sticky":false,"template":"","format":"standard","meta":{"_coblocks_attr":"","_coblocks_dimensions":"","_coblocks_responsive_height":"","_coblocks_accordion_ie_support":"","advanced_seo_description":"","jetpack_seo_html_title":"","jetpack_seo_noindex":false,"jetpack_seo_schema_type":"","_jetpack_newsletter_access":"","_jetpack_dont_email_post_to_subs":false,"_jetpack_newsletter_tier_id":0,"_jetpack_memberships_contains_paywalled_content":false,"_wpcom_ai_launchpad_first_post":false,"_jetpack_feature_clip_id":0,"_jetpack_memberships_contains_paid_content":false,"footnotes":"","jetpack_post_was_ever_published":false},"categories":[19,209,24],"tags":[210],"class_list":["post-37125","post","type-post","status-publish","format-standard","has-post-thumbnail","hentry","category-colima","category-importantes","category-opinion","tag-portada"],"jetpack-related-posts":[],"jetpack_sharing_enabled":true,"amp_enabled":true,"jetpack_featured_media_url":"https:\/\/diarioavanzada.com.mx\/wp-content\/uploads\/2022\/10\/image-76.png","_links":{"self":[{"href":"https:\/\/diarioavanzada.com.mx\/index.php?rest_route=\/wp\/v2\/posts\/37125","targetHints":{"allow":["GET"]}}],"collection":[{"href":"https:\/\/diarioavanzada.com.mx\/index.php?rest_route=\/wp\/v2\/posts"}],"about":[{"href":"https:\/\/diarioavanzada.com.mx\/index.php?rest_route=\/wp\/v2\/types\/post"}],"author":[{"embeddable":true,"href":"https:\/\/diarioavanzada.com.mx\/index.php?rest_route=\/wp\/v2\/users\/9"}],"replies":[{"embeddable":true,"href":"https:\/\/diarioavanzada.com.mx\/index.php?rest_route=%2Fwp%2Fv2%2Fcomments&post=37125"}],"version-history":[{"count":2,"href":"https:\/\/diarioavanzada.com.mx\/index.php?rest_route=\/wp\/v2\/posts\/37125\/revisions"}],"predecessor-version":[{"id":37128,"href":"https:\/\/diarioavanzada.com.mx\/index.php?rest_route=\/wp\/v2\/posts\/37125\/revisions\/37128"}],"wp:featuredmedia":[{"embeddable":true,"href":"https:\/\/diarioavanzada.com.mx\/index.php?rest_route=\/wp\/v2\/media\/37126"}],"wp:attachment":[{"href":"https:\/\/diarioavanzada.com.mx\/index.php?rest_route=%2Fwp%2Fv2%2Fmedia&parent=37125"}],"wp:term":[{"taxonomy":"category","embeddable":true,"href":"https:\/\/diarioavanzada.com.mx\/index.php?rest_route=%2Fwp%2Fv2%2Fcategories&post=37125"},{"taxonomy":"post_tag","embeddable":true,"href":"https:\/\/diarioavanzada.com.mx\/index.php?rest_route=%2Fwp%2Fv2%2Ftags&post=37125"}],"curies":[{"name":"wp","href":"https:\/\/api.w.org\/{rel}","templated":true}]}}