{"id":37021,"date":"2022-10-07T07:42:56","date_gmt":"2022-10-07T12:42:56","guid":{"rendered":"https:\/\/diarioavanzada.com.mx\/?p=37021"},"modified":"2022-10-07T07:42:56","modified_gmt":"2022-10-07T12:42:56","slug":"cero-combate-a-la-corrupcion-fiscalia-anticorrupcion-en-la-precariedad","status":"publish","type":"post","link":"https:\/\/diarioavanzada.com.mx\/?p=37021","title":{"rendered":"Cero combate a la corrupci\u00f3n; Fiscal\u00eda Anticorrupci\u00f3n en la precariedad"},"content":{"rendered":"\n<p class=\"wp-block-paragraph\">Columna<\/p>\n\n\n\n<p class=\"wp-block-paragraph\">El puercoesp\u00edn&nbsp;<\/p>\n\n\n\n<p class=\"wp-block-paragraph\">Cero es la calificaci\u00f3n del Gobierno de Colima en materia de lucha contra la corrupci\u00f3n. Y lo que verdaderamente llama la atenci\u00f3n es que ni siquiera intentan combatirla, todo lo contrario, est\u00e1n desmantelando a las instituciones responsables de combatirla.<\/p>\n\n\n\n<p class=\"wp-block-paragraph\">En los m\u00edtines de las plazas p\u00fablicas gritan y prometen que combatir\u00e1n la corrupci\u00f3n, en la vida&nbsp; real, ni siquiera intentan hacer algo. La corrupci\u00f3n goza de cabal salud y su hermana bastarda la impunidad se encuentra en las mismas condiciones, llena de salud.<\/p>\n\n\n\n<p class=\"wp-block-paragraph\">Los prianistas y los morenistas se acusan unos a otros de ser los m\u00e1s corruptos y obligan a toda la sociedad a involucrarse en un falso debate que, finalmente, tiene la intenci\u00f3n de legitimar la corrupci\u00f3n.<\/p>\n\n\n\n<p class=\"wp-block-paragraph\">Los morenistas llegaron mete\u00f3ricamente al poder y el presidente Amlo ha contado con la fuerza del pueblo porque \u00e9ste ha impulsado fuertemente la lucha contra la corrupci\u00f3n, a pesar de las resistencias de la derecha y el crimen organizado; sin embargo, los morenistas en las regiones, si bien llegaron tambi\u00e9n al poder enarbolando las mismas consignas de acabar con la corrupci\u00f3n, en llegando al poder, se comportan igual a sus antecesores y los conservadores se llenan de gusto porque hacen v\u00e1lida la premisa de que nadie se salva de la corrupci\u00f3n.&nbsp;<\/p>\n\n\n\n<p class=\"wp-block-paragraph\">En Colima lo pat\u00e9tico es que la gobernadora ni siquiera ha intentado combatir la corrupci\u00f3n y, se ha convertido ella y su gobierno, aparte de ineptos, en promotores de la corrupci\u00f3n y de la&nbsp; impunidad por decisi\u00f3n pol\u00edtica.<\/p>\n\n\n\n<p class=\"wp-block-paragraph\">Un a\u00f1o de impunidad<\/p>\n\n\n\n<p class=\"wp-block-paragraph\">La Fiscal\u00eda Anticorrupci\u00f3n en Colima es una de las instituciones m\u00e1s precarias en todos sentidos: primeramente no cuenta con una ley org\u00e1nica para su funcionamiento;&nbsp; carece de manual de procedimientos; no cuenta con protocolos de investigaci\u00f3n; no est\u00e1 dotada con un protocolo de audiencias; tampoco cuenta con protocolos de protecci\u00f3n a testigos; mucho menos ha desarrollado protocolos de entregas vigiladas; est\u00e1 a a\u00f1os luz de instrumentar protocolos de operaciones encubiertas; ya ni hablar de los protocolo de protecci\u00f3n anticorrupci\u00f3n al interior de la misma fiscal\u00eda; y&nbsp; de la promoci\u00f3n de acuerdos con otras instituciones es so\u00f1ar demasiado.&nbsp;<\/p>\n\n\n\n<p class=\"wp-block-paragraph\">De la Fiscal\u00eda Anticorrupci\u00f3n, en pocas palabras, podemos decir: uno,\u00a0 su organizaci\u00f3n es muy fr\u00e1gil; dos, ni siquiera ha fincado las bases para la realizaci\u00f3n de las investigaciones; tres, no se sabe c\u00f3mo realizar las audiencias; cuatro, no tiene las bases para las investigaciones encubiertas eficientes; cinco, no est\u00e1 vacunada contra la corrupci\u00f3n, pues ella misma puede ser infectada; seis, carece de convenios de colaboraci\u00f3n con otras instituciones para intercambiar informaci\u00f3n y cruzar los datos para procesar mejor la informaci\u00f3n.<\/p>\n\n\n\n<p class=\"wp-block-paragraph\">Por otro lado, t\u00e9cnicamente, est\u00e1 en la calle de la amargura, pues carece de independencia presupuestal -eso le quita autonom\u00eda e imparcialidad en las investigaciones y le da peso al Ejecutivo Estatal en el rumbo de las mismas&#8211;, no tiene libertad para comprar veh\u00edculos, equipo de c\u00f3mputo y programas cibern\u00e9ticos, y por si fuera poco, no puede rentar ni adquirir bienes inmuebles. Su presupuesto ha venido en picada, pues en 2019 contaba con un presupuesto de 10.3 mdp y el siguiente a\u00f1o (2020) cay\u00f3 un 67 % quedando en 3.6 mdp y, desde entonces hasta la fecha (2021 y 2022), no ha tenido incremento presupuestal.<\/p>\n\n\n\n<p class=\"wp-block-paragraph\">La Fiscal\u00eda Anticorrupci\u00f3n&nbsp; solo cuenta con tres ministerios p\u00fablicos, dos peritos y dos polic\u00edas de los cuales no contamos con la informaci\u00f3n de su grado de capacitaci\u00f3n y especializaci\u00f3n. Es importante observar que solo cuenta con dos peritos que, son fundamentales para una buena labor de investigaci\u00f3n, pues la falta de peritos, bien capacitados, puede provocar el retraso en la investigaci\u00f3n u omisiones en los mismos actos de la investigaci\u00f3n.&nbsp;<\/p>\n\n\n\n<p class=\"wp-block-paragraph\">Todo lo anterior, es decir, el no procurar el desarrollo administrativo, t\u00e9cnico y legal de la Fiscal\u00eda Anticorrupci\u00f3n ha provocado que esta fiscal\u00eda tenga <strong>cero resultados <\/strong>(cero carpetas judicializadas) y los m\u00e1s beneficiados son los funcionarios corruptos. Tal parece que su desarrollo depende de los corruptos.<\/p>\n\n\n\n<p class=\"wp-block-paragraph\">Nacho no desarroll\u00f3 a la Fiscal\u00eda porque sab\u00eda a qu\u00e9 iba al gobierno. Dej\u00f3 al estado quebrado y \u00e9l sabia que no ser\u00eda castigado, pues sus perseguidores no tendr\u00edan instrumentos para hacerlo. Aparte \u00e9l los nombr\u00f3 junto con sus c\u00f3mplices del Congreso.<\/p>\n\n\n\n<p class=\"wp-block-paragraph\">Indira, la inutil, sigue el mismo camino. Tiene a la Fiscal\u00eda Anticorrupci\u00f3n sin recursos para que ella y sus funcionarios c\u00f3mplices no sean perseguidos en su momento.<\/p>\n\n\n\n<p class=\"wp-block-paragraph\">Indira b\u00e1sicamente est\u00e1 haciendo dos funciones: la primera es continuar con el desmantelamiento de la Fiscal\u00eda Anticorrupci\u00f3n para honrar su palabra de solapamiento de Mario Anguiano y Nacho Peralta; y segundo,&nbsp; evitar el crecimiento y desarrollo de la misma para que no investigue a sus funcionarios ni a ella misma, tambi\u00e9n en su momento.<\/p>\n\n\n\n<p class=\"wp-block-paragraph\">Es muy claro que sin un <strong>marco jur\u00eddico<\/strong> adecuado, con el <strong>capital humano<\/strong> bien capacitado y suficiente en n\u00famero, cuidar t\u00e9cnicamente los debidos <strong>proceso<\/strong>s con peritos eficaces y suficientes <strong>recursos econ\u00f3micos<\/strong> se podr\u00e1n tener resultados \u00f3ptimos&nbsp;<\/p>\n\n\n\n<p class=\"wp-block-paragraph\">Desmantelar la Fiscal\u00eda Anticorrupcion es prolongar la impunidad como velo protector de los malos pol\u00edticos que hoy hacen hegemon\u00eda en la pol\u00edtica.<\/p>\n\n\n\n<p class=\"wp-block-paragraph\">Estas y otras cosas son las que dan origen al malestar social que d\u00eda a d\u00eda se va desarrollando en la sociedad colimense.<\/p>\n\n\n\n<p class=\"wp-block-paragraph\">Indira Vizca\u00edno tiene a la Fiscal\u00eda Anticorrupci\u00f3n entre las peores del pa\u00eds y eso no es un acto aletorio sino todo lo contrario. Es su voluntad pol\u00edtica destruir este tipo de organismos para que la corrupci\u00f3n contin\u00fae y la impunidad los cobije, su nepotismo no es una casualidad es su visi\u00f3n de medrar del erario.<\/p>\n\n\n\n<p class=\"wp-block-paragraph\">Indira considera, a la luz de su nepotismo, al gobierno como parte de su patrimonio y propiedad de ella que comparte con su grupo denominado la <strong><em>Mafia de las Amiguis<\/em><\/strong>.<\/p>\n\n\n\n<p class=\"wp-block-paragraph\">La Fiscal\u00eda Anticorrupci\u00f3n de Colima es una de las peores a nivel nacional y eso no es una casualidad sino una intenci\u00f3n deliberada de quien busca en la impunidad su beneficio personal y de grupo.<\/p>\n\n\n\n<p class=\"wp-block-paragraph\">El crisol de su nepotismo es la <strong><em>Mafia de las Amiguis<\/em><\/strong>. Sus ambiciones personales, concretizadas en su nepotismo, son el origen y destino del malestar social que se come y respira en Colima.<\/p>\n<div class=\"fb-background-color\">\n\t\t\t  <div \n\t\t\t  \tclass = \"fb-comments\" \n\t\t\t  \tdata-href = \"https:\/\/diarioavanzada.com.mx\/?p=37021\"\n\t\t\t  \tdata-numposts = \"10\"\n\t\t\t  \tdata-lazy = \"true\"\n\t\t\t\tdata-colorscheme = \"light\"\n\t\t\t\tdata-order-by = \"social\"\n\t\t\t\tdata-mobile=true>\n\t\t\t  <\/div><\/div>\n\t\t  <style>\n\t\t    .fb-background-color {\n\t\t\t\tbackground:  !important;\n\t\t\t}\n\t\t\t.fb_iframe_widget_fluid_desktop iframe {\n\t\t\t    width: 100% !important;\n\t\t\t}\n\t\t  <\/style>\n\t\t  ","protected":false},"excerpt":{"rendered":"<p>Columna El puercoesp\u00edn&nbsp; Cero es la calificaci\u00f3n del Gobierno de Colima en materia de lucha contra la corrupci\u00f3n. Y lo que verdaderamente llama la atenci\u00f3n es que ni siquiera intentan combatirla, todo lo contrario, est\u00e1n desmantelando a las instituciones responsables de combatirla. En los m\u00edtines de las plazas p\u00fablicas gritan y prometen que combatir\u00e1n la [&hellip;]<\/p>\n","protected":false},"author":9,"featured_media":26508,"comment_status":"closed","ping_status":"closed","sticky":false,"template":"","format":"standard","meta":{"_coblocks_attr":"","_coblocks_dimensions":"","_coblocks_responsive_height":"","_coblocks_accordion_ie_support":"","advanced_seo_description":"","jetpack_seo_html_title":"","jetpack_seo_noindex":false,"jetpack_seo_schema_type":"","_jetpack_newsletter_access":"","_jetpack_dont_email_post_to_subs":false,"_jetpack_newsletter_tier_id":0,"_jetpack_memberships_contains_paywalled_content":false,"_wpcom_ai_launchpad_first_post":false,"_jetpack_feature_clip_id":0,"_jetpack_memberships_contains_paid_content":false,"footnotes":"","jetpack_post_was_ever_published":false},"categories":[7],"tags":[220,210],"class_list":["post-37021","post","type-post","status-publish","format-standard","has-post-thumbnail","hentry","category-noticias","tag-opinion","tag-portada"],"jetpack-related-posts":[],"jetpack_sharing_enabled":true,"amp_enabled":true,"jetpack_featured_media_url":"https:\/\/diarioavanzada.com.mx\/wp-content\/uploads\/2021\/09\/image-276.png","_links":{"self":[{"href":"https:\/\/diarioavanzada.com.mx\/index.php?rest_route=\/wp\/v2\/posts\/37021","targetHints":{"allow":["GET"]}}],"collection":[{"href":"https:\/\/diarioavanzada.com.mx\/index.php?rest_route=\/wp\/v2\/posts"}],"about":[{"href":"https:\/\/diarioavanzada.com.mx\/index.php?rest_route=\/wp\/v2\/types\/post"}],"author":[{"embeddable":true,"href":"https:\/\/diarioavanzada.com.mx\/index.php?rest_route=\/wp\/v2\/users\/9"}],"replies":[{"embeddable":true,"href":"https:\/\/diarioavanzada.com.mx\/index.php?rest_route=%2Fwp%2Fv2%2Fcomments&post=37021"}],"version-history":[{"count":1,"href":"https:\/\/diarioavanzada.com.mx\/index.php?rest_route=\/wp\/v2\/posts\/37021\/revisions"}],"predecessor-version":[{"id":37023,"href":"https:\/\/diarioavanzada.com.mx\/index.php?rest_route=\/wp\/v2\/posts\/37021\/revisions\/37023"}],"wp:featuredmedia":[{"embeddable":true,"href":"https:\/\/diarioavanzada.com.mx\/index.php?rest_route=\/wp\/v2\/media\/26508"}],"wp:attachment":[{"href":"https:\/\/diarioavanzada.com.mx\/index.php?rest_route=%2Fwp%2Fv2%2Fmedia&parent=37021"}],"wp:term":[{"taxonomy":"category","embeddable":true,"href":"https:\/\/diarioavanzada.com.mx\/index.php?rest_route=%2Fwp%2Fv2%2Fcategories&post=37021"},{"taxonomy":"post_tag","embeddable":true,"href":"https:\/\/diarioavanzada.com.mx\/index.php?rest_route=%2Fwp%2Fv2%2Ftags&post=37021"}],"curies":[{"name":"wp","href":"https:\/\/api.w.org\/{rel}","templated":true}]}}