{"id":36821,"date":"2022-09-30T07:32:06","date_gmt":"2022-09-30T12:32:06","guid":{"rendered":"https:\/\/diarioavanzada.com.mx\/?p=36821"},"modified":"2022-09-30T07:32:14","modified_gmt":"2022-09-30T12:32:14","slug":"cabeza-de-vaca-cabeza-del-narco","status":"publish","type":"post","link":"https:\/\/diarioavanzada.com.mx\/?p=36821","title":{"rendered":"Cabeza de Vaca, cabeza del narco"},"content":{"rendered":"\n<p class=\"wp-block-paragraph\">Columna<\/p>\n\n\n\n<p class=\"wp-block-paragraph\">El puercoesp\u00edn&nbsp;<\/p>\n\n\n\n<p class=\"wp-block-paragraph\">Los acontecimientos de Tamaulipas son una expresi\u00f3n abierta y c\u00ednica del tama\u00f1o del control del crimen organizado que tiene de la sociedad pol\u00edtica.<\/p>\n\n\n\n<p class=\"wp-block-paragraph\">A pesar de que los miembros del Congreso de la Uni\u00f3n hicieron un esfuerzo por fincar un&nbsp; precedente al desaforar a Francisco Garc\u00eda Cabeza de Vaca, a pesar del peso de la Presidencia de M\u00e9xico y su esfuerzo por procesarlo en su momento, el ex gobernador de Tamaulipas &#8211;a partir del uno de octubre&#8211; hizo prevalecer la impunidad y demostrar que el poder del narco no es cualquier cosa. Lo grave es, en todo caso, la enorme cantidad de partidarios de la sociedad que lo defendieron abiertamente, eso debe preocuparnos.<\/p>\n\n\n\n<p class=\"wp-block-paragraph\">La primera l\u00ednea de defensa del narcogobernador fue su Congreso local, entonces dominado por mayor\u00eda panista y priista &#8211;el Prian&#8211;, que con legislaci\u00f3n a la carta pusieron a salvo al ex gobernador librando el juicio pol\u00edtico de procedencia y arrop\u00e1ndolo con un fuero local que m\u00e1s que ser una visi\u00f3n legal del poder regional todo se\u00f1ala que se trataba de proteger prioritariamente a un criminal y su banda.&nbsp;<\/p>\n\n\n\n<p class=\"wp-block-paragraph\">La segunda l\u00ednea de defensa fue la Suprema Corte de Justicia de la Naci\u00f3n que, con t\u00e1cticas dilatorias y un manejo ambiguo, sin definir el alcance del juicio de procedencia y la autonom\u00eda e independencia del poder local frente a poder federal protegi\u00f3, de fondo, al ex gobernador.<\/p>\n\n\n\n<p class=\"wp-block-paragraph\">Finalmente la SCJN termin\u00f3 siendo un escudo para que el narcogobernador triunfara y se mantuviera impune.<\/p>\n\n\n\n<p class=\"wp-block-paragraph\">La tercera line de defensa fueron los diputados y senadores que, sin ning\u00fan pudor, hicieron una hist\u00f3rica e hist\u00e9rica defensa, no de pol\u00edticas aut\u00f3nomas locales, ni defensa de criterios distintos a los del Gobierno de M\u00e9xico, ni defendieron pol\u00edticas concretas distintas, nada, la defensa fue la m\u00e1s pura y franca defensa de la corrupci\u00f3n y la impunidad para el ex gobernador y su banda.<\/p>\n\n\n\n<p class=\"wp-block-paragraph\">\u00bfDe qu\u00e9 tama\u00f1o es el narco que abiertamente es defendido por las instituciones del Estado y la sociedad pol\u00edtica, en este caso de derechas?<\/p>\n\n\n\n<p class=\"wp-block-paragraph\">Primero defendieron su fuero a ultranza. Desde entonces se adivinaba que en su plan, en primera instancia, se trataba de desvirtuar las acusaciones de v\u00ednculos con narco y, en segunda instancia, establecer una ruta de escape, como finalmente aconteci\u00f3.<\/p>\n\n\n\n<p class=\"wp-block-paragraph\">Es importante destacar la forma en que vot\u00f3 del Tribunal Electoral del Poder Judicial de la Federaci\u00f3n, pues haber votado un\u00e1nimemente la validez de la elecci\u00f3n en Tamaulipas fue muy importante, si la votaci\u00f3n hubiera quedado en un escenario m\u00e1s duro de 4 a 3, a favor de la validaci\u00f3n de la elecci\u00f3n, hubieran sido malas noticias no solo para Tamaulipas, sino para todo el pa\u00eds. Estuvo a muy poco la sociedad pol\u00edtica del Prian y sus compinches del Tribunal Electoral del Poder Judicial de la Federaci\u00f3n de atreverse a anular una elecci\u00f3n por motivos superiores de narcopoder. Que hubier\u00e1n provocado, no solo un conflicto poselectoral, sino el inicio de la guerra abierta entre la transformaci\u00f3n del pa\u00eds y la hegemon\u00eda del narcopoder.<\/p>\n\n\n\n<p class=\"wp-block-paragraph\">Todo apunta que Garc\u00eda Cabeza de Vaca se dar\u00e1 a la fuga cobijado en su ruta de escape por sus aliados y establecer\u00e1, seg\u00fan la prensa nacional, una verdadera colonia de Tamaulipecos en Canad\u00e1, o mejor dicho, de narcotamaulipecos.&nbsp;<\/p>\n\n\n\n<p class=\"wp-block-paragraph\">Lo peor es que a parte de la sociedad pol\u00edtica, coment\u00f3cratas, publicistas, medios masivos de comunicaci\u00f3n y, sobre todo acad\u00e9micos que, masivamente, tanto de rangos bajos como los de alto rango defendieron la corrupci\u00f3n y la impunidad de Garc\u00eda Cabeza de Vaca como un asunto de poder frente al presidente de M\u00e9xico y sus esfuerzos por limpiar la vida p\u00fablica.<\/p>\n\n\n\n<p class=\"wp-block-paragraph\">Acad\u00e9micos defensores de la corrupci\u00f3n pudiera decirse que es normal, pero lo grave no solo es que defiendan la corrupci\u00f3n, sino lo peor de la corrupci\u00f3n: a narco traficantes.<\/p>\n\n\n\n<p class=\"wp-block-paragraph\">Morena dominar\u00e1 a partir del uno de octubre el corredor del golfo del narcotr\u00e1fico (Chiapas, Campeche, Tabasco, Veracruz y Tamaulipas), pues todos los estados ser\u00e1n gobernados por morenistas y de ellos depender\u00e1 y podr\u00e1n demostrar que son capaces de enfrentar y, sobre todo, derrotar al narco, sino no lo hacen ser\u00e1, entre otras cosas, porque no tienen voluntad para hacerlo, porque est\u00e1n&nbsp; muy fuerte y arraigadas estas lacras, o porque Morena tambi\u00e9n est\u00e1 penetrada por el narco.<\/p>\n\n\n\n<p class=\"wp-block-paragraph\">En el caso de Garc\u00eda Cabeza de Vaca nos vino a revelar la magnitud del poder&nbsp; y los nombres y apellidos de todos los personajes de la vida nacional que colaboran: jueces, diputados, senadores, gobernadores, presidentes municipales, regidores, y lamentablemente, acad\u00e9micos de todos los rangos. De ese tama\u00f1o es el monstruo. Y todav\u00eda m\u00e1s grave que lo hacen abiertamente y con \u201clegitimidad\u201d moral.&nbsp;<\/p>\n\n\n\n<p class=\"wp-block-paragraph\">Garc\u00eda Cabeza de Vaca debe ser perseguido y capturado como un s\u00edmbolo de que el combate al narcotr\u00e1fico est\u00e1 vivo y es posible derrotarlo y como un mensaje, a todos sus defensores, de que ese proyecto de vida violento e impune no cabe en M\u00e9xico y de que el M\u00e9xico de la gente buena todav\u00eda tiene una oportunidad.<\/p>\n\n\n\n<p class=\"wp-block-paragraph\">Garc\u00eda Cabeza de Vaca no era un simple gobernador, era la cabeza del narco de la derecha del pan y del pri, de los jueces de distrito hasta la Suprema Corte, desde el m\u00e1s \u201chumilde\u201d regidor hasta los diputados federales y senadores. El sistema pol\u00edtico esta entrelazado formando una cadena de ADN con el narcotr\u00e1fico dif\u00edcil de separar y distinguir entre cuerpo sano y cuerpo enfermo. Cabeza de Vaca es la cabeza monumental del narcotr\u00e1fico que, no sabemos a ciencia cierta, qui\u00e9n habla a cada momento si los pol\u00edticos son los jefes o si los narcos son titiriteros. En la vida y en la penumbra se confunden. Lo \u00fanico cierto y tangible es que ellos nos est\u00e1n haciendo vivir un infierno donde no sabemos qui\u00e9nes son los buenos y cu\u00e1les los malos.<\/p>\n\n\n\n<p class=\"wp-block-paragraph\">Cabeza de Vaca es cabeza de narcos. Si sale impune Cabeza de Vaca entonces tendremos la certeza que hay crimen organizado de largo aliento.<\/p>\n<div class=\"fb-background-color\">\n\t\t\t  <div \n\t\t\t  \tclass = \"fb-comments\" \n\t\t\t  \tdata-href = \"https:\/\/diarioavanzada.com.mx\/?p=36821\"\n\t\t\t  \tdata-numposts = \"10\"\n\t\t\t  \tdata-lazy = \"true\"\n\t\t\t\tdata-colorscheme = \"light\"\n\t\t\t\tdata-order-by = \"social\"\n\t\t\t\tdata-mobile=true>\n\t\t\t  <\/div><\/div>\n\t\t  <style>\n\t\t    .fb-background-color {\n\t\t\t\tbackground:  !important;\n\t\t\t}\n\t\t\t.fb_iframe_widget_fluid_desktop iframe {\n\t\t\t    width: 100% !important;\n\t\t\t}\n\t\t  <\/style>\n\t\t  ","protected":false},"excerpt":{"rendered":"<p>Columna El puercoesp\u00edn&nbsp; Los acontecimientos de Tamaulipas son una expresi\u00f3n abierta y c\u00ednica del tama\u00f1o del control del crimen organizado que tiene de la sociedad pol\u00edtica. A pesar de que los miembros del Congreso de la Uni\u00f3n hicieron un esfuerzo por fincar un&nbsp; precedente al desaforar a Francisco Garc\u00eda Cabeza de Vaca, a pesar del [&hellip;]<\/p>\n","protected":false},"author":9,"featured_media":36822,"comment_status":"closed","ping_status":"closed","sticky":false,"template":"","format":"standard","meta":{"_coblocks_attr":"","_coblocks_dimensions":"","_coblocks_responsive_height":"","_coblocks_accordion_ie_support":"","advanced_seo_description":"","jetpack_seo_html_title":"","jetpack_seo_noindex":false,"jetpack_seo_schema_type":"","_jetpack_newsletter_access":"","_jetpack_dont_email_post_to_subs":false,"_jetpack_newsletter_tier_id":0,"_jetpack_memberships_contains_paywalled_content":false,"_wpcom_ai_launchpad_first_post":false,"_jetpack_feature_clip_id":0,"_jetpack_memberships_contains_paid_content":false,"footnotes":"","jetpack_post_was_ever_published":false},"categories":[19,209],"tags":[210],"class_list":["post-36821","post","type-post","status-publish","format-standard","has-post-thumbnail","hentry","category-colima","category-importantes","tag-portada"],"jetpack-related-posts":[],"jetpack_sharing_enabled":true,"amp_enabled":true,"jetpack_featured_media_url":"https:\/\/diarioavanzada.com.mx\/wp-content\/uploads\/2022\/09\/image-190.png","_links":{"self":[{"href":"https:\/\/diarioavanzada.com.mx\/index.php?rest_route=\/wp\/v2\/posts\/36821","targetHints":{"allow":["GET"]}}],"collection":[{"href":"https:\/\/diarioavanzada.com.mx\/index.php?rest_route=\/wp\/v2\/posts"}],"about":[{"href":"https:\/\/diarioavanzada.com.mx\/index.php?rest_route=\/wp\/v2\/types\/post"}],"author":[{"embeddable":true,"href":"https:\/\/diarioavanzada.com.mx\/index.php?rest_route=\/wp\/v2\/users\/9"}],"replies":[{"embeddable":true,"href":"https:\/\/diarioavanzada.com.mx\/index.php?rest_route=%2Fwp%2Fv2%2Fcomments&post=36821"}],"version-history":[{"count":1,"href":"https:\/\/diarioavanzada.com.mx\/index.php?rest_route=\/wp\/v2\/posts\/36821\/revisions"}],"predecessor-version":[{"id":36823,"href":"https:\/\/diarioavanzada.com.mx\/index.php?rest_route=\/wp\/v2\/posts\/36821\/revisions\/36823"}],"wp:featuredmedia":[{"embeddable":true,"href":"https:\/\/diarioavanzada.com.mx\/index.php?rest_route=\/wp\/v2\/media\/36822"}],"wp:attachment":[{"href":"https:\/\/diarioavanzada.com.mx\/index.php?rest_route=%2Fwp%2Fv2%2Fmedia&parent=36821"}],"wp:term":[{"taxonomy":"category","embeddable":true,"href":"https:\/\/diarioavanzada.com.mx\/index.php?rest_route=%2Fwp%2Fv2%2Fcategories&post=36821"},{"taxonomy":"post_tag","embeddable":true,"href":"https:\/\/diarioavanzada.com.mx\/index.php?rest_route=%2Fwp%2Fv2%2Ftags&post=36821"}],"curies":[{"name":"wp","href":"https:\/\/api.w.org\/{rel}","templated":true}]}}