{"id":36472,"date":"2022-09-16T09:47:11","date_gmt":"2022-09-16T14:47:11","guid":{"rendered":"https:\/\/diarioavanzada.com.mx\/?p=36472"},"modified":"2022-09-16T09:47:20","modified_gmt":"2022-09-16T14:47:20","slug":"pergenar-el-segundo-ano","status":"publish","type":"post","link":"https:\/\/diarioavanzada.com.mx\/?p=36472","title":{"rendered":"Perge\u00f1ar el segundo a\u00f1o"},"content":{"rendered":"\n<p class=\"wp-block-paragraph\">Columna<\/p>\n\n\n\n<p class=\"wp-block-paragraph\">El puercoesp\u00edn&nbsp;<\/p>\n\n\n\n<p class=\"wp-block-paragraph\">El fracaso ya hizo historia&nbsp;<\/p>\n\n\n\n<p class=\"wp-block-paragraph\">T\u00e9cnicamente todav\u00eda no se cumple un a\u00f1o de gobierno, pol\u00edticamente s\u00ed. Aunque hayan dilatado el informe hasta octubre lo que no se hizo en el curso del a\u00f1o no ser\u00e1 posible hacerlo en un mes. Por tanto, solo le queda al Gobierno de Indi ser ret\u00f3rico y fugarse hacia el futuro, es decir, hablar y hablar y, sobre todo, hablar del futuro que finalmente no existe.<\/p>\n\n\n\n<p class=\"wp-block-paragraph\">Lo peligroso de fugarse hacia el futuro es que se desatienden los asuntos que m\u00e1s apremian y pretendiendo ganar tiempo futuro est\u00e1n perdiendo el presente y lo \u00fanico cierto en todo este desconcierto es el fracaso de un gobierno nonato.<\/p>\n\n\n\n<p class=\"wp-block-paragraph\">El discurso de las m\u00faltiples obras que vendr\u00e1n se les cay\u00f3 el mismo d\u00eda que lo dieron a conocer porque la realidad es brutalmente desoladora. No hay obra ni la habr\u00e1 en el corto, mediano y largo plazos. El presente se les escapa entre las manos y no logran asir el futuro. De las 362 obras de las que hablan, apenas est\u00e1n hechas menos del diez por ciento, el resto est\u00e1 en proceso de gesti\u00f3n y las m\u00e1s en proyectos de factibilidad. Menos del diez por ciento es su realidad precaria, d\u00e9bil y pat\u00e9tica. De 362 obras de las que habla el Gobierno, el 90 por ciento es humo, ret\u00f3rica y demagogia vulgar porque ni siquiera a narrativa de futuro llega.<\/p>\n\n\n\n<p class=\"wp-block-paragraph\">El presupuesto 2023<\/p>\n\n\n\n<p class=\"wp-block-paragraph\">Aunque el Proyecto de Presupuesto de Egresos de la Federaci\u00f3n (PPEF) para 2023, contempla un aumento de mil 804 millones de pesos en comparaci\u00f3n con el presupuesto federal actual, y el Gobierno estatal estima un aumento ligeramente superior al 10%,&nbsp; respecto al a\u00f1o anterior, lo cierto que la inflaci\u00f3n, hasta hoy estimada en un 8.7%, termina por ubicar, en t\u00e9rminos reales, en un aumento p\u00edrrico e insuficiente, baste ver los recortes en la obra p\u00fablica, por ejemplo, hay obras que se ten\u00edan contempladas para Colima y que no recibir\u00e1n ni un solo peso. Baste se\u00f1alar que en el proyecto de presupuesto federal aparecen sin&nbsp; presupuesto&nbsp;la construcci\u00f3n y equipamiento del Hospital Regional Naval en Manzanillo, en donde se tendr\u00eda una inversi\u00f3n de 869 millones 842 mil pesos, seg\u00fan datos de la secretar\u00eda de Hacienda.<\/p>\n\n\n\n<p class=\"wp-block-paragraph\">No es lo \u00fanico, el PPEF 2023 para el estado colimense tampoco asign\u00f3 recursos econ\u00f3micos para los estudios y la preinversi\u00f3n&nbsp; para conocer la factibilidad Tren Regional Colima-Manzanillo, &nbsp;mismo que constar\u00edan 41 millones 483 mil pesos. Tampoco habr\u00e1 recursos para el&nbsp;dragado de mantenimiento en el Puerto Interior San Pedrito y Laguna de Cuyutl\u00e1n API Manzanillo, para la cual se hab\u00eda proyectado una inversi\u00f3n de 605 millones 928 mil pesos.<\/p>\n\n\n\n<p class=\"wp-block-paragraph\">Las malas noticias para Indira y su gobierno no son una casualidad, pues el Gobierno del estado viene hist\u00f3ricamente arrastrando problemas presupuestales end\u00e9micos que le impedir\u00e1n en su segundo a\u00f1o de gobierno \u201chacer algo\u201d.<\/p>\n\n\n\n<p class=\"wp-block-paragraph\">El a\u00f1o 2022 fue tirado a la basura por la negligencia, la incapacidad de gesti\u00f3n, la inexperiencia y la falta de visi\u00f3n de Estado.&nbsp;<\/p>\n\n\n\n<p class=\"wp-block-paragraph\">Primero error.- No hicieron nada por ordenar las finanzas p\u00fablicas ni propusieron ninguna estrategia de car\u00e1cter financiero para sanear las finanzas. Lo \u00fanico cierto fue el tope salarial que le impusieron a los trabajadores del 3% y los endeudamientos han tenido un crecimiento consistente. Por tanto, se observa que los rubros de Pensiones y Jubilaciones sumados al de Deuda P\u00fablica han creciendo en conjunto hasta el 13.22 % cuando anteriormente representaban tan solo el 4 % del presupuesto.<\/p>\n\n\n\n<p class=\"wp-block-paragraph\">Segundo error.- La austeridad fue para la mayor\u00eda de los trabajadores del Gobierno estatal porque los altos funcionarios se aumentaron en grandes proporciones sus salarios y el gasto corriente lo pusieron a su servicio. Dijeron el presupuesto es nuestro, punto.<\/p>\n\n\n\n<p class=\"wp-block-paragraph\">Tercer error.- No elaboraron ning\u00fan proyecto de inversi\u00f3n privada, ni p\u00fablica, porque la secretaria de Fomento Econ\u00f3mico estaba muy ocupada sacando los perros a \u201cmiar\u201d.<\/p>\n\n\n\n<p class=\"wp-block-paragraph\">Cuarto error.- La inseguridad nunca fue tomada con la seriedad que demanda y hoy tenemos un estado que no puede frenar la violencia y los funcionarios muertos de la risa, pero nerviosa porque el carrusel de la muerte no para.<\/p>\n\n\n\n<p class=\"wp-block-paragraph\">Perge\u00f1ando el segundo a\u00f1o<\/p>\n\n\n\n<p class=\"wp-block-paragraph\">El primer a\u00f1o&nbsp; fue un fracaso, el segundo lo ser\u00e1 tambi\u00e9n.<\/p>\n\n\n\n<p class=\"wp-block-paragraph\">Las pensiones, jubilaciones y el sistem\u00e1tico endeudamiento ser\u00e1n las constantes que terminen por sepultar al inepto gobierno de Indira. La pensiones, las jubilaciones y deuda son sus grandes males que crecen y crecen y no hacen nada. Estos problemas terminar\u00e1n por asfixiar al Gobierno de la <em>Mafia de las Amiguis<\/em>.&nbsp;<\/p>\n\n\n\n<p class=\"wp-block-paragraph\">Lo anterior conducir\u00e1 a la agudizaci\u00f3n de la relaci\u00f3n con los trabajadores y con sus dirigentes sindicales, cuando no hay dinero los conflictos crecen porque falta bienestar y el poco que hay lo est\u00e1n canalizando para la burocracia dorada de Indira.<\/p>\n\n\n\n<p class=\"wp-block-paragraph\">Quienes le dieron un a\u00f1o para que este gobierno madurara, perdiera la novatez y asumiera el control tendr\u00e1 que darle otro a\u00f1o m\u00e1s porque el que viene ser\u00e1 igual al primero con la agravante que los problemas financieros ir\u00e1n creciendo poco a poco.<\/p>\n\n\n\n<p class=\"wp-block-paragraph\">En resumen, tendremos en el siguiente a\u00f1o de gobierno: crisis financiera aumentada por la presi\u00f3n de las pensiones, las jubilaciones y la creciente deuda p\u00fablica; la crisis de inseguridad seguir\u00e1 con su constante ritmo de violencia por la incapacidad de las polic\u00edas locales y sus conflictos internos; se agudizar\u00e1 el problema laboral con la plantilla del Gobierno del estado; y el soterrado problema que subyace en el Poder Judicial aflorar\u00e1 con todas sus contradicciones; la sociedad de Colima tendr\u00e1 en la disputa por la instrumentaci\u00f3n de la Revocaci\u00f3n de Mandato con el Gobierno del estado una de las mejores batallas de por la democracia.<\/p>\n\n\n\n<p class=\"wp-block-paragraph\">El gran conflicto de Indira es su incapacidad para gestionar recursos para hacer obra p\u00fablica que se traduzcan en empleos y, por ende, en bienestar social. Colima tuvo en el a\u00f1o 2012 el pico de mayor Inversi\u00f3n&nbsp; P\u00fablica, pues entonces la inversi\u00f3n en obra p\u00fablica represent\u00f3 el 10% del presupuesto total y en el 2021 el gast\u00f3 en Inversi\u00f3n P\u00fablica alcanz\u00f3 apenas el 1.4%&nbsp;<\/p>\n\n\n\n<p class=\"wp-block-paragraph\">Con Indira en el primer semestre de 2022 el gasto en Obra P\u00fablica se report\u00f3 en cero pesos. Pero con la alcantarilla, las bodeguitas y las tuber\u00edas en las comunidades (obras que transforman) algo le sumar\u00e1n al rubro de la Inversi\u00f3n P\u00fablica.&nbsp; Seguro estar\u00e1 abajo del 1.4% gastado en 2021. Pat\u00e9tico el asunto.<\/p>\n\n\n\n<p class=\"wp-block-paragraph\">De ese tama\u00f1o es su gobierno. A\u00f1o uno: fracaso. A\u00f1o dos: fracaso. As\u00ed las cosas con esta muchacha fracasada. Ese es el valor de la <em>Mafia de las Amiguis<\/em>.<\/p>\n<div class=\"fb-background-color\">\n\t\t\t  <div \n\t\t\t  \tclass = \"fb-comments\" \n\t\t\t  \tdata-href = \"https:\/\/diarioavanzada.com.mx\/?p=36472\"\n\t\t\t  \tdata-numposts = \"10\"\n\t\t\t  \tdata-lazy = \"true\"\n\t\t\t\tdata-colorscheme = \"light\"\n\t\t\t\tdata-order-by = \"social\"\n\t\t\t\tdata-mobile=true>\n\t\t\t  <\/div><\/div>\n\t\t  <style>\n\t\t    .fb-background-color {\n\t\t\t\tbackground:  !important;\n\t\t\t}\n\t\t\t.fb_iframe_widget_fluid_desktop iframe {\n\t\t\t    width: 100% !important;\n\t\t\t}\n\t\t  <\/style>\n\t\t  ","protected":false},"excerpt":{"rendered":"<p>Columna El puercoesp\u00edn&nbsp; El fracaso ya hizo historia&nbsp; T\u00e9cnicamente todav\u00eda no se cumple un a\u00f1o de gobierno, pol\u00edticamente s\u00ed. Aunque hayan dilatado el informe hasta octubre lo que no se hizo en el curso del a\u00f1o no ser\u00e1 posible hacerlo en un mes. Por tanto, solo le queda al Gobierno de Indi ser ret\u00f3rico y [&hellip;]<\/p>\n","protected":false},"author":9,"featured_media":36473,"comment_status":"closed","ping_status":"closed","sticky":false,"template":"","format":"standard","meta":{"_coblocks_attr":"","_coblocks_dimensions":"","_coblocks_responsive_height":"","_coblocks_accordion_ie_support":"","advanced_seo_description":"","jetpack_seo_html_title":"","jetpack_seo_noindex":false,"jetpack_seo_schema_type":"","_jetpack_newsletter_access":"","_jetpack_dont_email_post_to_subs":false,"_jetpack_newsletter_tier_id":0,"_jetpack_memberships_contains_paywalled_content":false,"_wpcom_ai_launchpad_first_post":false,"_jetpack_feature_clip_id":0,"_jetpack_memberships_contains_paid_content":false,"footnotes":"","jetpack_post_was_ever_published":false},"categories":[19,209,24],"tags":[210],"class_list":["post-36472","post","type-post","status-publish","format-standard","has-post-thumbnail","hentry","category-colima","category-importantes","category-opinion","tag-portada"],"jetpack-related-posts":[],"jetpack_sharing_enabled":true,"amp_enabled":true,"jetpack_featured_media_url":"https:\/\/diarioavanzada.com.mx\/wp-content\/uploads\/2022\/09\/image-103.png","_links":{"self":[{"href":"https:\/\/diarioavanzada.com.mx\/index.php?rest_route=\/wp\/v2\/posts\/36472","targetHints":{"allow":["GET"]}}],"collection":[{"href":"https:\/\/diarioavanzada.com.mx\/index.php?rest_route=\/wp\/v2\/posts"}],"about":[{"href":"https:\/\/diarioavanzada.com.mx\/index.php?rest_route=\/wp\/v2\/types\/post"}],"author":[{"embeddable":true,"href":"https:\/\/diarioavanzada.com.mx\/index.php?rest_route=\/wp\/v2\/users\/9"}],"replies":[{"embeddable":true,"href":"https:\/\/diarioavanzada.com.mx\/index.php?rest_route=%2Fwp%2Fv2%2Fcomments&post=36472"}],"version-history":[{"count":1,"href":"https:\/\/diarioavanzada.com.mx\/index.php?rest_route=\/wp\/v2\/posts\/36472\/revisions"}],"predecessor-version":[{"id":36474,"href":"https:\/\/diarioavanzada.com.mx\/index.php?rest_route=\/wp\/v2\/posts\/36472\/revisions\/36474"}],"wp:featuredmedia":[{"embeddable":true,"href":"https:\/\/diarioavanzada.com.mx\/index.php?rest_route=\/wp\/v2\/media\/36473"}],"wp:attachment":[{"href":"https:\/\/diarioavanzada.com.mx\/index.php?rest_route=%2Fwp%2Fv2%2Fmedia&parent=36472"}],"wp:term":[{"taxonomy":"category","embeddable":true,"href":"https:\/\/diarioavanzada.com.mx\/index.php?rest_route=%2Fwp%2Fv2%2Fcategories&post=36472"},{"taxonomy":"post_tag","embeddable":true,"href":"https:\/\/diarioavanzada.com.mx\/index.php?rest_route=%2Fwp%2Fv2%2Ftags&post=36472"}],"curies":[{"name":"wp","href":"https:\/\/api.w.org\/{rel}","templated":true}]}}