{"id":36432,"date":"2022-09-14T07:33:25","date_gmt":"2022-09-14T12:33:25","guid":{"rendered":"https:\/\/diarioavanzada.com.mx\/?p=36432"},"modified":"2022-09-14T07:33:34","modified_gmt":"2022-09-14T12:33:34","slug":"por-que-la-derecha-no-entiende-a-amlo-porque-amlo-es-un-politico-es-un-revolucionario","status":"publish","type":"post","link":"https:\/\/diarioavanzada.com.mx\/?p=36432","title":{"rendered":"\u00bfPor qu\u00e9 la derecha no entiende a Amlo? Porque Amlo es un pol\u00edtico, es un revolucionario"},"content":{"rendered":"\n<p class=\"wp-block-paragraph\">Columna<\/p>\n\n\n\n<p class=\"wp-block-paragraph\">El puercoesp\u00edn&nbsp;<\/p>\n\n\n\n<p class=\"wp-block-paragraph\">Pre\u00e1mbulo &nbsp;<\/p>\n\n\n\n<p class=\"wp-block-paragraph\">En la v\u00edspera de que Le\u00f3n&nbsp; Troski saliera rumbo a M\u00e9xico \u00e9ste fue limitado en sus derechos pol\u00edticos y pr\u00e1cticamente invitado a retirarse de Noruega por las presiones del gobierno de Stalin. En la novela <em>El hombre que amaba los perros <\/em>deLeonardo Padura se recrea &#8211;ficticia y magistralmente&#8211; la escena que pudo haberse dado entre Tryge Lie y Le\u00f3n Troski.<\/p>\n\n\n\n<p class=\"wp-block-paragraph\">Padura escribe textualmente: \u201cAunque Liev Dav\u00eddovich (Troski) sinti\u00f3 como la ir\u00e1 lo desbordaba, consigui\u00f3 calmarse y le pregunt\u00f3 al ministro si en las ma\u00f1anas, cuando se afeitaba&nbsp; frente al espejo, no le daba verg\u00fcenza mirarse a la cara. Un vapor rojizo cubri\u00f3 el rostro de Lie, que esper\u00f3 unos segundos antes de reprocharle su ingratitud al acogido<strong>: como pol\u00edtico que era, deb\u00eda de saber las exigencias que muchas veces impon\u00eda la pol\u00edtica. Pero la aclaraci\u00f3n del otro fue inmediata: Lie era un pol\u00edtico; \u00e9l un revolucionario\u2026\u201d <\/strong>(el subrayado es m\u00edo).<\/p>\n\n\n\n<p class=\"wp-block-paragraph\">Troski sali\u00f3 de Noruega y vino a M\u00e9xico y el resto es historia.<\/p>\n\n\n\n<p class=\"wp-block-paragraph\"><strong>Troski<\/strong> pod\u00eda comportarse como \u00e9l quer\u00eda, sin ser grosero, incluso, contra un gobierno que le hab\u00eda brindado asilo pol\u00edtico porque, antes que pol\u00edtico, <strong>era un revolucionario<\/strong>, \u00e9l junto con Lenin y Stalin hab\u00edan consumado la segunda revoluci\u00f3n m\u00e1s portentosa del siglo XX: La Revoluci\u00f3n de Octubre; la primera fue la Revoluci\u00f3n M\u00e9xicana.&nbsp;<\/p>\n\n\n\n<p class=\"wp-block-paragraph\">Conociendo a Amlo<\/p>\n\n\n\n<p class=\"wp-block-paragraph\">L\u00f3pez&nbsp; Obrador no ha podido ser descifrado por la oposici\u00f3n de derecha en M\u00e9xico y como consecuencia no ha podido contrarrestar las acciones pol\u00edticas del presidente de M\u00e9xico, pero curiosamente, sus mismos compa\u00f1eros pol\u00edticos, los militantes de Morena y grandes cantidades que convergen en el movimiento de la Cuarta Transformaci\u00f3n tampoco saben definirlo.<\/p>\n\n\n\n<p class=\"wp-block-paragraph\">Quiz\u00e1 una gran cantidad de obradoristas (4T) intuyen su identidad y consecuentemente lo apoyan, aparentemente, solo como un acto de fe. Perciben en \u00e9l no solo un voluntarista sino un l\u00edder que va m\u00e1s all\u00e1 y es capaz de conducir a las transformaciones que el pa\u00eds necesita hoy.<\/p>\n\n\n\n<p class=\"wp-block-paragraph\"><strong>L\u00f3pez Obrador es un l\u00edder revolucionario y es un pol\u00edtico<\/strong>. Obrador tiene la dualidad de los hombres dispuestos a transformar encabezando acciones que transforman y reconfiguran a un&nbsp; pa\u00eds.<\/p>\n\n\n\n<p class=\"wp-block-paragraph\"><strong>Amlo es revolucionario<\/strong> cuando dispuso que el presupuesto fuera dise\u00f1ado con base en prioridad de los pobres, es decir, replanteando un Estado de bienestar; es revolucionario cuando sin pedir permiso defiende una Reforma El\u00e9ctrica -y pone en jaque a las empresas extranjeras depredadoras&#8211;, adem\u00e1s propone una estrategia energ\u00e9tica que supone el dominio del Estado mexicano sobre los recursos energ\u00e9ticos; es revolucionario cuando se planta, intransigentemente, frente al poder\u00edo de los Estados Unidos reivindicando nuestra soberan\u00eda y nuestro derecho a decidir, &#8211;para la derecha mexicana esto es un sacrilegio&#8211; y la derecha est\u00e1 viendo como los Estados Unidos as\u00ed sea un presidente rupturista y autoritario como Donal Trump o un bur\u00f3crata como Joe Baiden se topan con la firmeza de un&nbsp; presidente que asume el poder pol\u00edtico soberano frente a los acomplejados, como lo son los derechistas y conservadores, que no conciben otra pol\u00edtica exterior que la del entreguismo y la sumisi\u00f3n.<\/p>\n\n\n\n<p class=\"wp-block-paragraph\"><strong>Amlo es un pol\u00edtico<\/strong> cuando enfrenta con las formas de la tolerancia y la negociaci\u00f3n a los \u00f3rganos aut\u00f3nomos que son los \u00faltimos baluartes que sustituyeron las pol\u00edticas de bienestar por las pol\u00edticas del saqueo; es un pol\u00edtico cuando trata a los gobernadores, algunos ladrones y criminales, como Garc\u00eda Cabeza de Vaca o m\u00e1s ponderados como los de Jalisco y Quer\u00e9taro, pero no menos partidarios del saqueo y la destrucci\u00f3n del Estado de bienestar; es pol\u00edtico en la forma que tolera los insultos, las calumnias y las malas formas de la prensa mexicana que parece haber estallado de ira contra un leviat\u00e1n que les roba el ox\u00edgeno mismo; es pol\u00edtico con su propias gobernadores partidarios que han demostrado ser ineficientes e incapaces de asumir un proyecto de naci\u00f3n que est\u00e1 en disputa.<\/p>\n\n\n\n<p class=\"wp-block-paragraph\">El \u00e9xito de Amlo consiste en saberse manejar con verdadera maestr\u00eda, es decir, cu\u00e1ndo comportarse como un revolucionario y cu\u00e1ndo ser un pol\u00edtico, \u00e9l escoge los campos de batalla y las formas de enfrentar al enemigo. Hasta parece que aplica la m\u00e1xima gramsciana que reza: an\u00e1lisis concreto de la situaci\u00f3n concreta y actuar en consecuencia.&nbsp;<\/p>\n\n\n\n<p class=\"wp-block-paragraph\">La oposici\u00f3n no sabe cu\u00e1ndo est\u00e1 operando una u otra opci\u00f3n, no sabe, o no quiere saber, cuando debe combatir cada tipo de acciones y comportamientos del presidente. La derecha no reconoce cuando se trata de acciones&nbsp; de gran calado que definen la estructura del Estado y, por tanto, es revolucionaria y cuando se trata de una acci\u00f3n pol\u00edtica de menor calado en la que ellos incluso pueden incidir y salir del autoaislamiento y marginaci\u00f3n de la toma de decisiones.<\/p>\n\n\n\n<p class=\"wp-block-paragraph\">Al automarginarse la derecha queda autom\u00e1ticamente lejos de influir y pol\u00edticamente evidencia su falta de proyecto. Solo repite su f\u00f3rmula de descalificaci\u00f3n y actualiza los discursos e insultos en los medios propagand\u00edsticos y en las redes sociales, el resultado siempre es el mismo: amplio apoyo al presidente y estancamiento e inmovilizaci\u00f3n de la base de derecha.<\/p>\n\n\n\n<p class=\"wp-block-paragraph\">Si la derecha leyera m\u00e1s racionalmente y menos con la emoci\u00f3n las acciones del presidente tendr\u00edamos una disputa pol\u00edtica en M\u00e9xico de alto nivel, pero no, la derecha se escapa por la tangente.&nbsp;<\/p>\n\n\n\n<p class=\"wp-block-paragraph\">La paradoja&nbsp;<\/p>\n\n\n\n<p class=\"wp-block-paragraph\">Lamentablemente los partidarios del presidente, y actualmente controladores del partido Morena, tampoco quieren leerlo correctamente y acusan un analfabetismo pol\u00edtico providencial.<\/p>\n\n\n\n<p class=\"wp-block-paragraph\">Los gobiernos locales, emanados de Morena, muy convenientemente leen las acciones del presidente como un pol\u00edtico y le niegan su car\u00e1cter revolucionario, muy convenientemente para ellos evadir esta faceta del presidente.<\/p>\n\n\n\n<p class=\"wp-block-paragraph\">Los gobiernos locales de Morena ven en el presidente un pol\u00edtico normal, tradicional y apegado al librito. Uno puede observar a los gobernadores ignorar las acciones revolucionarias del presidente y, en el mejor de los caso,&nbsp; las ven como algo muy lejos que solo tiene que ver como asuntos del \u00e1mbitos federal que en anda nos afectan.<\/p>\n\n\n\n<p class=\"wp-block-paragraph\">El Gobierno de Colima emanado de Morena, como en casi todo el pa\u00eds, contin\u00faan con las pr\u00e1cticas de instalar en los puestos p\u00fablicos a ineptos, a los parientes y a los amigos arraigando la corrupci\u00f3n por la v\u00eda de su&nbsp; nepotismo m\u00e1s pr\u00edstino. Ignoran o pretenden ignorar que el pueblo est\u00e1 mandatando la erradicaci\u00f3n de la corrupci\u00f3n. Los gobiernos locales contin\u00faan con sus pr\u00e1cticas corruptas como si nada estuviera pasando en el pa\u00eds. Leen en las acciones del presidente que tienen permiso para seguir robando. Quieren su respaldo pol\u00edtico, pero no quieren transformar sus estados que es su tarea particular y principal. Desentienden las tareas que propone el presidente y se sienten c\u00f3modos en la ineptitud y en su nepotismo que seculariza la corrupci\u00f3n.<\/p>\n\n\n\n<p class=\"wp-block-paragraph\">No entienden al presidente pol\u00edtico ni al presidente revolucionario. Sienten que el no ser rega\u00f1ados en p\u00fablico &#8211;como antes lo hac\u00edan los presidentes magn\u00e1nimos&#8211; es una t\u00e1cita forma de permitir la corrupci\u00f3n. Error, la historia los pondr\u00e1 en su lugar.<\/p>\n\n\n\n<p class=\"wp-block-paragraph\">Al presidente, en su modo pol\u00edtico, ha sido permisivo con la corrupci\u00f3n de sus correligionarios, pero la base obradorista pondr\u00e1 en su lugar a quien sea necesario cuando tenga, en su momento,&nbsp; sus instrumentos directos de participaci\u00f3n pol\u00edtica.<\/p>\n\n\n\n<p class=\"wp-block-paragraph\">Mientras el presidente est\u00e1 impulsando m\u00e9todos revolucionarios para que la sociedad los use en su momento como son&nbsp; la consulta popular y la revocaci\u00f3n de mandato, los gobernadores de Morena &#8211;en su mayor\u00eda&#8211; est\u00e1n combatiendo estos m\u00e9todos creyendo que nadie les demandar\u00e1 su proceder. La realidad sugiere todo lo contrario.<\/p>\n\n\n\n<p class=\"wp-block-paragraph\">La corrupci\u00f3n y los instrumentos pol\u00edticos de los ciudadanos como la consulta popular y la revocaci\u00f3n de mandato llegaron para ser usados y los pol\u00edticos que hoy acompa\u00f1an a Amlo ser\u00e1n derrotados por el amplio movimiento llamado Cuarta Transformaci\u00f3n.&nbsp;<\/p>\n\n\n\n<p class=\"wp-block-paragraph\">Coincidencias hist\u00f3ricas&nbsp;<\/p>\n\n\n\n<p class=\"wp-block-paragraph\">Le\u00f3n Toski dio su lucha y realiz\u00f3 su periplo de exilio cuando la sociedad europea debat\u00eda el ascenso del fascismo y la discusi\u00f3n y lucha pol\u00edtico-militar se dio en la Guerra Civil Espa\u00f1ola y las consecuencias ya las sabemos. Lo cierto es que los capitalistas apoyaron a los fascistas creyendo que contendr\u00edan a los comunistas triunfantes de la Revoluci\u00f3n de Octubre de Lenin. Y, seg\u00fan Troski, los comunistas no hicieron lo suficiente para aplastar a los fascistas antes de ganar el gobierno de Alemania.<\/p>\n\n\n\n<p class=\"wp-block-paragraph\">Yo tengo una visi\u00f3n m\u00e1s literaria que hist\u00f3rica, pero estoy cierto que las novelas como <em>Por qui\u00e9n doblan las campanas<\/em> de Ernest Hemingway; <em>In\u00e9s y la alegr\u00eda<\/em> de Almuneda Grandes; <em>El mundo entre costuras <\/em>de Mar\u00eda Due\u00f1as; y <em>El hombre que amaba los perros<\/em> nos da una visi\u00f3n muy humana y cruel del ascenso del fascismo al poder.<\/p>\n\n\n\n<p class=\"wp-block-paragraph\">Amlo est\u00e1 sobrellevando su gobierno en un contexto de poscrisis sanitaria marcada por el Covid-19 y el ascenso de los neofascistas de la Otan y de Ucrania que metieron en una crisis de energ\u00e9ticos que, apenas comienza, y la movilizaci\u00f3n de Europa est\u00e1 empezando a adquirir tintes impredecibles.<\/p>\n\n\n\n<p class=\"wp-block-paragraph\">Por ello es importante saber entender c\u00f3mo es nuestro presidente: <strong>yo sostengo que es un hombre revolucionario y es un pol\u00edtico <\/strong>de all\u00ed que, tanto conservadores como morenistas, sean incapaces de comprenderlo. El movimiento obradorista, sin embargo, lo intuye y lee perfectamente.&nbsp;<\/p>\n<div class=\"fb-background-color\">\n\t\t\t  <div \n\t\t\t  \tclass = \"fb-comments\" \n\t\t\t  \tdata-href = \"https:\/\/diarioavanzada.com.mx\/?p=36432\"\n\t\t\t  \tdata-numposts = \"10\"\n\t\t\t  \tdata-lazy = \"true\"\n\t\t\t\tdata-colorscheme = \"light\"\n\t\t\t\tdata-order-by = \"social\"\n\t\t\t\tdata-mobile=true>\n\t\t\t  <\/div><\/div>\n\t\t  <style>\n\t\t    .fb-background-color {\n\t\t\t\tbackground:  !important;\n\t\t\t}\n\t\t\t.fb_iframe_widget_fluid_desktop iframe {\n\t\t\t    width: 100% !important;\n\t\t\t}\n\t\t  <\/style>\n\t\t  ","protected":false},"excerpt":{"rendered":"<p>Columna El puercoesp\u00edn&nbsp; Pre\u00e1mbulo &nbsp; En la v\u00edspera de que Le\u00f3n&nbsp; Troski saliera rumbo a M\u00e9xico \u00e9ste fue limitado en sus derechos pol\u00edticos y pr\u00e1cticamente invitado a retirarse de Noruega por las presiones del gobierno de Stalin. En la novela El hombre que amaba los perros deLeonardo Padura se recrea &#8211;ficticia y magistralmente&#8211; la escena [&hellip;]<\/p>\n","protected":false},"author":9,"featured_media":36430,"comment_status":"closed","ping_status":"closed","sticky":false,"template":"","format":"standard","meta":{"_coblocks_attr":"","_coblocks_dimensions":"","_coblocks_responsive_height":"","_coblocks_accordion_ie_support":"","advanced_seo_description":"","jetpack_seo_html_title":"","jetpack_seo_noindex":false,"jetpack_seo_schema_type":"","_jetpack_newsletter_access":"","_jetpack_dont_email_post_to_subs":false,"_jetpack_newsletter_tier_id":0,"_jetpack_memberships_contains_paywalled_content":false,"_wpcom_ai_launchpad_first_post":false,"_jetpack_feature_clip_id":0,"_jetpack_memberships_contains_paid_content":false,"footnotes":"","jetpack_post_was_ever_published":false},"categories":[19,209,24],"tags":[210],"class_list":["post-36432","post","type-post","status-publish","format-standard","has-post-thumbnail","hentry","category-colima","category-importantes","category-opinion","tag-portada"],"jetpack-related-posts":[],"jetpack_sharing_enabled":true,"amp_enabled":true,"jetpack_featured_media_url":"https:\/\/diarioavanzada.com.mx\/wp-content\/uploads\/2022\/09\/AMLO-.jpg","_links":{"self":[{"href":"https:\/\/diarioavanzada.com.mx\/index.php?rest_route=\/wp\/v2\/posts\/36432","targetHints":{"allow":["GET"]}}],"collection":[{"href":"https:\/\/diarioavanzada.com.mx\/index.php?rest_route=\/wp\/v2\/posts"}],"about":[{"href":"https:\/\/diarioavanzada.com.mx\/index.php?rest_route=\/wp\/v2\/types\/post"}],"author":[{"embeddable":true,"href":"https:\/\/diarioavanzada.com.mx\/index.php?rest_route=\/wp\/v2\/users\/9"}],"replies":[{"embeddable":true,"href":"https:\/\/diarioavanzada.com.mx\/index.php?rest_route=%2Fwp%2Fv2%2Fcomments&post=36432"}],"version-history":[{"count":1,"href":"https:\/\/diarioavanzada.com.mx\/index.php?rest_route=\/wp\/v2\/posts\/36432\/revisions"}],"predecessor-version":[{"id":36433,"href":"https:\/\/diarioavanzada.com.mx\/index.php?rest_route=\/wp\/v2\/posts\/36432\/revisions\/36433"}],"wp:featuredmedia":[{"embeddable":true,"href":"https:\/\/diarioavanzada.com.mx\/index.php?rest_route=\/wp\/v2\/media\/36430"}],"wp:attachment":[{"href":"https:\/\/diarioavanzada.com.mx\/index.php?rest_route=%2Fwp%2Fv2%2Fmedia&parent=36432"}],"wp:term":[{"taxonomy":"category","embeddable":true,"href":"https:\/\/diarioavanzada.com.mx\/index.php?rest_route=%2Fwp%2Fv2%2Fcategories&post=36432"},{"taxonomy":"post_tag","embeddable":true,"href":"https:\/\/diarioavanzada.com.mx\/index.php?rest_route=%2Fwp%2Fv2%2Ftags&post=36432"}],"curies":[{"name":"wp","href":"https:\/\/api.w.org\/{rel}","templated":true}]}}