{"id":36308,"date":"2022-09-09T07:06:12","date_gmt":"2022-09-09T12:06:12","guid":{"rendered":"https:\/\/diarioavanzada.com.mx\/?p=36308"},"modified":"2022-09-09T07:06:25","modified_gmt":"2022-09-09T12:06:25","slug":"quemar-la-casa","status":"publish","type":"post","link":"https:\/\/diarioavanzada.com.mx\/?p=36308","title":{"rendered":"Quemar la casa"},"content":{"rendered":"\n<p class=\"wp-block-paragraph\">Columna<\/p>\n\n\n\n<p class=\"wp-block-paragraph\">El puercoesp\u00edn &nbsp;<\/p>\n\n\n\n<p class=\"wp-block-paragraph\">La iniciativa fallida<\/p>\n\n\n\n<p class=\"wp-block-paragraph\">El ministro Luis Mar\u00eda Aguilar Morales retir\u00f3 el proyecto donde propon\u00eda \u201cinaplicar\u201d el art\u00edculo 19 de la Constituci\u00f3n para invalidar la Prisi\u00f3n Preventiva Oficiosa (PPO), luego de reconocer que la mayor\u00eda del pleno de la Suprema Corte de Justicia de la Naci\u00f3n (SCJN) manifest\u00f3 durante la semana su oposici\u00f3n a aprobar esta decisi\u00f3n.<\/p>\n\n\n\n<p class=\"wp-block-paragraph\">La verdad es que hubo una fuerte oposici\u00f3n p\u00fablica y del Ejecutivo federal que evitaron invalidar la PPO por parte de la Suprema Corte. Y la mayor\u00eda de los ciudadanos vimos en esa iniciativa, no otra cosa, que abrirle la puerta a miles de delincuentes ligados al crimen organizado, es decir, a la sociedad pol\u00edtica.&nbsp;<\/p>\n\n\n\n<p class=\"wp-block-paragraph\">Por otro lado la oposici\u00f3n ahora se rasga las vestiduras y est\u00e1 luchando para nulificar a la Guardia Nacional bajo el argumento que se est\u00e1 militarizando el territorio nacional.<\/p>\n\n\n\n<p class=\"wp-block-paragraph\">Hasta 2016 solo exist\u00edan nueve delitos por los que se pod\u00eda aplicar la Prisi\u00f3n Preventiva Oficiosa, para 2019, ya con Morena en el poder, los delitos graves fueron ampliados hasta 18 donde se incluyen los delitos contra la corrupci\u00f3n que son: uso de programas sociales con fines electorales; corrupci\u00f3n: enriquecimiento il\u00edcito y ejercicio abusivo de la funci\u00f3n p\u00fablica; delitos en materia de hidrocarburos, petrol\u00edficos o petroqu\u00edmicos.&nbsp;<\/p>\n\n\n\n<p class=\"wp-block-paragraph\">Como lo se\u00f1ale al principio la intenci\u00f3n de la derecha corrupta y conservadora, en su \u00faltimo&nbsp; baluarte, la Suprema Corte, fracas\u00f3 en la intenci\u00f3n de abrir la puerta a los narcotraficantes y financiadores y aliados de los saqueadores de los bienes del Estado. El Poder Judicial en pleno al servicio del narcotr\u00e1fico y de corruptos.&nbsp;<\/p>\n\n\n\n<p class=\"wp-block-paragraph\">La eliminaci\u00f3n de la PPO fall\u00f3 y con ellos se evit\u00f3 abrirles la puerta a todos los rateros ahora bajo proceso.<\/p>\n\n\n\n<p class=\"wp-block-paragraph\">La sospecha<\/p>\n\n\n\n<p class=\"wp-block-paragraph\">Un&nbsp;tribunal federal le concedi\u00f3 el amparo&nbsp;al ex director de Petr\u00f3leos Mexicanos (Pemex),&nbsp;<strong>Emilio Lozoya Austin<\/strong>, y&nbsp;<strong>orden\u00f3 dejar sin efecto la resoluci\u00f3n que confirm\u00f3 la medida cautelar de prisi\u00f3n preventiva<\/strong>&nbsp;<strong>justificada <\/strong>que se le impuso por el&nbsp;caso Odebrecht.<\/p>\n\n\n\n<p class=\"wp-block-paragraph\">La sentencia&nbsp;de la magistrada&nbsp;<strong>Gabriela Guadalupe Rodr\u00edguez Escobar<\/strong>, titular del Primer Tribunal Unitario en materia Penal,&nbsp;no implica la inmediata libertad del ex servidor p\u00fablico.<\/p>\n\n\n\n<p class=\"wp-block-paragraph\">Explic\u00f3 que&nbsp;<strong>el amparo es para el efecto de que se estudie otra vez el caso<\/strong>&nbsp;y se emita un nuevo pronunciamiento en cualquier sentido<\/p>\n\n\n\n<p class=\"wp-block-paragraph\">Tambi\u00e9n debe valorar lo expuesto por la defensa, luego de que&nbsp;la Fiscal\u00eda General de la Rep\u00fablica (FGR) asegur\u00f3 que Emilio Lozoya podr\u00eda tener acceso a 2 millones de euros de la empresa JF Holding<strong>, <\/strong>de la cual es accionista, recursos que le facilitar\u00edan evadir la justicia.<\/p>\n\n\n\n<p class=\"wp-block-paragraph\">Curiosamente, le otorgan este amparo de revisi\u00f3n a Lozoya justamente cuando la Suprema Cort\u00e9 estaba discutiendo la prisi\u00f3n preventiva oficiosa. El plan era perfecto la magistrada otorga este amparo de revisi\u00f3n y coincidencia con la eliminaci\u00f3n de la PPO; luego entonces, pondr\u00eda tambi\u00e9n en tela de juicio la <strong>prisi\u00f3n preventiva justifica<\/strong> y autom\u00e1ticamente tendr\u00edan elementos para liberar a Emilio Lozoya.<\/p>\n\n\n\n<p class=\"wp-block-paragraph\">El plan era perfecto liberar a Emilio Lozoya hubiera significado imponerle una derrota medi\u00e1tica&nbsp; y jur\u00eddica al actual gobierno. Exhibi\u00e9ndole como incompetente y como aliado de los criminales, cuando son ellos los partidarios de abrirles la puerta a sus c\u00f3mplices del crimen organizado y el narcotr\u00e1fico y de los funcionarios que saquearon las empresas estatales; sin embargo la presi\u00f3n ejercida contra el Poder Judicial tuvo la suficiente fuerza y la Suprema Corte tuvo que dar marcha atr\u00e1s, pero el crimen organizado ya demostr\u00f3 que tiene de su parte al Poder Judicial.<\/p>\n\n\n\n<p class=\"wp-block-paragraph\">El otro flanco<\/p>\n\n\n\n<p class=\"wp-block-paragraph\">Por otra parte los conservadores est\u00e1n impulsando una campa\u00f1a para retirar a la Guardia Nacional de las calles para que el pa\u00eds arda y; luego entonces, argumentar ingobernabilidad y asumir el poder. Sin embargo los gobernadores que quedan de <em>Va por M\u00e9xico<\/em> son pocos y ninguno ha pedido el retiro de la Guardia Nacional ni ha cuestionado su militarizaci\u00f3n, sino todo lo contrario, la requieren y la ponderan muy bien.<\/p>\n\n\n\n<p class=\"wp-block-paragraph\">Quienes apoyaron la guerra contra el narcotr\u00e1fico en el periodo de Calder\u00f3n y sacaron a las calles al Ej\u00e9rcito &#8211;por cierto sin base legal&#8211; hoy se quejan de la militarizaci\u00f3n del territorio nacional. Son hip\u00f3critas, pues quieren retirar a la Guardia Nacional porque precisamente \u00e9sta est\u00e1 dando resultados, y ellos lo saben, retirar la Guardia Nacional significar\u00eda dejar el pa\u00eds en las manos de los criminales. Todos sabemos que las polic\u00edas municipales y estatales est\u00e1n altamente penetradas por el narcotr\u00e1fico.<\/p>\n\n\n\n<p class=\"wp-block-paragraph\">La derecha quiere incendiar el pa\u00eds, pero no cuentan con base social para hacerlo. Sus manifestaciones contra la militarizaci\u00f3n son inexistentes. Su queja de militarizaci\u00f3n del pa\u00eds es falsa e hip\u00f3crita porque sacaron al Ej\u00e9rcito ilegalmente y hoy lo quieren en los cuarteles porque est\u00e1 dando resultados. Son una caricatura y cada d\u00eda se empe\u00f1an en hacer de \u00e9sta un ente m\u00e1s grotesco.<\/p>\n\n\n\n<p class=\"wp-block-paragraph\">Y todav\u00eda m\u00e1s, su coalici\u00f3n pol\u00edtica se est\u00e1 desgranando porque sus vociferaciones carecen de sustento de la realidad y carecen de apoyo social.<\/p>\n\n\n\n<p class=\"wp-block-paragraph\">La derecha cada d\u00eda se obstina en demostrar que est\u00e1 moralmente derrotada y cada d\u00eda m\u00e1s fuera de la realidad y con una \u00fanica intenci\u00f3n incendiar a M\u00e9xico para luego tomar el poder y pacificarlo, seg\u00fan ellos.<\/p>\n\n\n\n<p class=\"wp-block-paragraph\">Los corruptos siguen muy activos y su base social, afortunadamente, solo se localiza en las redes insultando y mintiendo, pero son incapaces de salir a la calle porque saben que sus posturas son falsas e hip\u00f3critras, el pa\u00eds que ellos defienden solo est\u00e1 en su imaginario mental, valga la redundancia.<\/p>\n\n\n\n<p class=\"wp-block-paragraph\">La derecha est\u00e1 completamente fuera de la realidad y quiere quemar la casa.<\/p>\n<div class=\"fb-background-color\">\n\t\t\t  <div \n\t\t\t  \tclass = \"fb-comments\" \n\t\t\t  \tdata-href = \"https:\/\/diarioavanzada.com.mx\/?p=36308\"\n\t\t\t  \tdata-numposts = \"10\"\n\t\t\t  \tdata-lazy = \"true\"\n\t\t\t\tdata-colorscheme = \"light\"\n\t\t\t\tdata-order-by = \"social\"\n\t\t\t\tdata-mobile=true>\n\t\t\t  <\/div><\/div>\n\t\t  <style>\n\t\t    .fb-background-color {\n\t\t\t\tbackground:  !important;\n\t\t\t}\n\t\t\t.fb_iframe_widget_fluid_desktop iframe {\n\t\t\t    width: 100% !important;\n\t\t\t}\n\t\t  <\/style>\n\t\t  ","protected":false},"excerpt":{"rendered":"<p>Columna El puercoesp\u00edn &nbsp; La iniciativa fallida El ministro Luis Mar\u00eda Aguilar Morales retir\u00f3 el proyecto donde propon\u00eda \u201cinaplicar\u201d el art\u00edculo 19 de la Constituci\u00f3n para invalidar la Prisi\u00f3n Preventiva Oficiosa (PPO), luego de reconocer que la mayor\u00eda del pleno de la Suprema Corte de Justicia de la Naci\u00f3n (SCJN) manifest\u00f3 durante la semana su [&hellip;]<\/p>\n","protected":false},"author":9,"featured_media":36309,"comment_status":"closed","ping_status":"closed","sticky":false,"template":"","format":"standard","meta":{"_coblocks_attr":"","_coblocks_dimensions":"","_coblocks_responsive_height":"","_coblocks_accordion_ie_support":"","advanced_seo_description":"","jetpack_seo_html_title":"","jetpack_seo_noindex":false,"jetpack_seo_schema_type":"","_jetpack_newsletter_access":"","_jetpack_dont_email_post_to_subs":false,"_jetpack_newsletter_tier_id":0,"_jetpack_memberships_contains_paywalled_content":false,"_wpcom_ai_launchpad_first_post":false,"_jetpack_feature_clip_id":0,"_jetpack_memberships_contains_paid_content":false,"footnotes":"","jetpack_post_was_ever_published":false},"categories":[19,209,24],"tags":[210],"class_list":["post-36308","post","type-post","status-publish","format-standard","has-post-thumbnail","hentry","category-colima","category-importantes","category-opinion","tag-portada"],"jetpack-related-posts":[],"jetpack_sharing_enabled":true,"amp_enabled":true,"jetpack_featured_media_url":"https:\/\/diarioavanzada.com.mx\/wp-content\/uploads\/2022\/09\/image-56.png","_links":{"self":[{"href":"https:\/\/diarioavanzada.com.mx\/index.php?rest_route=\/wp\/v2\/posts\/36308","targetHints":{"allow":["GET"]}}],"collection":[{"href":"https:\/\/diarioavanzada.com.mx\/index.php?rest_route=\/wp\/v2\/posts"}],"about":[{"href":"https:\/\/diarioavanzada.com.mx\/index.php?rest_route=\/wp\/v2\/types\/post"}],"author":[{"embeddable":true,"href":"https:\/\/diarioavanzada.com.mx\/index.php?rest_route=\/wp\/v2\/users\/9"}],"replies":[{"embeddable":true,"href":"https:\/\/diarioavanzada.com.mx\/index.php?rest_route=%2Fwp%2Fv2%2Fcomments&post=36308"}],"version-history":[{"count":1,"href":"https:\/\/diarioavanzada.com.mx\/index.php?rest_route=\/wp\/v2\/posts\/36308\/revisions"}],"predecessor-version":[{"id":36310,"href":"https:\/\/diarioavanzada.com.mx\/index.php?rest_route=\/wp\/v2\/posts\/36308\/revisions\/36310"}],"wp:featuredmedia":[{"embeddable":true,"href":"https:\/\/diarioavanzada.com.mx\/index.php?rest_route=\/wp\/v2\/media\/36309"}],"wp:attachment":[{"href":"https:\/\/diarioavanzada.com.mx\/index.php?rest_route=%2Fwp%2Fv2%2Fmedia&parent=36308"}],"wp:term":[{"taxonomy":"category","embeddable":true,"href":"https:\/\/diarioavanzada.com.mx\/index.php?rest_route=%2Fwp%2Fv2%2Fcategories&post=36308"},{"taxonomy":"post_tag","embeddable":true,"href":"https:\/\/diarioavanzada.com.mx\/index.php?rest_route=%2Fwp%2Fv2%2Ftags&post=36308"}],"curies":[{"name":"wp","href":"https:\/\/api.w.org\/{rel}","templated":true}]}}