{"id":36014,"date":"2022-08-29T06:30:37","date_gmt":"2022-08-29T11:30:37","guid":{"rendered":"https:\/\/diarioavanzada.com.mx\/?p=36014"},"modified":"2022-08-29T06:35:33","modified_gmt":"2022-08-29T11:35:33","slug":"gobiernos-estatal-y-municipales-fracasados","status":"publish","type":"post","link":"https:\/\/diarioavanzada.com.mx\/?p=36014","title":{"rendered":"Gobiernos estatal y municipales fracasados"},"content":{"rendered":"\n<p class=\"wp-block-paragraph\">Columna<\/p>\n\n\n\n<p class=\"wp-block-paragraph\">El puercoesp\u00edn\u00a0<\/p>\n\n\n\n<p class=\"wp-block-paragraph\">La zona metropolitana del estado de Colima padece una de las peores crisis pol\u00edticas en mucho tiempo. No importa el color del partido que gobierna (PRI, PAN o Morena) hay algo profundo que los iguala la ineptitud, la frivolidad, la indolencia y su b\u00fasqueda irrefrenable por ganar dinero f\u00e1cil. Colima Norte luce f\u00edsicamente muy mal y sus entra\u00f1as est\u00e1n peor, su ca\u00edda libre inicio el 25 de enero del a\u00f1o en curso, esa fecha pasar\u00e1 a la historia porque marca la masacre en el Cereso de Colima y el inicio de una espiral de violencia sin precedentes&nbsp; su numeralia es la siguiente: en ocho meses han sido asesinadas 586 personas desde la masacre del Cereso, es decir, hace ocho meses; 72.25&nbsp; son asesinadas por mes; 14.31 por semana; 2.6 personas son asesinadas al d\u00eda; por tanto, en Colima, asesinan a una persona cada nueve horas con veintid\u00f3s&nbsp; minutos; la violencia en Colima no para, las cabezas abandonadas en los jardines y cuerpos descuartizados en las calles sigue siendo la constante y no parece haber signos que nos avisen del fin. La violencia sigue imparable.<\/p>\n\n\n\n<p class=\"wp-block-paragraph\">El Poder Ejecutivo estatal contin\u00faa con su ejercicio gubernamental desastroso y el Poder Legislativo sigue siendo un chiste mal contado, sobre todo con Isamar Ram\u00edrez a la cabeza, la Suprema Corte y el Tribunal Electoral del Poder Judicial de la Federaci\u00f3n se han cansado de darles palo, pero el Legislativo sigue necio en actitud disfuncional, ya que el pasado 9 de mayo los diputados locales aprobaron una reforma a la ley org\u00e1nica del Poder Legislativo para que todas las sesiones y actividades legislativas sean interpretadas a la lengua de se\u00f1as mexicana, pero esta disposici\u00f3n es incumplida por la falta de presupuesto. Por cierto, no es la primera vez que los tribunos colimenses aprueban reformas legales que no pueden ejecutarse porque en el dictamen correspondiente, no se contemplaron asignaciones presupuestales para su ejecuci\u00f3n, por ejemplo, las modificaciones legales para que en las escuelas se entreguen de manera gratuita, toallas sanitarias tambi\u00e9n careci\u00f3 de presupuesto.&nbsp;<\/p>\n\n\n\n<p class=\"wp-block-paragraph\">En s\u00edntesis el caos y el desastre en el Gobierno del estado continua invicto.&nbsp;<\/p>\n\n\n\n<p class=\"wp-block-paragraph\">Los gobierno municipales muertos de hambre<\/p>\n\n\n\n<p class=\"wp-block-paragraph\">El Gobierno estatal ha resultado tan malo que la mayor\u00eda de los ciudadanos de la zona urbana de Colima Norte no hemos tenido tiempos de observar a los gobiernos municipales de los municipio de Colima y de Villa de \u00e1lvarez, ambos desastrosos tambi\u00e9n.&nbsp;<\/p>\n\n\n\n<p class=\"wp-block-paragraph\">Hoy hablar\u00e9 del gobierno desastroso de Villa de \u00c1lvarez que observando el desastre que encabeza Indira Vizca\u00edno ha aprovechado esa circunstancia y cobijarse con ese manto de invisibilidad, pero aparte, ha aprovechado para, abusivamente, seguir cobrando las fotomultas con una intenci\u00f3n abierta y c\u00ednicamente recaudatoria.\u00a0<\/p>\n\n\n\n<p class=\"wp-block-paragraph\">No olvidemos que los gobiernos municipales de Colima y la Villa son corresponsables de la seguridad y para nada han abierto la boca y asumido su responsabilidad, su silencio ominoso lo dice todo. Ambos gobiernos son un desastre. Solo cobrar sus buenos sueldos no se les olvida cada quincena.<\/p>\n\n\n\n<p class=\"wp-block-paragraph\">Pero m\u00e1s c\u00ednico, abusivo y muerto de hambre result\u00f3 el gobierno de la Villa que \u201cinvent\u00f3\u201d las fotomultas con el pretexto de controlar las altas velocidades se dedica a infraccionar sistem\u00e1ticamente a los ciudadanos con un \u00fanico fin: recaudar centavos para cubrir sus altos salarios.<\/p>\n\n\n\n<p class=\"wp-block-paragraph\">Los regidores, todos, son unos verdaderos sinverg\u00fcenzas que guardan silencio, pues ellos resultan beneficiados con esta pol\u00edtica recaudatoria.<\/p>\n\n\n\n<p class=\"wp-block-paragraph\">Tan c\u00ednicos es el gobierno municipal de la Villa que lleg\u00f3 a quejarse de los manifestantes de los familiares de los desaparecidos culp\u00e1ndolos, t\u00e1citamente, por el desv\u00edo de los transportistas que invadieron la ciudad e impunemente violaban los reglamentos municipales. All\u00ed la presidenta municipal demostr\u00f3 que no sirve para nada que es igual a la in\u00fatil de Vizcaino, bueno cuando menos algo comparten, la ineptitud.<\/p>\n\n\n\n<p class=\"wp-block-paragraph\">Los camellones siguen sucios llenos de maleza, las calles llenas de baches. Tenemos una ciudad sucia y descuidada, pero la presidenta anda cobrando fotomultas porque Villa de \u00e1lvarez se convirti\u00f3 en una ciudad mordelona. S\u00ed, as\u00ed como le dec\u00edamos a los \u201ctamarindos\u201d (agentes de tr\u00e1nsito que antes vest\u00edan de caqui) que se dedicaban a extorsionar a los ciudadanos obteniendo una mordida para su beneficio.&nbsp;<\/p>\n\n\n\n<p class=\"wp-block-paragraph\">La ciudad carece de una nomenclatura y se\u00f1alizaci\u00f3n adecuadas, es decir, de lo b\u00e1sico para que un conductor se conduzca con propiedad y respetuoso de las normas viales. No, al gobierno municipal de Villa de \u00e1lvarez no le interesa educar vialmente a los ciudadanos ni mucho menos promover una cultura c\u00edvica, sus intereses est\u00e1n en el cobro por el cobro mismo. <strong>Recaudar centavos es su primer y \u00faltimo fin porque sencillamente son unos vulgares muertos de hambres.<\/strong><\/p>\n\n\n\n<p class=\"wp-block-paragraph\">Todos estamos entretenidos con la inseguridad y los gobiernos municipales de Colima y la Villa nadan de muertito gozando de sus altos salarios y dedicados a rascarse la panza.&nbsp;<\/p>\n<div class=\"fb-background-color\">\n\t\t\t  <div \n\t\t\t  \tclass = \"fb-comments\" \n\t\t\t  \tdata-href = \"https:\/\/diarioavanzada.com.mx\/?p=36014\"\n\t\t\t  \tdata-numposts = \"10\"\n\t\t\t  \tdata-lazy = \"true\"\n\t\t\t\tdata-colorscheme = \"light\"\n\t\t\t\tdata-order-by = \"social\"\n\t\t\t\tdata-mobile=true>\n\t\t\t  <\/div><\/div>\n\t\t  <style>\n\t\t    .fb-background-color {\n\t\t\t\tbackground:  !important;\n\t\t\t}\n\t\t\t.fb_iframe_widget_fluid_desktop iframe {\n\t\t\t    width: 100% !important;\n\t\t\t}\n\t\t  <\/style>\n\t\t  ","protected":false},"excerpt":{"rendered":"<p>Columna El puercoesp\u00edn\u00a0 La zona metropolitana del estado de Colima padece una de las peores crisis pol\u00edticas en mucho tiempo. No importa el color del partido que gobierna (PRI, PAN o Morena) hay algo profundo que los iguala la ineptitud, la frivolidad, la indolencia y su b\u00fasqueda irrefrenable por ganar dinero f\u00e1cil. Colima Norte luce [&hellip;]<\/p>\n","protected":false},"author":9,"featured_media":36015,"comment_status":"closed","ping_status":"closed","sticky":false,"template":"","format":"standard","meta":{"_coblocks_attr":"","_coblocks_dimensions":"","_coblocks_responsive_height":"","_coblocks_accordion_ie_support":"","advanced_seo_description":"","jetpack_seo_html_title":"","jetpack_seo_noindex":false,"jetpack_seo_schema_type":"","_jetpack_newsletter_access":"","_jetpack_dont_email_post_to_subs":false,"_jetpack_newsletter_tier_id":0,"_jetpack_memberships_contains_paywalled_content":false,"_wpcom_ai_launchpad_first_post":false,"_jetpack_feature_clip_id":0,"_jetpack_memberships_contains_paid_content":false,"footnotes":"","jetpack_post_was_ever_published":false},"categories":[19,209,24],"tags":[220,210],"class_list":["post-36014","post","type-post","status-publish","format-standard","has-post-thumbnail","hentry","category-colima","category-importantes","category-opinion","tag-opinion","tag-portada"],"jetpack-related-posts":[],"jetpack_sharing_enabled":true,"amp_enabled":true,"jetpack_featured_media_url":"https:\/\/diarioavanzada.com.mx\/wp-content\/uploads\/2022\/08\/image-288.png","_links":{"self":[{"href":"https:\/\/diarioavanzada.com.mx\/index.php?rest_route=\/wp\/v2\/posts\/36014","targetHints":{"allow":["GET"]}}],"collection":[{"href":"https:\/\/diarioavanzada.com.mx\/index.php?rest_route=\/wp\/v2\/posts"}],"about":[{"href":"https:\/\/diarioavanzada.com.mx\/index.php?rest_route=\/wp\/v2\/types\/post"}],"author":[{"embeddable":true,"href":"https:\/\/diarioavanzada.com.mx\/index.php?rest_route=\/wp\/v2\/users\/9"}],"replies":[{"embeddable":true,"href":"https:\/\/diarioavanzada.com.mx\/index.php?rest_route=%2Fwp%2Fv2%2Fcomments&post=36014"}],"version-history":[{"count":2,"href":"https:\/\/diarioavanzada.com.mx\/index.php?rest_route=\/wp\/v2\/posts\/36014\/revisions"}],"predecessor-version":[{"id":36017,"href":"https:\/\/diarioavanzada.com.mx\/index.php?rest_route=\/wp\/v2\/posts\/36014\/revisions\/36017"}],"wp:featuredmedia":[{"embeddable":true,"href":"https:\/\/diarioavanzada.com.mx\/index.php?rest_route=\/wp\/v2\/media\/36015"}],"wp:attachment":[{"href":"https:\/\/diarioavanzada.com.mx\/index.php?rest_route=%2Fwp%2Fv2%2Fmedia&parent=36014"}],"wp:term":[{"taxonomy":"category","embeddable":true,"href":"https:\/\/diarioavanzada.com.mx\/index.php?rest_route=%2Fwp%2Fv2%2Fcategories&post=36014"},{"taxonomy":"post_tag","embeddable":true,"href":"https:\/\/diarioavanzada.com.mx\/index.php?rest_route=%2Fwp%2Fv2%2Ftags&post=36014"}],"curies":[{"name":"wp","href":"https:\/\/api.w.org\/{rel}","templated":true}]}}