{"id":35663,"date":"2022-08-15T08:11:49","date_gmt":"2022-08-15T13:11:49","guid":{"rendered":"https:\/\/diarioavanzada.com.mx\/?p=35663"},"modified":"2022-08-15T08:12:33","modified_gmt":"2022-08-15T13:12:33","slug":"homofobo-y-misogino-de-buena-fe","status":"publish","type":"post","link":"https:\/\/diarioavanzada.com.mx\/?p=35663","title":{"rendered":"Hom\u00f3fobo y mis\u00f3gino de buena fe"},"content":{"rendered":"\n<p class=\"wp-block-paragraph\">Columna<\/p>\n\n\n\n<p class=\"wp-block-paragraph\">El puercoesp\u00edn &nbsp;<\/p>\n\n\n\n<p class=\"wp-block-paragraph\">Y el cabr\u00f3n joto est\u00e1 vinculado a proceso, \u00bfeh? Dijo el padre de la gobernadora; los mismos periodistas nos dijeron, refiri\u00e9ndose a Gricelda Valencia, \u201coye, pinche vieja, hija de la chingada, tiene cuatro a\u00f1os de senadora y no ha venido nunca y ahora s\u00ed se le ocurri\u00f3&#8221;; y para rematar el padre de la gobernadora dijo de Griselda Mart\u00ednez \u201cla mujer se aloc\u00f3 pendejamente\u201d.<\/p>\n\n\n\n<p class=\"wp-block-paragraph\">Algunas horas m\u00e1s tarde public\u00f3 un texto donde pretend\u00eda ofrecer, artificiosamente, disculpas a los ofendidos y dijo, entre otras cosas, que sus ofensas las hab\u00eda hecho de buena fe.<\/p>\n\n\n\n<p class=\"wp-block-paragraph\">El padre de la gobernadora y Roberto George Gallardo son incapaces de sostener en p\u00fablico lo que dicen en privado, es decir, carecen de valores y valor para sostener sus dichos y ser hombres \u00edntegros&nbsp; u hombres verdaderos, son unos farsantes.<\/p>\n\n\n\n<p class=\"wp-block-paragraph\">Un hombre \u00edntegro es aquel que es capaz de sostener en p\u00fablico y en privado sus dichos.<\/p>\n\n\n\n<p class=\"wp-block-paragraph\">Las comunidades defensoras de los grupos de g\u00e9nero como <strong>Sin ella no&nbsp;<\/strong> y <em>e-Le -Be<\/em> reprobaron las posturas de violencia de genero hacia las mujeres y el colectivo <em>Orgullo disidente<\/em> exigi\u00f3 una disculpa p\u00fablica de los periodistas y del padre de la gobernadora.<\/p>\n\n\n\n<p class=\"wp-block-paragraph\">La presidenta municipal de Manzanillo muy elegantemente, en su feis, public\u00f3 una foto de Juana de Castilla llamada la <strong>loca<\/strong> acompa\u00f1ada de un texto que dice \u201cSiempre nos han dicho locos cuando nos quieren silenciar\u201d.<\/p>\n\n\n\n<p class=\"wp-block-paragraph\">La Cuarta Transformaci\u00f3n sin las mujeres no ser\u00e1<\/p>\n\n\n\n<p class=\"wp-block-paragraph\">Las feministas de ocasi\u00f3n y los paleros de la gobernadora guardan silencio como momias porque cuando la violencia de g\u00e9nero viene del mismo gobierno y particularmente del padre de la gobernadora su silencio es mucho muy elocuente y m\u00e1s estridente que cualquier adjetivo o intento de argumento para defenderlo. No hablan porque lo expresado por los periodistas paleros&nbsp; y el padre de la gobernadora es grave, muy grave, porque viene de un hombre tan poderoso como lo puede ser un gobernador de facto como lo es \u00e9l.<\/p>\n\n\n\n<p class=\"wp-block-paragraph\">En la campa\u00f1a a la gubernatura las mujeres morenistas y activistas feministas dec\u00edan que la Cuarta transformaci\u00f3n solo ser\u00eda posible con las mujeres o \u00e9sta ser\u00eda imposible.<\/p>\n\n\n\n<p class=\"wp-block-paragraph\">El padre de la gobernadora es un hom\u00f3fobo y agresor de mujeres y las mujeres morenistas ni la boca abren, pues pueden ser expulsadas del partido o corridas de puesto del gobierno que ostenten o atacadas desde el Gobierno del estado por el solo hecho de asumir una actitud digna y decorosa. El silencio de los morenistas es vergonzante e indigno del partido Morena. La Cuarta Transformaci\u00f3n ser\u00e1 feminista o no ser\u00e1, dec\u00edan en la campa\u00f1a. Ya entendimos muchos el porqu\u00e9 en Colima la cuarta transformaci\u00f3n no llega. En Colima Morena, la gobernadora y su padre son homof\u00f3bicos y antifeministas, en concreto, la Cuarta Transformaci\u00f3n no ser\u00e1 porque su visi\u00f3n de derecha es cada m\u00e1s abierta como grotesca.&nbsp;<\/p>\n\n\n\n<p class=\"wp-block-paragraph\">Los periodistas que ofendieron a la sociedad colimense desde los medios, aliados con el PRI en el pasado, hoy lo hacen aliados de Morena. Para ellos la vida sigue igual solo cambiaron de patrocinador.<\/p>\n\n\n\n<p class=\"wp-block-paragraph\">Ser parte del Gobierno hace la diferencia<\/p>\n\n\n\n<p class=\"wp-block-paragraph\">Las expresiones de violencia de g\u00e9nero y homof\u00f3bicas del padre de la gobernadora ofenden a toda la sociedad, no tienen justificaci\u00f3n y son mucho muy graves porque es desde este tipo de gente es donde se desprenden las pol\u00edticas p\u00fablicas en la Fiscalia General del Estado que, hoy sabemos, que las personas que optan por distintos g\u00e9neros o son mujeres tienen un valor inferior para el gobierno de Indira, t\u00e9cnicamente para ellos los homosexual, las lesbianas y las mujeres involucradas en la pol\u00edtica son delincuentes o enajenados mentales.&nbsp;<\/p>\n\n\n\n<p class=\"wp-block-paragraph\">El padre de la gobernadora reconoci\u00f3 que en privado tiene ese tipo de pensamiento, pero que \u00e9stos son de buena fe, es decir, que es un hom\u00f3fobo y macho de buena fe.<\/p>\n\n\n\n<p class=\"wp-block-paragraph\">La verdad es que sus actos no sorprenden desde la campa\u00f1a que fue una elecci\u00f3n entre inconvenientes, pues desde entonces se perfilaba un gobierno mediocre, como el que estamos viviendo. El inepto gobierno de Indira cada d\u00eda documenta actos fallidos de gobierno que no son otra cosa que las cuentas de un rosario que est\u00e1n contabilizando los actos que conducir\u00e1n al desastre total de un gobierno fracasado.&nbsp;<\/p>\n\n\n\n<p class=\"wp-block-paragraph\">Inseguridad; crisis laboral; crisis financiera, amenazas de encarcelamiento a quien ose hacer uso de su liberad de manifestaci\u00f3n; pifias en el Isenco; desprecio e insultos hacia la comunidad de homosexuales y lesbianas; agresi\u00f3n pol\u00edtica contra las mujeres y lo que cada d\u00eda se va acumulando, son las evidencias diarias que documentan las acciones de un gobierno fracasado.<\/p>\n\n\n\n<p class=\"wp-block-paragraph\">El gobierno de Indira es el mejor propagandista de su propio fracaso.&nbsp;<\/p>\n\n\n\n<p class=\"wp-block-paragraph\">La semana pasada el encargado del despacho de la Fiscal\u00eda Especializada en la Desaparici\u00f3n de Personas, Javier Pe\u00f1a Meza, amenaz\u00f3 a la sociedad con meter a la c\u00e1rcel a quienes hagan uso de su libertad de manifestaci\u00f3n con hasta ocho a\u00f1os de c\u00e1rcel; el pap\u00e1 de la gobernadora mand\u00f3&nbsp; a callar a Griselda Mart\u00ednez porque les es inc\u00f3moda e \u00e9l y a su hija; y un chayotero insulta descaradamente a la senadora Gricelda Valencia &#8211;que ya le solicito p\u00fablicamente el uso de su derecho de r\u00e9plica, veremos c\u00f3mo responde el chayotero&#8211;.&nbsp;<\/p>\n\n\n\n<p class=\"wp-block-paragraph\">Estamos ante la cara mis\u00f3gina, hom\u00f3foba y represora de un gobierno mediocre, inepto y de muy bajo perfil pol\u00edtico y profesional. La aparici\u00f3n de los signos de represi\u00f3n y autoritarismo es la consecuencia natural de un gobierno d\u00e9bil y fracasado que se siente amenazado por los reclamos de justicia de los ciudadanos. Su respuesta es producto de sus miedos y su ignorancia.<\/p>\n\n\n\n<p class=\"wp-block-paragraph\">El padre de la gobernadora y la gobernadora misma cada vez caminan con m\u00e1s firmeza al fracaso total, la violencia&nbsp; desde el gobierno, parece ser, por ahora, la respuesta de un gobierno asustado y acorralado por los problemas reales, por su incapacidad y sus miedos.<\/p>\n\n\n\n<p class=\"wp-block-paragraph\">La precariedad moral, intelectual, pol\u00edtica y profesional&nbsp; de Indira y del equipo que la acompa\u00f1a son cada vez m\u00e1s p\u00fablicos y los boquetes en su gobierno cada vez m\u00e1s amplios, el fin se acerca.<\/p>\n\n\n\n<p class=\"wp-block-paragraph\">Lo bueno es que su homofobia, misoginia e ineptitud son de buena fe. Menos mal.<\/p>\n\n\n\n<p class=\"wp-block-paragraph\">Para el gobierno de Indira los desaparecidos son: cabrones y putos; y las mujeres: locas e hijos de la chingada.&nbsp;<\/p>\n\n\n\n<p class=\"wp-block-paragraph\">Pap\u00e1 e hija son finas personas a juzgar de sus conceptos expresados.&nbsp;<\/p>\n<div class=\"fb-background-color\">\n\t\t\t  <div \n\t\t\t  \tclass = \"fb-comments\" \n\t\t\t  \tdata-href = \"https:\/\/diarioavanzada.com.mx\/?p=35663\"\n\t\t\t  \tdata-numposts = \"10\"\n\t\t\t  \tdata-lazy = \"true\"\n\t\t\t\tdata-colorscheme = \"light\"\n\t\t\t\tdata-order-by = \"social\"\n\t\t\t\tdata-mobile=true>\n\t\t\t  <\/div><\/div>\n\t\t  <style>\n\t\t    .fb-background-color {\n\t\t\t\tbackground:  !important;\n\t\t\t}\n\t\t\t.fb_iframe_widget_fluid_desktop iframe {\n\t\t\t    width: 100% !important;\n\t\t\t}\n\t\t  <\/style>\n\t\t  ","protected":false},"excerpt":{"rendered":"<p>Columna El puercoesp\u00edn &nbsp; Y el cabr\u00f3n joto est\u00e1 vinculado a proceso, \u00bfeh? Dijo el padre de la gobernadora; los mismos periodistas nos dijeron, refiri\u00e9ndose a Gricelda Valencia, \u201coye, pinche vieja, hija de la chingada, tiene cuatro a\u00f1os de senadora y no ha venido nunca y ahora s\u00ed se le ocurri\u00f3&#8221;; y para rematar el [&hellip;]<\/p>\n","protected":false},"author":9,"featured_media":35664,"comment_status":"closed","ping_status":"closed","sticky":false,"template":"","format":"standard","meta":{"_coblocks_attr":"","_coblocks_dimensions":"","_coblocks_responsive_height":"","_coblocks_accordion_ie_support":"","advanced_seo_description":"","jetpack_seo_html_title":"","jetpack_seo_noindex":false,"jetpack_seo_schema_type":"","_jetpack_newsletter_access":"","_jetpack_dont_email_post_to_subs":false,"_jetpack_newsletter_tier_id":0,"_jetpack_memberships_contains_paywalled_content":false,"_wpcom_ai_launchpad_first_post":false,"_jetpack_feature_clip_id":0,"_jetpack_memberships_contains_paid_content":false,"footnotes":"","jetpack_post_was_ever_published":false},"categories":[19,209],"tags":[210,228],"class_list":["post-35663","post","type-post","status-publish","format-standard","has-post-thumbnail","hentry","category-colima","category-importantes","tag-portada","tag-violencia"],"jetpack-related-posts":[],"jetpack_sharing_enabled":true,"amp_enabled":true,"jetpack_featured_media_url":"https:\/\/diarioavanzada.com.mx\/wp-content\/uploads\/2022\/08\/image-174.png","_links":{"self":[{"href":"https:\/\/diarioavanzada.com.mx\/index.php?rest_route=\/wp\/v2\/posts\/35663","targetHints":{"allow":["GET"]}}],"collection":[{"href":"https:\/\/diarioavanzada.com.mx\/index.php?rest_route=\/wp\/v2\/posts"}],"about":[{"href":"https:\/\/diarioavanzada.com.mx\/index.php?rest_route=\/wp\/v2\/types\/post"}],"author":[{"embeddable":true,"href":"https:\/\/diarioavanzada.com.mx\/index.php?rest_route=\/wp\/v2\/users\/9"}],"replies":[{"embeddable":true,"href":"https:\/\/diarioavanzada.com.mx\/index.php?rest_route=%2Fwp%2Fv2%2Fcomments&post=35663"}],"version-history":[{"count":1,"href":"https:\/\/diarioavanzada.com.mx\/index.php?rest_route=\/wp\/v2\/posts\/35663\/revisions"}],"predecessor-version":[{"id":35665,"href":"https:\/\/diarioavanzada.com.mx\/index.php?rest_route=\/wp\/v2\/posts\/35663\/revisions\/35665"}],"wp:featuredmedia":[{"embeddable":true,"href":"https:\/\/diarioavanzada.com.mx\/index.php?rest_route=\/wp\/v2\/media\/35664"}],"wp:attachment":[{"href":"https:\/\/diarioavanzada.com.mx\/index.php?rest_route=%2Fwp%2Fv2%2Fmedia&parent=35663"}],"wp:term":[{"taxonomy":"category","embeddable":true,"href":"https:\/\/diarioavanzada.com.mx\/index.php?rest_route=%2Fwp%2Fv2%2Fcategories&post=35663"},{"taxonomy":"post_tag","embeddable":true,"href":"https:\/\/diarioavanzada.com.mx\/index.php?rest_route=%2Fwp%2Fv2%2Ftags&post=35663"}],"curies":[{"name":"wp","href":"https:\/\/api.w.org\/{rel}","templated":true}]}}