{"id":35588,"date":"2022-08-12T09:58:35","date_gmt":"2022-08-12T14:58:35","guid":{"rendered":"https:\/\/diarioavanzada.com.mx\/?p=35588"},"modified":"2022-08-12T09:58:42","modified_gmt":"2022-08-12T14:58:42","slug":"fortaleciendo-a-martin","status":"publish","type":"post","link":"https:\/\/diarioavanzada.com.mx\/?p=35588","title":{"rendered":"Fortaleciendo a Mart\u00edn"},"content":{"rendered":"\n<p class=\"wp-block-paragraph\">Columna<\/p>\n\n\n\n<p class=\"wp-block-paragraph\">El puercoesp\u00edn\u00a0<\/p>\n\n\n\n<p class=\"wp-block-paragraph\">Felices se ven&nbsp; en la fotograf\u00edas Mario Anguiano Moreno y Fernando Moreno Pe\u00f1a, ex gobernadores de la entidad, felicitando a Mart\u00edn Flores Casta\u00f1eda. S\u00ed, est\u00e1n felices porque un cuadro, un l\u00edder sindical que estaba viviendo sus \u00faltimos d\u00edas como l\u00edder sindical que representa lo m\u00e1s rancio del sindicalismo corrupto y corporativo termin\u00f3 convirti\u00e9ndose en el principal activo del PRI y hoy es visto como un l\u00edder completamente comprometido con los miembros de su gremio.&nbsp;<\/p>\n\n\n\n<p class=\"wp-block-paragraph\">La mediocridad de Indira realiz\u00f3 el milagro de convertir a un l\u00edder en decadencia en el m\u00e1s&nbsp; todopoderoso l\u00edder de los bur\u00f3cratas, en el principal activo del PRI y; por consecuencia, el l\u00edder que aglutinar\u00e1&nbsp; a la oposici\u00f3n m\u00e1s s\u00f3lida en Colima, lo cual no le garantiza el \u00e9xito electoral porque la competencia en la sociedad est\u00e1 altamente politizada y esa es otra cancha y circunstancia, sin embargo, liderar\u00e1 un sindicato tan importante que lo pone en la pelea real por el poder pol\u00edtico.&nbsp;<\/p>\n\n\n\n<p class=\"wp-block-paragraph\">Con 2,740 votos,&nbsp;Mart\u00edn Flores Casta\u00f1eda, quien encabez\u00f3 la planilla <em>Unidad y Fuerza Sindical<\/em>, fue&nbsp;reelecto&nbsp;como secretario general del&nbsp;Sindicato&nbsp;de Trabajadores al Servicio de Gobierno del Estado para el periodo&nbsp;2022-2027.<\/p>\n\n\n\n<p class=\"wp-block-paragraph\">Luego de la jornada de votaci\u00f3n, la cual cerr\u00f3 despu\u00e9s de las 3 de la tarde de este mi\u00e9rcoles 10 de agosto, se dieron a conocer los resultados, en donde la planilla <em>Unidad y Fuerza Sindical<\/em> obtuvo el 91.76% de la votaci\u00f3n total, con 2,740 votos; mientras que la planilla <em>Transformaci\u00f3n Sindical<\/em>, encabezada por&nbsp;Sergio Fuentes Mendoza, un 7.8%, con 233 votos.<\/p>\n\n\n\n<p class=\"wp-block-paragraph\">En la jornada de elecci\u00f3n de la dirigencia sindical, en donde solo se registraron 13 votos nulos, particip\u00f3 el 89.08% de las y los trabajadores agremiados. Posterior a la lectura de resultados, y de ser cargado en hombros por sus compa\u00f1eros trabajadores, Mart\u00edn Flores Casta\u00f1eda rindi\u00f3 protesta como secretario general del Sindicato de Trabajadores al Servicio de Gobierno del Estado.<\/p>\n\n\n\n<p class=\"wp-block-paragraph\">Indira Vizca\u00edno y su mediocre equipo de trabajo se convirtieron en los mejor promotores del l\u00edder Mart\u00edn Flores Casta\u00f1eda.<\/p>\n\n\n\n<p class=\"wp-block-paragraph\">Con el colmillo arrastr\u00e1ndole el reelecto l\u00edder hizo un llamado para que&nbsp;Vizca\u00edno Silva&nbsp;impulse con la fuerza de su Gobierno, las acciones legales&nbsp;y se finquen las responsabilidades penales, administrativas, financieras y pol\u00edticas contra quienes resulten responsables por el&nbsp;quebranto financiero estatalocurrido en la pasada administraci\u00f3n.<\/p>\n\n\n\n<p class=\"wp-block-paragraph\">En ese sentido, hizo p\u00fablico \u201cel excesivo y ofensivo\u201d&nbsp;<strong>incremento salarial<\/strong>&nbsp;autorizado para todos los miembros del gabinete con un costo cercano a los 10 millones de pesos anuales y anunci\u00f3 que el Gobierno de Colima ha faltado a su palabra, ya que no han regresado a las finanzas del estado los recursos que recibieron por 3 meses gracias a \u201cese excesivo incremento\u201d.<\/p>\n\n\n\n<p class=\"wp-block-paragraph\">Se siente tan c\u00f3modo y fuerte que se da el lujo de pedir castigo para los responsables que quebraron al Gobierno del estado -los impresentables de Nacho Peralta y Carlos Noriega&#8211; y de paso le da un coscorr\u00f3n al Gobierno de Indira por abusar del presupuesto al aumentar sus salarios en forma excesiva.&nbsp;<\/p>\n\n\n\n<p class=\"wp-block-paragraph\">Tambi\u00e9n, finalmente aprovech\u00f3 la ocasi\u00f3n para tirar l\u00ednea de c\u00f3mo se debe abordar el asunto del Ipecol, pues le demando a la responsable del Ejecutivo atender y cumplir con la&nbsp;Ley de Pensiones de Servidores P\u00fablicos del Estado de Colima<strong>,<\/strong> para que el Gobierno del estado le pague el adeudo al&nbsp;Instituto de Pensiones de los Servidores P\u00fablicos del Estado de Colima&nbsp;(Ipecol), una deuda de 1.4 millones de pesos, as\u00ed como el pago de 8 millones 218 mil 133.14 pesos que se adeudan por concepto del pago a est\u00edmulos de antig\u00fcedad.<\/p>\n\n\n\n<p class=\"wp-block-paragraph\">Indira trabaja para el enemigo y poco a poco los problemas le van saltando uno a uno. La seguridad contin\u00faa con su proceso de descomposici\u00f3n y el Gobierno del estado sigue ausente y la toma del libramiento Ejercito Nacional sigue obstaculizado y los tr\u00e1ileres siguen cruzando las ciudades de Villa de \u00e1lvarez y Colima convirti\u00e9ndose en un riesgo m\u00e1s para la seguridad de los habitantes de la zona metropolitana, donde las alcaldesa de la Villa sigue infraccionando recaudatoriamente con sus fotomultas y los tr\u00e1ileres encontraron en la Villa una zona mostrenca donde a diario ponen en peligro a los villanos y la polic\u00eda y tr\u00e1nsito municipales no hacen nada, perd\u00f3n andan infraccionando con sus fotomultas a los ciudadanos, pues el billete es primero.<\/p>\n\n\n\n<p class=\"wp-block-paragraph\">El nuevo problema est\u00e1 localizado en el Insenco dirigido por una mujer que est\u00e1 demostrando que no tiene ni idea de qu\u00e9 instituci\u00f3n est\u00e1 dirigiendo. El peligro, en esa instituci\u00f3n, es que un centenar de muchachos probablemente pierdan su carrera e Indira les dir\u00e1 que es un problema heredado y que la directora y ella no tienen nada que ver. As\u00ed lo no in\u00fatil e irresponsables de este gobierno guinda cada vez mostrando lo peor de s\u00ed.&nbsp;<\/p>\n<div class=\"fb-background-color\">\n\t\t\t  <div \n\t\t\t  \tclass = \"fb-comments\" \n\t\t\t  \tdata-href = \"https:\/\/diarioavanzada.com.mx\/?p=35588\"\n\t\t\t  \tdata-numposts = \"10\"\n\t\t\t  \tdata-lazy = \"true\"\n\t\t\t\tdata-colorscheme = \"light\"\n\t\t\t\tdata-order-by = \"social\"\n\t\t\t\tdata-mobile=true>\n\t\t\t  <\/div><\/div>\n\t\t  <style>\n\t\t    .fb-background-color {\n\t\t\t\tbackground:  !important;\n\t\t\t}\n\t\t\t.fb_iframe_widget_fluid_desktop iframe {\n\t\t\t    width: 100% !important;\n\t\t\t}\n\t\t  <\/style>\n\t\t  ","protected":false},"excerpt":{"rendered":"<p>Columna El puercoesp\u00edn\u00a0 Felices se ven&nbsp; en la fotograf\u00edas Mario Anguiano Moreno y Fernando Moreno Pe\u00f1a, ex gobernadores de la entidad, felicitando a Mart\u00edn Flores Casta\u00f1eda. S\u00ed, est\u00e1n felices porque un cuadro, un l\u00edder sindical que estaba viviendo sus \u00faltimos d\u00edas como l\u00edder sindical que representa lo m\u00e1s rancio del sindicalismo corrupto y corporativo termin\u00f3 [&hellip;]<\/p>\n","protected":false},"author":9,"featured_media":35589,"comment_status":"closed","ping_status":"closed","sticky":false,"template":"","format":"standard","meta":{"_coblocks_attr":"","_coblocks_dimensions":"","_coblocks_responsive_height":"","_coblocks_accordion_ie_support":"","advanced_seo_description":"","jetpack_seo_html_title":"","jetpack_seo_noindex":false,"jetpack_seo_schema_type":"","_jetpack_newsletter_access":"","_jetpack_dont_email_post_to_subs":false,"_jetpack_newsletter_tier_id":0,"_jetpack_memberships_contains_paywalled_content":false,"_wpcom_ai_launchpad_first_post":false,"_jetpack_feature_clip_id":0,"_jetpack_memberships_contains_paid_content":false,"footnotes":"","jetpack_post_was_ever_published":false},"categories":[19,209],"tags":[220,210],"class_list":["post-35588","post","type-post","status-publish","format-standard","has-post-thumbnail","hentry","category-colima","category-importantes","tag-opinion","tag-portada"],"jetpack-related-posts":[],"jetpack_sharing_enabled":true,"amp_enabled":true,"jetpack_featured_media_url":"https:\/\/diarioavanzada.com.mx\/wp-content\/uploads\/2022\/08\/image-143.png","_links":{"self":[{"href":"https:\/\/diarioavanzada.com.mx\/index.php?rest_route=\/wp\/v2\/posts\/35588","targetHints":{"allow":["GET"]}}],"collection":[{"href":"https:\/\/diarioavanzada.com.mx\/index.php?rest_route=\/wp\/v2\/posts"}],"about":[{"href":"https:\/\/diarioavanzada.com.mx\/index.php?rest_route=\/wp\/v2\/types\/post"}],"author":[{"embeddable":true,"href":"https:\/\/diarioavanzada.com.mx\/index.php?rest_route=\/wp\/v2\/users\/9"}],"replies":[{"embeddable":true,"href":"https:\/\/diarioavanzada.com.mx\/index.php?rest_route=%2Fwp%2Fv2%2Fcomments&post=35588"}],"version-history":[{"count":1,"href":"https:\/\/diarioavanzada.com.mx\/index.php?rest_route=\/wp\/v2\/posts\/35588\/revisions"}],"predecessor-version":[{"id":35590,"href":"https:\/\/diarioavanzada.com.mx\/index.php?rest_route=\/wp\/v2\/posts\/35588\/revisions\/35590"}],"wp:featuredmedia":[{"embeddable":true,"href":"https:\/\/diarioavanzada.com.mx\/index.php?rest_route=\/wp\/v2\/media\/35589"}],"wp:attachment":[{"href":"https:\/\/diarioavanzada.com.mx\/index.php?rest_route=%2Fwp%2Fv2%2Fmedia&parent=35588"}],"wp:term":[{"taxonomy":"category","embeddable":true,"href":"https:\/\/diarioavanzada.com.mx\/index.php?rest_route=%2Fwp%2Fv2%2Fcategories&post=35588"},{"taxonomy":"post_tag","embeddable":true,"href":"https:\/\/diarioavanzada.com.mx\/index.php?rest_route=%2Fwp%2Fv2%2Ftags&post=35588"}],"curies":[{"name":"wp","href":"https:\/\/api.w.org\/{rel}","templated":true}]}}