{"id":35001,"date":"2022-07-20T09:10:24","date_gmt":"2022-07-20T14:10:24","guid":{"rendered":"https:\/\/diarioavanzada.com.mx\/?p=35001"},"modified":"2022-07-20T09:14:06","modified_gmt":"2022-07-20T14:14:06","slug":"fotomultas-el-dinero-es-su-objetivo","status":"publish","type":"post","link":"https:\/\/diarioavanzada.com.mx\/?p=35001","title":{"rendered":"Fotomultas: el dinero es su objetivo"},"content":{"rendered":"\n<p class=\"wp-block-paragraph\">Columna\u00a0<br>El puercoesp\u00edn\u00a0<\/p>\n\n\n\n<p class=\"wp-block-paragraph\">Durante muchos a\u00f1os con el pretexto de regularizar los autom\u00f3viles y prevenir el robo de los mismos, adem\u00e1s combatir la delincuencia com\u00fan, cada vez que quer\u00edan aumentar la recaudaci\u00f3n de impuestos los gobiernos estatales ordenaban un reemplacamiento para llenar las arcas del estado y, de paso, los bolsillos de los funcionarios p\u00fablicos.<\/p>\n\n\n\n<p class=\"wp-block-paragraph\">Tey Guti\u00e9rrez nos quiere ver la cara a los villalvarenses al decir que le preocupa el aumento exponencial de accidentes en el tercer anillo perif\u00e9rico, producto del exceso de velocidad de los conductores. Y su soluci\u00f3n es la aplicaci\u00f3n de fotomultas. La forma m\u00e1s f\u00e1cil de robarle a los ciudadanos. Los regidores, con su silencio c\u00f3mplice, la secundan&nbsp; porque saben que m\u00e1s dinero para el ayuntamiento significa garantizarles sus enormes dietas.<\/p>\n\n\n\n<p class=\"wp-block-paragraph\">La fotosmultas fueron eliminadas en la CDMX porque sencillamente violaban el principio de legalidad. Una foto es una imagen y ya, pero esa imagen de ninguna manera prueba la velocidad, para eso hay radares, hay aparatos especialmente calibrados para medir la velocidad y&nbsp;<strong>la foto no es un aparato que mida nada<\/strong>, es una impresi\u00f3n de una imagen.&nbsp;<\/p>\n\n\n\n<p class=\"wp-block-paragraph\">Por otro lado, todos los instrumentos de medici\u00f3n en este pa\u00eds que usan para multar deben estar calibrados y verificados, entonces estas fotomultas que son c\u00e1maras, muy probablemente,&nbsp; de una empresa privada y los ciudadanos no tenemos la certeza que exista un registro de que realmente est\u00e9n calibradas correctamente, entonces \u00bfYo c\u00f3mo s\u00e9 que realmente la foto est\u00e1 mostrando lo que dices que dice?<\/p>\n\n\n\n<p class=\"wp-block-paragraph\">Qui\u00e9n me garantiza que no existe un contubernio entre la empresa y el ayuntamiento para multa al por mayor para hacer finanzas. La desconfianza nos la da la experiencia.<\/p>\n\n\n\n<p class=\"wp-block-paragraph\">En Villa de \u00e1lvarez tenemos la experiencia de la asociaci\u00f3n p\u00fablica privada en Bosques del Ed\u00e9n que para nada ha cuestionado ni la gobernadora ni la presidenta municipal.&nbsp;<\/p>\n\n\n\n<p class=\"wp-block-paragraph\">Los ciudadanos estamos hartos del saqueo y el sangrado de los ciudadanos por parte de los gobiernos municipal y estatal. Estas asociaciones p\u00fablico-privada est\u00e1n dise\u00f1adas para robar los recursos del municipio en este caso y los pol\u00edticos solo piensan en beneficio personal.<\/p>\n\n\n\n<p class=\"wp-block-paragraph\">Para mejorar la vialidad es tan f\u00e1cil como pensar en dos puntos b\u00e1sicos:<\/p>\n\n\n\n<p class=\"wp-block-paragraph\">Uno.- El gobierno municipal si realmente est\u00e1 preocupado por la seguridad de los villalvarenses deber\u00eda invertir en infraestructura de se\u00f1alamiento y dise\u00f1o de las v\u00edas urbanas para que \u00e9stas sean m\u00e1s seguras y los ciudadanos nos movilicemos con seguridad. Seguridad y fluidez en el tr\u00e1nsito.&nbsp;<\/p>\n\n\n\n<p class=\"wp-block-paragraph\">Dos.- Pensar en fomentar la cultura c\u00edvica, como lo hizo&nbsp; el gobierno de la CDMX, por ejemplo, \u00e9ste opt\u00f3 por las fotoc\u00edvicas o multas c\u00edvicas que contemplan amonestaciones para las primeras dos faltas; capacitaci\u00f3n vial de la multa tres a la cinco, que incluir\u00eda cursos en l\u00ednea y presenciales; y trabajo comunitario para quienes acumulen de 6 a 10 infracciones, que consistir\u00eda en dos horas de trabajo comunitario.<\/p>\n\n\n\n<p class=\"wp-block-paragraph\">No se necesita inventar el hilo negro, ya existen experiencia en este sentido. Est\u00e1 clara que lo m\u00e1s f\u00e1cil es ir contra el bolsillo de los ciudadanos. Dinero, dinero, es lo que buscan.<\/p>\n\n\n\n<p class=\"wp-block-paragraph\">Mejorar la vialidad y dar seguridad en a la movilidad de los ciudadanos es lo \u00faltimo que les interesa.&nbsp;<\/p>\n\n\n\n<p class=\"wp-block-paragraph\">Cuando se hacen este tipo de propuestas los regidores todos est\u00e1n de acuerdo, pues como no, mientras el dinero que llegue a su bolsillo, eso es lo que importa.<\/p>\n\n\n\n<p class=\"wp-block-paragraph\">De seguro en alguna empresa privada est\u00e1n pensando para que \u00e9sta maneje c\u00e1maras y radares y documentaci\u00f3n de las fotomultas &#8211;multar es un negocio muy rentable y sin tanta inversi\u00f3n&#8211; y lo m\u00e1s seguro es que ser\u00e1 de un amigo o pariente de los pol\u00edticos, que compartir\u00edan porcentajes de lo recaudado.&nbsp;<\/p>\n\n\n\n<p class=\"wp-block-paragraph\">La crisis de la sociedad pol\u00edtica colimense est\u00e1 en su punto m\u00e1s \u00e1lgido, ni duda cabe.<\/p>\n<div class=\"fb-background-color\">\n\t\t\t  <div \n\t\t\t  \tclass = \"fb-comments\" \n\t\t\t  \tdata-href = \"https:\/\/diarioavanzada.com.mx\/?p=35001\"\n\t\t\t  \tdata-numposts = \"10\"\n\t\t\t  \tdata-lazy = \"true\"\n\t\t\t\tdata-colorscheme = \"light\"\n\t\t\t\tdata-order-by = \"social\"\n\t\t\t\tdata-mobile=true>\n\t\t\t  <\/div><\/div>\n\t\t  <style>\n\t\t    .fb-background-color {\n\t\t\t\tbackground:  !important;\n\t\t\t}\n\t\t\t.fb_iframe_widget_fluid_desktop iframe {\n\t\t\t    width: 100% !important;\n\t\t\t}\n\t\t  <\/style>\n\t\t  ","protected":false},"excerpt":{"rendered":"<p>Columna\u00a0El puercoesp\u00edn\u00a0 Durante muchos a\u00f1os con el pretexto de regularizar los autom\u00f3viles y prevenir el robo de los mismos, adem\u00e1s combatir la delincuencia com\u00fan, cada vez que quer\u00edan aumentar la recaudaci\u00f3n de impuestos los gobiernos estatales ordenaban un reemplacamiento para llenar las arcas del estado y, de paso, los bolsillos de los funcionarios p\u00fablicos. Tey [&hellip;]<\/p>\n","protected":false},"author":9,"featured_media":35002,"comment_status":"closed","ping_status":"closed","sticky":false,"template":"","format":"standard","meta":{"_coblocks_attr":"","_coblocks_dimensions":"","_coblocks_responsive_height":"","_coblocks_accordion_ie_support":"","advanced_seo_description":"","jetpack_seo_html_title":"","jetpack_seo_noindex":false,"jetpack_seo_schema_type":"","_jetpack_newsletter_access":"","_jetpack_dont_email_post_to_subs":false,"_jetpack_newsletter_tier_id":0,"_jetpack_memberships_contains_paywalled_content":false,"_wpcom_ai_launchpad_first_post":false,"_jetpack_feature_clip_id":0,"_jetpack_memberships_contains_paid_content":false,"footnotes":"","jetpack_post_was_ever_published":false},"categories":[19,209,24],"tags":[332,220,210],"class_list":["post-35001","post","type-post","status-publish","format-standard","has-post-thumbnail","hentry","category-colima","category-importantes","category-opinion","tag-corrupcion-2","tag-opinion","tag-portada"],"jetpack-related-posts":[],"jetpack_sharing_enabled":true,"amp_enabled":true,"jetpack_featured_media_url":"https:\/\/diarioavanzada.com.mx\/wp-content\/uploads\/2022\/07\/image-160.png","_links":{"self":[{"href":"https:\/\/diarioavanzada.com.mx\/index.php?rest_route=\/wp\/v2\/posts\/35001","targetHints":{"allow":["GET"]}}],"collection":[{"href":"https:\/\/diarioavanzada.com.mx\/index.php?rest_route=\/wp\/v2\/posts"}],"about":[{"href":"https:\/\/diarioavanzada.com.mx\/index.php?rest_route=\/wp\/v2\/types\/post"}],"author":[{"embeddable":true,"href":"https:\/\/diarioavanzada.com.mx\/index.php?rest_route=\/wp\/v2\/users\/9"}],"replies":[{"embeddable":true,"href":"https:\/\/diarioavanzada.com.mx\/index.php?rest_route=%2Fwp%2Fv2%2Fcomments&post=35001"}],"version-history":[{"count":3,"href":"https:\/\/diarioavanzada.com.mx\/index.php?rest_route=\/wp\/v2\/posts\/35001\/revisions"}],"predecessor-version":[{"id":35006,"href":"https:\/\/diarioavanzada.com.mx\/index.php?rest_route=\/wp\/v2\/posts\/35001\/revisions\/35006"}],"wp:featuredmedia":[{"embeddable":true,"href":"https:\/\/diarioavanzada.com.mx\/index.php?rest_route=\/wp\/v2\/media\/35002"}],"wp:attachment":[{"href":"https:\/\/diarioavanzada.com.mx\/index.php?rest_route=%2Fwp%2Fv2%2Fmedia&parent=35001"}],"wp:term":[{"taxonomy":"category","embeddable":true,"href":"https:\/\/diarioavanzada.com.mx\/index.php?rest_route=%2Fwp%2Fv2%2Fcategories&post=35001"},{"taxonomy":"post_tag","embeddable":true,"href":"https:\/\/diarioavanzada.com.mx\/index.php?rest_route=%2Fwp%2Fv2%2Ftags&post=35001"}],"curies":[{"name":"wp","href":"https:\/\/api.w.org\/{rel}","templated":true}]}}