{"id":34944,"date":"2022-07-18T07:08:06","date_gmt":"2022-07-18T12:08:06","guid":{"rendered":"https:\/\/diarioavanzada.com.mx\/?p=34944"},"modified":"2022-07-18T07:11:52","modified_gmt":"2022-07-18T12:11:52","slug":"turismo-belicista","status":"publish","type":"post","link":"https:\/\/diarioavanzada.com.mx\/?p=34944","title":{"rendered":"Turismo belicista"},"content":{"rendered":"\n<p class=\"wp-block-paragraph\">Columna<br>El puercoesp\u00edn\u00a0<\/p>\n\n\n\n<p class=\"wp-block-paragraph\">Riult Rivera se fue de viaje a Ucrania. Circula en redes una foto donde se le ve al diputado federal en una estaci\u00f3n de trenes saludando a la c\u00e1mara y haciendo la V de la victoria.<\/p>\n\n\n\n<p class=\"wp-block-paragraph\">Hace apena unos d\u00edas apareci\u00f3 en p\u00fablico en Colima sonriendo y en compa\u00f1\u00eda de Indira se\u00f1alando que comparten muchas cosas en com\u00fan, y s\u00ed, ello es cierto.<\/p>\n\n\n\n<p class=\"wp-block-paragraph\">Ambos gustan de viajar antes que estar atentos a los problemas de su estado y su distrito. Una haciendo campa\u00f1a en otros estados y la CDMX y Riult viajando a Ucrania a hacer proselitismo pol\u00edtico a favor de la guerra. Dijo que fue a promover la paz, pero se reuni\u00f3n solo con una parte del conflicto, con&nbsp; los nazis que apoya la Otan.<\/p>\n\n\n\n<p class=\"wp-block-paragraph\">En Colima tenemos cerca de 600 muertos en ocho meses de gobierno y Riult Rivera no fue capaz de solidarizarse con uno solo de los muertos ni con los llamados da\u00f1os colaterales. No lo hizo porque sencillamente \u00e9l est\u00e1 a favor de la guerra. En M\u00e9xico apoy\u00f3 a Felipe Calderon en su guerra contra el narcotr\u00e1fico que nos tiene sumidos en la peor crisis de seguridad.<\/p>\n\n\n\n<p class=\"wp-block-paragraph\">Fue a Ucrania a tomarse fotos y decir que est\u00e1 haciendo algo por la paz.&nbsp;<\/p>\n\n\n\n<p class=\"wp-block-paragraph\">Viajo luego existo<\/p>\n\n\n\n<p class=\"wp-block-paragraph\">Fue a apoyar una guerra que tumb\u00f3 al primer ministro del Gobierno ingl\u00e9s, Boris Johnson; modific\u00f3 la correlaci\u00f3n de fuerzas en el parlamento franc\u00e9s, donde Emmanuel Macron perdi\u00f3 el 50 % de los diputados; tiene en huelga a los agricultores de los Pa\u00edses Bajos; tumb\u00f3 al jefe del gobierno de Italia; produjo la renuncia de los presidentes de los gobiernos de Bulgaria y de Estonia.&nbsp;<\/p>\n\n\n\n<p class=\"wp-block-paragraph\">Ah, pero Riult Rivera ya est\u00e1 en Ucrania para lo que se ofrezca.<\/p>\n\n\n\n<p class=\"wp-block-paragraph\">El primer ministro de Hungr\u00eda Viktor Orb\u00e1n describe la&nbsp; crisis europea as\u00ed: \u201cDebo admitir que al principio pensaba que simplemente nos hab\u00edamos disparado al pie, pero ahora parece que la econom\u00eda europea se ha disparado en los pulmones y por eso est\u00e1 ahog\u00e1ndose en todos los aspectos\u201d.<\/p>\n\n\n\n<p class=\"wp-block-paragraph\">Ah, pero Riult Rivera ya est\u00e1 en Europa para apoyar con su talento pol\u00edtico a la Uni\u00f3n Europea.<\/p>\n\n\n\n<p class=\"wp-block-paragraph\">El pr\u00f3ximo 20 de julio la Comisi\u00f3n Europea remitir\u00e1 a los Estados miembros un plan para la reducci\u00f3n de la demanda de energ\u00eda. En el seno de la Comisi\u00f3n los desacuerdos son enormes. Los alemanes abogan por un plan a trav\u00e9s del cual se racionalice el consumo de la actividad industrial. Pa\u00edses como Francia se oponen debido al elevado costo social que tendr\u00eda (desempleo) y optan por un enfoque diversificado.<\/p>\n\n\n\n<p class=\"wp-block-paragraph\">A la guerra de la Otan algo le fall\u00f3. Le fall\u00f3 que los pa\u00edses est\u00e1n integrados por gente y no por esclavos que est\u00e1n dispuestos a pagar los errores producto de las ambiciones de su sociedad pol\u00edtica. La gente de todos estos pa\u00edses no dejar\u00e1n pasar que los gobiernos hagan pagar a los ciudadanos su b\u00fasqueda de seguir gobernando a costilla del abuso de los pol\u00edticos de los pa\u00edses neoliberales.<\/p>\n\n\n\n<p class=\"wp-block-paragraph\">Europa necesita cuando menos dos a\u00f1os para poder sustituir un tercio de la energ\u00eda que proviene de Rusia (gas y petr\u00f3leo) y ello en el supuesto que los pa\u00edses \u00e1rabes estuvieran dispuestos a cubrir las diferencias.<\/p>\n\n\n\n<p class=\"wp-block-paragraph\">Alemania volvi\u00f3 a las plantas generadoras de energ\u00eda el\u00e9ctrica por carb\u00f3n: ad\u00edos a las energ\u00edas limpias y a su discurso demag\u00f3gico.<\/p>\n\n\n\n<p class=\"wp-block-paragraph\">Ah, pero Riult Rivera ya est\u00e1 en Europa saludando a los parlamentarios ucranianos. Fortachones tipos tatuados con la esv\u00e1stica en el coraz\u00f3n.&nbsp;<\/p>\n\n\n\n<p class=\"wp-block-paragraph\">En Colima Riult Rivera e Indira comparten muchas cosas en com\u00fan, por ejemplo: ambos son <strong>triviales,<\/strong> es decir, no les importan los problemas de su estado; llevamos ocho meses en una profunda crisis de inseguridad y ellos est\u00e1n pensando, entre otras cosas, en proyectar su imagen. Amos son <strong>elusivos,<\/strong> ante su incapacidad para enfrentar los problemas eligen el mejor de los caminos, eludir su obligaci\u00f3n. Los dos son <strong>indolentes<\/strong>, en lugar de proponer e instrumentar soluciones prefieren la flojera y para simular que trabajan inventan viajes.&nbsp; El diputado federal y la gobernadora son <strong>fr\u00edvolos<\/strong> creen que la guerra en Ucrania es un juego medi\u00e1tico en el que participan los que quieren y los que pueden pagar la publicidad en los medios. Riult Rivera e Indira son triviales, elusivos, indolentes y fr\u00edvolos, habilidades que usan para cubrir las dos principales que son<strong>: ineptos e insensibles. <\/strong>&nbsp;<\/p>\n\n\n\n<p class=\"wp-block-paragraph\">Ambos son incapaces de conmoverse con las m\u00e1s de 600 personas que han muerto en nuestro estado producto de su ineptitud e inacci\u00f3n.<\/p>\n\n\n\n<p class=\"wp-block-paragraph\">Riulta Rivera e Indira Vizca\u00edno son dos espec\u00edmenes de lo que es la sociedad pol\u00edtica colimense de nuestros tiempos.<\/p>\n\n\n\n<p class=\"wp-block-paragraph\">Es una tristeza que en Colima no haya actores pol\u00edticos solo vividores que gustan de viajar a costa del erario.<\/p>\n\n\n\n<p class=\"wp-block-paragraph\">La oposici\u00f3n de Colima y el gobierno en funciones se parecen tanto que en lo fundamental coinciden, son iguales.&nbsp;<\/p>\n\n\n\n<p class=\"wp-block-paragraph\">Riult Rivera est\u00e1 a favor de la Guerra por eso apoya a la Otan como apoy\u00f3 a Felipe Calderon en su guerra contra el narco y actualmente quiere nuevamente que las fuerzas del Estado mexicano se confronten con el crimen organizado, lo suyo es la guerra. Indira hace como que cree en las pol\u00edticas de Amlo de abrazos y no balazos y simula aplicar pol\u00edticas de paz aunque en realidad no hace nada, de all\u00ed, la descomposici\u00f3n de las cosas en Colima. A ambos los une la guerra, el belicismo.<\/p>\n\n\n\n<p class=\"wp-block-paragraph\">Estamos tocando fondo. &nbsp;<\/p>\n<div class=\"fb-background-color\">\n\t\t\t  <div \n\t\t\t  \tclass = \"fb-comments\" \n\t\t\t  \tdata-href = \"https:\/\/diarioavanzada.com.mx\/?p=34944\"\n\t\t\t  \tdata-numposts = \"10\"\n\t\t\t  \tdata-lazy = \"true\"\n\t\t\t\tdata-colorscheme = \"light\"\n\t\t\t\tdata-order-by = \"social\"\n\t\t\t\tdata-mobile=true>\n\t\t\t  <\/div><\/div>\n\t\t  <style>\n\t\t    .fb-background-color {\n\t\t\t\tbackground:  !important;\n\t\t\t}\n\t\t\t.fb_iframe_widget_fluid_desktop iframe {\n\t\t\t    width: 100% !important;\n\t\t\t}\n\t\t  <\/style>\n\t\t  ","protected":false},"excerpt":{"rendered":"<p>ColumnaEl puercoesp\u00edn\u00a0 Riult Rivera se fue de viaje a Ucrania. Circula en redes una foto donde se le ve al diputado federal en una estaci\u00f3n de trenes saludando a la c\u00e1mara y haciendo la V de la victoria. Hace apena unos d\u00edas apareci\u00f3 en p\u00fablico en Colima sonriendo y en compa\u00f1\u00eda de Indira se\u00f1alando que [&hellip;]<\/p>\n","protected":false},"author":9,"featured_media":34945,"comment_status":"closed","ping_status":"closed","sticky":false,"template":"","format":"standard","meta":{"_coblocks_attr":"","_coblocks_dimensions":"","_coblocks_responsive_height":"","_coblocks_accordion_ie_support":"","advanced_seo_description":"","jetpack_seo_html_title":"","jetpack_seo_noindex":false,"jetpack_seo_schema_type":"","_jetpack_newsletter_access":"","_jetpack_dont_email_post_to_subs":false,"_jetpack_newsletter_tier_id":0,"_jetpack_memberships_contains_paywalled_content":false,"_wpcom_ai_launchpad_first_post":false,"_jetpack_feature_clip_id":0,"_jetpack_memberships_contains_paid_content":false,"footnotes":"","jetpack_post_was_ever_published":false},"categories":[19,209,24],"tags":[220,210],"class_list":["post-34944","post","type-post","status-publish","format-standard","has-post-thumbnail","hentry","category-colima","category-importantes","category-opinion","tag-opinion","tag-portada"],"jetpack-related-posts":[],"jetpack_sharing_enabled":true,"amp_enabled":true,"jetpack_featured_media_url":"https:\/\/diarioavanzada.com.mx\/wp-content\/uploads\/2022\/07\/image-152.png","_links":{"self":[{"href":"https:\/\/diarioavanzada.com.mx\/index.php?rest_route=\/wp\/v2\/posts\/34944","targetHints":{"allow":["GET"]}}],"collection":[{"href":"https:\/\/diarioavanzada.com.mx\/index.php?rest_route=\/wp\/v2\/posts"}],"about":[{"href":"https:\/\/diarioavanzada.com.mx\/index.php?rest_route=\/wp\/v2\/types\/post"}],"author":[{"embeddable":true,"href":"https:\/\/diarioavanzada.com.mx\/index.php?rest_route=\/wp\/v2\/users\/9"}],"replies":[{"embeddable":true,"href":"https:\/\/diarioavanzada.com.mx\/index.php?rest_route=%2Fwp%2Fv2%2Fcomments&post=34944"}],"version-history":[{"count":4,"href":"https:\/\/diarioavanzada.com.mx\/index.php?rest_route=\/wp\/v2\/posts\/34944\/revisions"}],"predecessor-version":[{"id":34949,"href":"https:\/\/diarioavanzada.com.mx\/index.php?rest_route=\/wp\/v2\/posts\/34944\/revisions\/34949"}],"wp:featuredmedia":[{"embeddable":true,"href":"https:\/\/diarioavanzada.com.mx\/index.php?rest_route=\/wp\/v2\/media\/34945"}],"wp:attachment":[{"href":"https:\/\/diarioavanzada.com.mx\/index.php?rest_route=%2Fwp%2Fv2%2Fmedia&parent=34944"}],"wp:term":[{"taxonomy":"category","embeddable":true,"href":"https:\/\/diarioavanzada.com.mx\/index.php?rest_route=%2Fwp%2Fv2%2Fcategories&post=34944"},{"taxonomy":"post_tag","embeddable":true,"href":"https:\/\/diarioavanzada.com.mx\/index.php?rest_route=%2Fwp%2Fv2%2Ftags&post=34944"}],"curies":[{"name":"wp","href":"https:\/\/api.w.org\/{rel}","templated":true}]}}