{"id":34377,"date":"2022-07-04T07:51:27","date_gmt":"2022-07-04T12:51:27","guid":{"rendered":"https:\/\/diarioavanzada.com.mx\/?p=34377"},"modified":"2022-07-04T07:51:35","modified_gmt":"2022-07-04T12:51:35","slug":"existe-un-mexico-posible-donde-se-incluye-a-los-pobres","status":"publish","type":"post","link":"https:\/\/diarioavanzada.com.mx\/?p=34377","title":{"rendered":"Existe un M\u00e9xico posible donde se incluye a los pobres"},"content":{"rendered":"\n<p class=\"wp-block-paragraph\">Columna<br>El puercoesp\u00edn\u00a0<\/p>\n\n\n\n<p class=\"wp-block-paragraph\">A veces uno se siente derrotado porque no se ve al final del t\u00fanel algo que nos d\u00e9 esperanza, algo que nos diga que como naci\u00f3n podemos pensar en un M\u00e9xico posible donde todos cabemos.<\/p>\n\n\n\n<p class=\"wp-block-paragraph\">La inauguraci\u00f3n del Aeropuerto Internacional Felipe \u00e1ngeles y la refiner\u00eda Olmeca inaugurada este fin de semana nos dice que existe un M\u00e9xico posible a pesar de los promotores del odio, la corrupci\u00f3n y del crimen organizado.&nbsp;<\/p>\n\n\n\n<p class=\"wp-block-paragraph\">Chumel Torres &#8211;el c\u00f3mico l\u00edder de opini\u00f3n de la derecha&#8211; tuite\u00f3, reci\u00e9n iniciaba el gobierno de la 4T, para ser exactos el d\u00eda 26 de marzo de 2021,&nbsp; lo siguiente: <strong>\u201cLo \u00fanico bueno de la incompetencia de la 4T es que jam\u00e1s van a terminar ni Dos Bocas, ni su tren ese feo, ni la central avionera\u201d.<\/strong><\/p>\n\n\n\n<p class=\"wp-block-paragraph\">En el citado tuit Chumel Torres sintetizaba todo el odio, todos los deseos, todos los deseos de que una cat\u00e1strofe invadiera a la 4T para que fracasaran y, luego entones, demostrar que los buenos y eficientes son los gobiernos del derrotado estatu quo; tambi\u00e9n&nbsp; en ese tuit concentraron sus deseos de fracaso, que sobre todo eran sus sentimientos de frustraci\u00f3n y derrota que los consume lenta, pero consistentemente.<\/p>\n\n\n\n<p class=\"wp-block-paragraph\">Los deseos eran insostenibles, carec\u00edan de bases objetivas para expresarse y sostenerse, pero expresaban, sobre todo, ganas de que el gobierno emanado de una mayor\u00eda \u00e1vida de \u00e9xitos colectivos y llenos de sentimientos nacionalistas fracasara, simple y llanamente, porque a ellos no les conviene y se sienten afectados porque no pueden robar como antes.<\/p>\n\n\n\n<p class=\"wp-block-paragraph\">Chumel Torres y todos los conservadores expresaban en ese tuit algo as\u00ed como: si lo niego, luego no se realizar\u00e1; algo m\u00e1s parecido a un conjuro o sortilegio que a una reflexi\u00f3n objetiva.<\/p>\n\n\n\n<p class=\"wp-block-paragraph\">Dicho de otra manera, si los pobres tienen proyectos fracasaran porque son pobres y los pobres siempre fracasan porque lo decimos nosotros, punto.<\/p>\n\n\n\n<p class=\"wp-block-paragraph\">La realidad les dio una bofetada y el Aifa ya es una realidad y la refiner\u00eda Olmeca es una realidad, pese a sus deseos, conjuros, sortilegios y mentiras.&nbsp;<\/p>\n\n\n\n<p class=\"wp-block-paragraph\">Roberto Madrazo (01-07-2022) en esa misma l\u00ednea reflexiva de la derecha sostuvo en un tuit: <strong>\u201cPocos lo saben pero Dos Bocas, AIFA&nbsp; y Tren Maya, ser\u00e1n las obras p\u00fablicas m\u00e1s costosas de todos los tiempos. Pero el (sic) dice que su gobierno es de \u201causteridad\u201d. &nbsp;<\/strong><\/p>\n\n\n\n<p class=\"wp-block-paragraph\">Madrazo sabe perfectamente que la austeridad se refiera a la aplicaci\u00f3n del gasto corriente o de operaci\u00f3n del gobierno que no a las obras necesarias para impulsar el desarrollo del pa\u00eds que son, en t\u00e9rminos reales, inversi\u00f3n para hacer m\u00e1s eficiente al pa\u00eds y propiciar su desarrollo. Madrazo lo sabe, pero finge no saberlo, porque su intenci\u00f3n es la utilizaci\u00f3n de la mentira como m\u00e9todo pol\u00edtico.&nbsp;<\/p>\n\n\n\n<p class=\"wp-block-paragraph\">La derecha sabe perfectamente que la refiner\u00eda Olmeca con su aportaci\u00f3n del 20 % de producci\u00f3n de gasolina y di\u00e9sel, a nivel nacional, el Estado tendr\u00e1 una variable importante para propiciar el desarrollo de la industria y el comercio, pues el Estado tendr\u00e1 el control de la producci\u00f3n y el control de los energ\u00e9ticos refinados y no estar\u00e1 sujeto a la volatilidad y libre manejo de los precios de la iniciativa privada, a nivel nacional, adem\u00e1s la coyuntura &#8211;derivada de la guerra en Ucrania&#8211; augura precios altos para el petr\u00f3leo crudo y el alza de las gasolinas, pero bajo el control del Estado estos precios ser\u00e1n controlados por el gobierno y garantizar\u00e1n equilibrio y justicia para los medianos y grandes empresarios nacionales.<\/p>\n\n\n\n<p class=\"wp-block-paragraph\">El discurso de Chumel y la continuaci\u00f3n del discurso de Madrazo adquiere el sentido del golpismo y la b\u00fasqueda de recuperar los negocios perdidos por los infames corruptos del Prian y todos sus aliados, mintiendo, mintiendo y mintiendo.&nbsp;<\/p>\n\n\n\n<p class=\"wp-block-paragraph\">Madrazo expresa la necesidad de desprestigiar, con puras mentiras, &#8211;ante la ausencia de un programa&#8211;&nbsp; a un gobierno que est\u00e1 haciendo las cosas bien. Mienten para generar las condiciones para un eventual regreso de los corruptos y saqueadores, seg\u00fan sus c\u00e1lculos. La realidad les est\u00e1 diciendo otra cosa, pues la gente est\u00e1 con el proyecto popular de Amlo.<\/p>\n\n\n\n<p class=\"wp-block-paragraph\">Finalmente Jorge Triana, un panista que sin ning\u00fan pudor, insulta a quienes apoyamos al presidente Amlo, a trav\u00e9s de un tuit, de la siguiente manera: \u201c<strong>Hay imb\u00e9ciles que creen que Amlo va a inaugurar una refiner\u00eda\u201d.<\/strong><\/p>\n\n\n\n<p class=\"wp-block-paragraph\">El diputado Triana sintetiza los deseos&nbsp; frustrados de Chumel, el complejo de inferioridad de Madrazo y globalmente su fracasado proyecto de continuar con la institucionalizaci\u00f3n del saqueo que convierte el insulto y la mentira en m\u00e9todos pol\u00edtico de lucha.&nbsp;<\/p>\n\n\n\n<p class=\"wp-block-paragraph\">Insultan a sus posibles votantes porque los rechazan a ellos, insultan a sus votantes porque les niegan su \u201cderecho\u201d a destruir el patrimonio nacional.<\/p>\n\n\n\n<p class=\"wp-block-paragraph\">Insultan a los pobres de M\u00e9xico porque ven en ellos una amenaza para continuar con sus proyectos de saqueo y robo. Definitivamente, Triana sintetiza la frustraci\u00f3n, el complejo de inferioridad y su clasismo como f\u00f3rmulas para continuar con su saqueo institucional a trav\u00e9s de los fideicomisos, disponer del presupuesto anual, asociaciones p\u00fablico-privada y la apropiaci\u00f3n de las empresas p\u00fablicas y del producto de las mismas cuando no pueden privatizarlas.<\/p>\n\n\n\n<p class=\"wp-block-paragraph\">El discurso de Chumel, de Madrazo y Triana es la mentira hecha programa que sin eufemismos es el programa del saqueo, el robo y el abuso. Baste un simple ejemplo: solo para rehabilitar y actualizar las refiner\u00edas existentes de Pemex se destinaron 40 mil millones de pesos y de servicio de la deuda del Fobaproa se presupuestaron este a\u00f1o (2022) 38 mil millones de pesos. Les deleita pagar deuda para los ricos (en otras palabras robar), pero los enfurece invertir para el desarrollo.<\/p>\n\n\n\n<p class=\"wp-block-paragraph\">El mundo de las mentiras es monstruosamente injusto y perverso. Sus bases est\u00e1n cayendo erosionadas por proyectos reales con sentido social y justo. Un M\u00e9xico posible donde todos seamos incluidos es posible.<\/p>\n\n\n\n<p class=\"wp-block-paragraph\">La refiner\u00eda Olmeca de Dos Bocas es el principio de la autosuficiencia de energ\u00eda que est\u00e1 cambiando a nuestro pa\u00eds.<\/p>\n\n\n\n<p class=\"wp-block-paragraph\">En el futuro mediato el Tren Maya ser\u00e1 el detonante del sureste que estar\u00e1&nbsp; consolid\u00e1ndose como un proyecto donde se demuestra que existe un M\u00e9xico posible donde caben los pobres.<\/p>\n<div class=\"fb-background-color\">\n\t\t\t  <div \n\t\t\t  \tclass = \"fb-comments\" \n\t\t\t  \tdata-href = \"https:\/\/diarioavanzada.com.mx\/?p=34377\"\n\t\t\t  \tdata-numposts = \"10\"\n\t\t\t  \tdata-lazy = \"true\"\n\t\t\t\tdata-colorscheme = \"light\"\n\t\t\t\tdata-order-by = \"social\"\n\t\t\t\tdata-mobile=true>\n\t\t\t  <\/div><\/div>\n\t\t  <style>\n\t\t    .fb-background-color {\n\t\t\t\tbackground:  !important;\n\t\t\t}\n\t\t\t.fb_iframe_widget_fluid_desktop iframe {\n\t\t\t    width: 100% !important;\n\t\t\t}\n\t\t  <\/style>\n\t\t  ","protected":false},"excerpt":{"rendered":"<p>ColumnaEl puercoesp\u00edn\u00a0 A veces uno se siente derrotado porque no se ve al final del t\u00fanel algo que nos d\u00e9 esperanza, algo que nos diga que como naci\u00f3n podemos pensar en un M\u00e9xico posible donde todos cabemos. La inauguraci\u00f3n del Aeropuerto Internacional Felipe \u00e1ngeles y la refiner\u00eda Olmeca inaugurada este fin de semana nos dice [&hellip;]<\/p>\n","protected":false},"author":9,"featured_media":34378,"comment_status":"closed","ping_status":"closed","sticky":false,"template":"","format":"standard","meta":{"_coblocks_attr":"","_coblocks_dimensions":"","_coblocks_responsive_height":"","_coblocks_accordion_ie_support":"","advanced_seo_description":"","jetpack_seo_html_title":"","jetpack_seo_noindex":false,"jetpack_seo_schema_type":"","_jetpack_newsletter_access":"","_jetpack_dont_email_post_to_subs":false,"_jetpack_newsletter_tier_id":0,"_jetpack_memberships_contains_paywalled_content":false,"_wpcom_ai_launchpad_first_post":false,"_jetpack_feature_clip_id":0,"_jetpack_memberships_contains_paid_content":false,"footnotes":"","jetpack_post_was_ever_published":false},"categories":[19,209,24],"tags":[220,210],"class_list":["post-34377","post","type-post","status-publish","format-standard","has-post-thumbnail","hentry","category-colima","category-importantes","category-opinion","tag-opinion","tag-portada"],"jetpack-related-posts":[],"jetpack_sharing_enabled":true,"amp_enabled":true,"jetpack_featured_media_url":"https:\/\/diarioavanzada.com.mx\/wp-content\/uploads\/2022\/07\/image-29.png","_links":{"self":[{"href":"https:\/\/diarioavanzada.com.mx\/index.php?rest_route=\/wp\/v2\/posts\/34377","targetHints":{"allow":["GET"]}}],"collection":[{"href":"https:\/\/diarioavanzada.com.mx\/index.php?rest_route=\/wp\/v2\/posts"}],"about":[{"href":"https:\/\/diarioavanzada.com.mx\/index.php?rest_route=\/wp\/v2\/types\/post"}],"author":[{"embeddable":true,"href":"https:\/\/diarioavanzada.com.mx\/index.php?rest_route=\/wp\/v2\/users\/9"}],"replies":[{"embeddable":true,"href":"https:\/\/diarioavanzada.com.mx\/index.php?rest_route=%2Fwp%2Fv2%2Fcomments&post=34377"}],"version-history":[{"count":1,"href":"https:\/\/diarioavanzada.com.mx\/index.php?rest_route=\/wp\/v2\/posts\/34377\/revisions"}],"predecessor-version":[{"id":34379,"href":"https:\/\/diarioavanzada.com.mx\/index.php?rest_route=\/wp\/v2\/posts\/34377\/revisions\/34379"}],"wp:featuredmedia":[{"embeddable":true,"href":"https:\/\/diarioavanzada.com.mx\/index.php?rest_route=\/wp\/v2\/media\/34378"}],"wp:attachment":[{"href":"https:\/\/diarioavanzada.com.mx\/index.php?rest_route=%2Fwp%2Fv2%2Fmedia&parent=34377"}],"wp:term":[{"taxonomy":"category","embeddable":true,"href":"https:\/\/diarioavanzada.com.mx\/index.php?rest_route=%2Fwp%2Fv2%2Fcategories&post=34377"},{"taxonomy":"post_tag","embeddable":true,"href":"https:\/\/diarioavanzada.com.mx\/index.php?rest_route=%2Fwp%2Fv2%2Ftags&post=34377"}],"curies":[{"name":"wp","href":"https:\/\/api.w.org\/{rel}","templated":true}]}}