{"id":34272,"date":"2022-07-01T08:51:13","date_gmt":"2022-07-01T13:51:13","guid":{"rendered":"https:\/\/diarioavanzada.com.mx\/?p=34272"},"modified":"2022-07-01T08:54:40","modified_gmt":"2022-07-01T13:54:40","slug":"tan-predecibles-como-siempre","status":"publish","type":"post","link":"https:\/\/diarioavanzada.com.mx\/?p=34272","title":{"rendered":"Tan predecibles como siempre"},"content":{"rendered":"\n<p class=\"wp-block-paragraph\">Columna<br>El puercoesp\u00edn\u00a0<\/p>\n\n\n\n<p class=\"wp-block-paragraph\"><em>*El Congreso no sanciona y se muestra como un servil cuerpo colegiado del Ejecutivo; los asesinatos de polic\u00edas contin\u00faa y los pol\u00edticos de Colima Norte se muestran insensibles; la corrupci\u00f3n en Colima Norte sin precedentes.<\/em><\/p>\n\n\n\n<p class=\"wp-block-paragraph\"><strong>Espina uno<\/strong>.- Puede compararse con un circo, con una carpa de arrabal, pero no, a ninguno se le puede comparar sin caer en el error. El Congreso del estado de Colima con su bajo perfil y su autoanulaci\u00f3n est\u00e1 haciendo historia: es un desastre institucional sin precedentes.&nbsp;<\/p>\n\n\n\n<p class=\"wp-block-paragraph\">El Congreso decidid\u00f3 irse por la v\u00eda larga, extender el asunto hasta que no se pueda m\u00e1s contener el problema y tendr\u00e1n que enfrentar el caso y lo har\u00e1n, pero lo har\u00e1n pol\u00edticamente.&nbsp;<\/p>\n\n\n\n<p class=\"wp-block-paragraph\">El d\u00eda de ayer el Congreso decidi\u00f3 hacerle un exhorto a la desgobernadora y con ello evaden aplicar sanciones como lo orden\u00f3 el Tribunal Superior del Poder Judicial de la Federaci\u00f3n.<\/p>\n\n\n\n<p class=\"wp-block-paragraph\">La LX Legislatura tiene la firmeza de hacer historia y la est\u00e1 haciendo. La LX Legislatura con estos nueve meses de vida ha demostrado, con firmeza y consistencia, que pueden ser la peor legislatura de toda la historia del estado de Colima, meta ambiciosa, pero al alcance de los diputados, si es que se les puede llamar diputados esa bola de miserables, que solo saben cobrar y maniobrar a favor de sus intereses.&nbsp;<\/p>\n\n\n\n<p class=\"wp-block-paragraph\">El desorden de las funciones de las Comisiones es muy mayor. Sesionan en las Comisiones cuando Dios quiere y dictaminan algunos asunto cuando les interesa a ellos o al Poder Ejecutivo, por tanto, no es ninguna novedad que no hayan estado a la altura de lo que les mandat\u00f3 el Tribunal Superior del Poder Judicial de la Federaci\u00f3n.&nbsp;<\/p>\n\n\n\n<p class=\"wp-block-paragraph\">Est\u00e1n haciendo historia, pues pasar\u00e1n a la historia como hatajo de buenos para nada, pero bien avispados para cobrar los bonos por trabajos en Comisiones y sus salarios.<\/p>\n\n\n\n<p class=\"wp-block-paragraph\">Emitieron un exhorto cuando el Tribunal orden\u00f3 sanciones y especific\u00f3 los t\u00e9rminos y precis\u00f3 las violaciones hechas por la desgobernadora.&nbsp;<\/p>\n\n\n\n<p class=\"wp-block-paragraph\">La historia continuar\u00e1, pues ya vendr\u00e1 de rebote el asunto. Despu\u00e9s de que se publique el Peri\u00f3dico Oficial del Estado de Colima y cuando el Congreso notifique al Tribunal Superior del Poder Judicial de la Federaci\u00f3n. La historia continuar\u00e1. Los diputados reptando solo aplazan el asunto.<\/p>\n\n\n\n<p class=\"wp-block-paragraph\">La historia continuar\u00e1 y lo \u00fanico que mostrar\u00e1 es c\u00f3mo una delincuente electoral est\u00e1 d\u00e1ndole la vuelta a los asuntos para no enfrentar la ley. Los tiempos son distintos y habr\u00e1 consecuencias, solo que los ciudadanos tendremos que tener paciencia.&nbsp;<\/p>\n\n\n\n<p class=\"wp-block-paragraph\">La desgobernadora, lady Autozano y, actualmente, delincuente electoral, tendr\u00e1 que enfrentar la ley. Los corruptos pisan fuerte y su proyecto corrupto y corruptor goza de cabal salud.<\/p>\n\n\n\n<p class=\"wp-block-paragraph\"><strong>Espina dos<\/strong>.- El d\u00eda de ayer tambi\u00e9n fue asesinado el director operativo de la Polic\u00eda de Villa de \u00c1lvarez, lo que tiene dolidos y consternados a los miembros de la corporaci\u00f3n villalvarense. El torbellino de asesinatos de polic\u00edas contin\u00faa y el temporal no da se\u00f1ales de bajar su intensidad.\u00a0<\/p>\n\n\n\n<p class=\"wp-block-paragraph\">Y\u2026 \u00bfqu\u00e9 creen? La desgobernadora andaba en la CDMX.<\/p>\n\n\n\n<p class=\"wp-block-paragraph\">D\u00eda triste para las focas aplaudidoras, pues su inepta gobernadora volvi\u00f3 a lo de ella, viajar. Porque lo fuerte de la desgobernadora es viajar y viajar. La vale un reverendo cacahuate lo que suceda en Colima.<\/p>\n\n\n\n<p class=\"wp-block-paragraph\"><strong>Espina tres<\/strong>.- En los famosos audios difundidos por Layda Sansores apareci\u00f3 la familia colimense. Pues s\u00ed, la familia colimense que gobierna el municipio de Colima, recibi\u00f3 &#8211;presuntamente&#8211; dinero ilegal para su campa\u00f1a y no pas\u00f3 nada. La familia Noriega, con amplia experiencia en la materia, sigue en puestos de poder pol\u00edtico en el Congreso y en el municipio de Colima. Est\u00e1n en el epicentro pol\u00edtico de Colima y nadie les cuestiona sus actos pol\u00edticos y sus conductas poco \u00e9ticas.<\/p>\n\n\n\n<p class=\"wp-block-paragraph\">Margarita anda persiguiendo a los acosadores sexuales y ella es una presunta delincuente electoral, de conformidad con los audios de Alito Moreno, presidente del PRI nacional, presentados p\u00fablicamente por la gobernadora de Campeche.<\/p>\n\n\n\n<p class=\"wp-block-paragraph\">En Colima nadie investiga, nadie los cuestiona, nadie ha interpuesto una sola denuncia penal ni nada por el estilo, porque la desgobernadora est\u00e1 en Babia, porque el gobierno del Morena es c\u00f3mplice.&nbsp;<\/p>\n\n\n\n<p class=\"wp-block-paragraph\">En Colima estamos rodeados de delincuentes que, se asumen como pol\u00edticos profesionales, y todo mundo tan campante.<\/p>\n\n\n\n<p class=\"wp-block-paragraph\">Los de Morena-Colima publicaron en un tuit lo siguiente: <strong>\u00a1Se destapa la cloaca en Colima! El nuevo audio de Alito Moreno exhibe presuntos esquemas de financiamiento il\u00edcito. De confirmarse, Carlos Noriega y Margarita Moreno ser\u00edan DELINCUENTES ELECTORALES. Pagaron x la alcadld\u00eda de Colima. \u201cEl que paga para llegar, llega para robar\u201d&nbsp;<\/strong><\/p>\n\n\n\n<p class=\"wp-block-paragraph\">El tuit de los morenos colimenses no sabemos si es iron\u00eda dirigida contra los ciudadanos colimenses o francamente es una postura de autistas que desconocen donde est\u00e1n parados y no se dan por enterados que ellos ostentan el Poder Ejecutivo y tienen mayor\u00eda en el Poder Legislativo y pueden actuar desde la Fiscal\u00eda, pero inexplicablemente no lo hacen, lo que los convierte en c\u00f3mplices.&nbsp;<\/p>\n\n\n\n<p class=\"wp-block-paragraph\">En Colima es definitivo, la sociedad pol\u00edtica est\u00e1 podrida. Nadie se salva.<\/p>\n<div class=\"fb-background-color\">\n\t\t\t  <div \n\t\t\t  \tclass = \"fb-comments\" \n\t\t\t  \tdata-href = \"https:\/\/diarioavanzada.com.mx\/?p=34272\"\n\t\t\t  \tdata-numposts = \"10\"\n\t\t\t  \tdata-lazy = \"true\"\n\t\t\t\tdata-colorscheme = \"light\"\n\t\t\t\tdata-order-by = \"social\"\n\t\t\t\tdata-mobile=true>\n\t\t\t  <\/div><\/div>\n\t\t  <style>\n\t\t    .fb-background-color {\n\t\t\t\tbackground:  !important;\n\t\t\t}\n\t\t\t.fb_iframe_widget_fluid_desktop iframe {\n\t\t\t    width: 100% !important;\n\t\t\t}\n\t\t  <\/style>\n\t\t  ","protected":false},"excerpt":{"rendered":"<p>ColumnaEl puercoesp\u00edn\u00a0 *El Congreso no sanciona y se muestra como un servil cuerpo colegiado del Ejecutivo; los asesinatos de polic\u00edas contin\u00faa y los pol\u00edticos de Colima Norte se muestran insensibles; la corrupci\u00f3n en Colima Norte sin precedentes. Espina uno.- Puede compararse con un circo, con una carpa de arrabal, pero no, a ninguno se le [&hellip;]<\/p>\n","protected":false},"author":9,"featured_media":34270,"comment_status":"closed","ping_status":"closed","sticky":false,"template":"","format":"standard","meta":{"_coblocks_attr":"","_coblocks_dimensions":"","_coblocks_responsive_height":"","_coblocks_accordion_ie_support":"","advanced_seo_description":"","jetpack_seo_html_title":"","jetpack_seo_noindex":false,"jetpack_seo_schema_type":"","_jetpack_newsletter_access":"","_jetpack_dont_email_post_to_subs":false,"_jetpack_newsletter_tier_id":0,"_jetpack_memberships_contains_paywalled_content":false,"_wpcom_ai_launchpad_first_post":false,"_jetpack_feature_clip_id":0,"_jetpack_memberships_contains_paid_content":false,"footnotes":"","jetpack_post_was_ever_published":false},"categories":[19,209,24],"tags":[220,210],"class_list":["post-34272","post","type-post","status-publish","format-standard","has-post-thumbnail","hentry","category-colima","category-importantes","category-opinion","tag-opinion","tag-portada"],"jetpack-related-posts":[],"jetpack_sharing_enabled":true,"amp_enabled":true,"jetpack_featured_media_url":"https:\/\/diarioavanzada.com.mx\/wp-content\/uploads\/2022\/07\/Diputados.png","_links":{"self":[{"href":"https:\/\/diarioavanzada.com.mx\/index.php?rest_route=\/wp\/v2\/posts\/34272","targetHints":{"allow":["GET"]}}],"collection":[{"href":"https:\/\/diarioavanzada.com.mx\/index.php?rest_route=\/wp\/v2\/posts"}],"about":[{"href":"https:\/\/diarioavanzada.com.mx\/index.php?rest_route=\/wp\/v2\/types\/post"}],"author":[{"embeddable":true,"href":"https:\/\/diarioavanzada.com.mx\/index.php?rest_route=\/wp\/v2\/users\/9"}],"replies":[{"embeddable":true,"href":"https:\/\/diarioavanzada.com.mx\/index.php?rest_route=%2Fwp%2Fv2%2Fcomments&post=34272"}],"version-history":[{"count":2,"href":"https:\/\/diarioavanzada.com.mx\/index.php?rest_route=\/wp\/v2\/posts\/34272\/revisions"}],"predecessor-version":[{"id":34274,"href":"https:\/\/diarioavanzada.com.mx\/index.php?rest_route=\/wp\/v2\/posts\/34272\/revisions\/34274"}],"wp:featuredmedia":[{"embeddable":true,"href":"https:\/\/diarioavanzada.com.mx\/index.php?rest_route=\/wp\/v2\/media\/34270"}],"wp:attachment":[{"href":"https:\/\/diarioavanzada.com.mx\/index.php?rest_route=%2Fwp%2Fv2%2Fmedia&parent=34272"}],"wp:term":[{"taxonomy":"category","embeddable":true,"href":"https:\/\/diarioavanzada.com.mx\/index.php?rest_route=%2Fwp%2Fv2%2Fcategories&post=34272"},{"taxonomy":"post_tag","embeddable":true,"href":"https:\/\/diarioavanzada.com.mx\/index.php?rest_route=%2Fwp%2Fv2%2Ftags&post=34272"}],"curies":[{"name":"wp","href":"https:\/\/api.w.org\/{rel}","templated":true}]}}