{"id":34165,"date":"2022-06-29T05:47:15","date_gmt":"2022-06-29T10:47:15","guid":{"rendered":"https:\/\/diarioavanzada.com.mx\/?p=34165"},"modified":"2022-06-29T05:47:21","modified_gmt":"2022-06-29T10:47:21","slug":"nada-que-informar","status":"publish","type":"post","link":"https:\/\/diarioavanzada.com.mx\/?p=34165","title":{"rendered":"Nada que informar&nbsp;"},"content":{"rendered":"\n<p class=\"wp-block-paragraph\">Columna<br>El puercoesp\u00edn\u00a0<\/p>\n\n\n\n<p class=\"wp-block-paragraph\">Dentro de la segunda quincena del mes de septiembre de cada a\u00f1o, el d\u00eda que se\u00f1ala el H. Congreso del Estado, en Sesi\u00f3n Solemne a la que asistir\u00e1n el Presidente del Supremo Tribunal de Justicia y todos los miembros de la Legislatura, el Gobernador del Estado rendir\u00e1 un informe por escrito en el que manifieste las condiciones generales que guarde la Administraci\u00f3n P\u00fablica de la Entidad. El Presidente del Congreso contestar\u00e1 en t\u00e9rminos generales.<\/p>\n\n\n\n<p class=\"wp-block-paragraph\">M\u00e1s o menos as\u00ed dice la Constituci\u00f3n Pol\u00edtica del Estado de Colima y la desgobernadora lleva dos tercios de su primer a\u00f1o de gobierno y estamos han solo cuatro meses para que la desgobernadora vaya al Congreso a rendir cuentas&nbsp; &#8211;o lo que ello signifique&#8211; y todos los ciudadanos conozcamos algo de informaci\u00f3n que guardan las cosas en el estado de Colima.<\/p>\n\n\n\n<p class=\"wp-block-paragraph\">Hace ya un a\u00f1o de su elecci\u00f3n y seguimos esperando que inicie el gobierno, si es que se decide a iniciar su gobierno, la cuarta transformaci\u00f3n colimota.<\/p>\n\n\n\n<p class=\"wp-block-paragraph\">No hay materia<\/p>\n\n\n\n<p class=\"wp-block-paragraph\">La verdad es que este gobierno a estas altura del partido no sabe qu\u00e9 hacer ni como iniciar un gobierno. Michoac\u00e1n, con todo y sus dificultades, celebr\u00f3 su llegada al poder, por ejemplo. Colima no. Colima no celebra nada porque no tiene nada que celebrar. No hay materia que criticar ni analizar, excepto las selfis y los perritos \u201cmiones\u201d.<\/p>\n\n\n\n<p class=\"wp-block-paragraph\">Desperdici\u00f3 seis meses desde su elecci\u00f3n hasta su rendici\u00f3n de protesta y no plante\u00f3 ni un plan ni un proyecto, vaya, ni esbozo de gobierno o algo parecido a ello.&nbsp;<\/p>\n\n\n\n<p class=\"wp-block-paragraph\">Hace ya un a\u00f1o de su llegada al poder y no vemos indicios de algo que parezca un gobierno medianamente decente.<\/p>\n\n\n\n<p class=\"wp-block-paragraph\">&nbsp;D\u00e9jenla trabajar<\/p>\n\n\n\n<p class=\"wp-block-paragraph\">Cada vez que escucho esta frase me imagino a un grupo de gente colimense haci\u00e9ndole rueda a la gobernadora e inmoviliz\u00e1ndola para que no haga nada, as\u00ed como los ni\u00f1os y sus juegos rudos.&nbsp;<\/p>\n\n\n\n<p class=\"wp-block-paragraph\">Pero la verdad es que la gobernadora no ha presentado algo que valga la pena. Nada. Solo evasivas, ocurrencias, desplantes y escapadas del estado para hacer campa\u00f1a nacional.<\/p>\n\n\n\n<p class=\"wp-block-paragraph\">El crimen organizado tom\u00f3 el estado y la gobernadora andaba fuera, el crimen organizado sigue teniendo el control del estado la desgobernadora &#8211;gracias a dios&#8211; ya est\u00e1 aqu\u00ed y los problemas siguen igual y en el peor de los casos creciendo.<\/p>\n\n\n\n<p class=\"wp-block-paragraph\">El gabinete sigue en Babia.<\/p>\n\n\n\n<p class=\"wp-block-paragraph\">Hizo cambios en su gabinete no para mejorar las cosas de la \u201cadministraci\u00f3n p\u00fablica\u201d sino para preparar a los elementos de la <em>Mafia de las Amiguis <\/em>a disponerse a migrar a nuevos puestos de la administraci\u00f3n p\u00fablica. No hacen movimientos para impulsar iniciativas, acciones y pol\u00edticas p\u00fablicas en materia financiera y de seguridad que son las \u00e1reas m\u00e1s urgentes que atender; sin embargo la <em>Mafia de las Amiguis<\/em> est\u00e1 concentradas ampliar las posiciones de los distintos niveles de gobierno.&nbsp;<\/p>\n\n\n\n<p class=\"wp-block-paragraph\">Pretende con Rosy Bayardo ocupar la alcald\u00eda de Manzanillo. El \u00fanico problema, para ellas es que Manzanillo est\u00e1 lleno de manzanillenses, es decir, que es uno de los municipios m\u00e1s politizado del estado.<\/p>\n\n\n\n<p class=\"wp-block-paragraph\">Pretende lanzar a Viridiana Valencia hacia una posici\u00f3n en la C\u00e1mara de Diputados federal, o en su caso, a la senadur\u00eda. Viridiana fue un desastre en el Congreso local, pero ya aspira a otro puesto. Nada han hecho nada y ya aspiran a migrar a otro puesto. La l\u00f3gica nos indica es que su ambici\u00f3n es seguir enchufada en el presupuesto, nos se ven otros motivos.&nbsp;<\/p>\n\n\n\n<p class=\"wp-block-paragraph\">La otra opci\u00f3n de la <em>Mafia de las Amiguis<\/em> es lanzar al padre de la desgobernadora a la senadur\u00eda, pues es un puesto p\u00fablico&nbsp; que desde la posici\u00f3n (lugar u orden) que se busque se gana por la intenci\u00f3n de voto que tiene Morena.<\/p>\n\n\n\n<p class=\"wp-block-paragraph\">La familia en el poder tiene hecho un desastre el estado, pero ellos ya piensan en ocupar nuevos puestos de elecci\u00f3n popular, esas son sus intenciones, solo falta el voto de la gente.&nbsp;<\/p>\n\n\n\n<p class=\"wp-block-paragraph\">Arnoldo Vizca\u00edno, ya se ve como senador, y seguir mandando en el poder local. El problema es qu\u00e9 opinan los colimenses. Para dentro de dos a\u00f1os los colimenses tendr\u00e1n muy clara la ineptitud de los vizca\u00edno y su comparsa. Dentro de dos a\u00f1os nada ser\u00e1 igual.<\/p>\n\n\n\n<p class=\"wp-block-paragraph\"><strong>Pero, el desastre de hoy con los Vizca\u00edno en el poder puede ser la cat\u00e1strofe del ma\u00f1ana.<\/strong><\/p>\n\n\n\n<p class=\"wp-block-paragraph\">Pero qu\u00e9 va informar la gobernadora dentro de cuatro meses. La respuesta es: nada.<\/p>\n\n\n\n<p class=\"wp-block-paragraph\">La \u00fanica materia para informar es la siguiente:<\/p>\n\n\n\n<ol class=\"wp-block-list\"><li>Selfis estrat\u00e9gicas para el desarrollo con los amigos y focas aplaudidoras versi\u00f3n 1 y su versi\u00f3n 2.0 relativas a sus pachangas en Canc\u00fan y Acapulco con gabinete oficial y gabinete ampliado;<\/li><li>Perritos \u201cmiones\u201d de oficina para promover el desarrollo, en grado de sinergia, para potenciar el atractivo canino en el estado y se anunciar\u00e1 su ampliaci\u00f3n a gatitos y peque\u00f1os cerditos;<\/li><li>Viajes a la CDMX para apoyar a la amiga Claudia y ser una delincuente electoral sin&nbsp; ser sancionada;<\/li><li>Informe sustentado de la destrucci\u00f3n del partido Morena y sus liderazgos I y II, con sus fuertes antecedentes de haber destruido al Partido de la Revoluci\u00f3n Democr\u00e1tica;<\/li><li>Informe verdadero del fortalecimiento de la impunidad con las especificaciones jur\u00eddicas para que Nacho, Noriega y toda su pandilla se fortalezcan del poder y conserven lo robado;<\/li><li>Continuidad del desastre financiero abriendo nuevas l\u00edneas de cr\u00e9ditos para que las pague el pr\u00f3ximo gobierno y se rematar\u00e1 con;<\/li><li>Un informe especial del c\u00f3mo se elev\u00f3 a categor\u00eda de vulgar c\u00e1rtel a la Fiscal\u00eda estatal, considerando que a la Fiscal\u00eda ya le entregan cuerpos embolsados en su domicilio oficial. &nbsp; &nbsp;<\/li><\/ol>\n\n\n\n<p class=\"wp-block-paragraph\">Un gobierno en la indolencia, sin rumbo y sin proyecto, que solo informar\u00e1 de sus trivialidades, pero eso s\u00ed, no renuncia a seguir colocando sus fichas en la pr\u00f3xima elecci\u00f3n. Eso de estar pegados a la ubre del presupuesto eso s\u00ed es prioritario para la <em>Mafia de las Amiguis<\/em>.<\/p>\n\n\n\n<p class=\"wp-block-paragraph\">Faltan cuatro meses y en esos cuatro meses no cambiar\u00e1 nada, excepto, su capacidad de cometer m\u00e1s estupideces, pues tienen una enorme capacidad de asombrarnos con lograr algo m\u00e1s desastroso que lo anterior.&nbsp;<\/p>\n<div class=\"fb-background-color\">\n\t\t\t  <div \n\t\t\t  \tclass = \"fb-comments\" \n\t\t\t  \tdata-href = \"https:\/\/diarioavanzada.com.mx\/?p=34165\"\n\t\t\t  \tdata-numposts = \"10\"\n\t\t\t  \tdata-lazy = \"true\"\n\t\t\t\tdata-colorscheme = \"light\"\n\t\t\t\tdata-order-by = \"social\"\n\t\t\t\tdata-mobile=true>\n\t\t\t  <\/div><\/div>\n\t\t  <style>\n\t\t    .fb-background-color {\n\t\t\t\tbackground:  !important;\n\t\t\t}\n\t\t\t.fb_iframe_widget_fluid_desktop iframe {\n\t\t\t    width: 100% !important;\n\t\t\t}\n\t\t  <\/style>\n\t\t  ","protected":false},"excerpt":{"rendered":"<p>ColumnaEl puercoesp\u00edn\u00a0 Dentro de la segunda quincena del mes de septiembre de cada a\u00f1o, el d\u00eda que se\u00f1ala el H. Congreso del Estado, en Sesi\u00f3n Solemne a la que asistir\u00e1n el Presidente del Supremo Tribunal de Justicia y todos los miembros de la Legislatura, el Gobernador del Estado rendir\u00e1 un informe por escrito en el [&hellip;]<\/p>\n","protected":false},"author":9,"featured_media":34166,"comment_status":"closed","ping_status":"closed","sticky":false,"template":"","format":"standard","meta":{"_coblocks_attr":"","_coblocks_dimensions":"","_coblocks_responsive_height":"","_coblocks_accordion_ie_support":"","advanced_seo_description":"","jetpack_seo_html_title":"","jetpack_seo_noindex":false,"jetpack_seo_schema_type":"","_jetpack_newsletter_access":"","_jetpack_dont_email_post_to_subs":false,"_jetpack_newsletter_tier_id":0,"_jetpack_memberships_contains_paywalled_content":false,"_wpcom_ai_launchpad_first_post":false,"_jetpack_feature_clip_id":0,"_jetpack_memberships_contains_paid_content":false,"footnotes":"","jetpack_post_was_ever_published":false},"categories":[19,209,24],"tags":[220,210],"class_list":["post-34165","post","type-post","status-publish","format-standard","has-post-thumbnail","hentry","category-colima","category-importantes","category-opinion","tag-opinion","tag-portada"],"jetpack-related-posts":[],"jetpack_sharing_enabled":true,"amp_enabled":true,"jetpack_featured_media_url":"https:\/\/diarioavanzada.com.mx\/wp-content\/uploads\/2022\/06\/image-239.png","_links":{"self":[{"href":"https:\/\/diarioavanzada.com.mx\/index.php?rest_route=\/wp\/v2\/posts\/34165","targetHints":{"allow":["GET"]}}],"collection":[{"href":"https:\/\/diarioavanzada.com.mx\/index.php?rest_route=\/wp\/v2\/posts"}],"about":[{"href":"https:\/\/diarioavanzada.com.mx\/index.php?rest_route=\/wp\/v2\/types\/post"}],"author":[{"embeddable":true,"href":"https:\/\/diarioavanzada.com.mx\/index.php?rest_route=\/wp\/v2\/users\/9"}],"replies":[{"embeddable":true,"href":"https:\/\/diarioavanzada.com.mx\/index.php?rest_route=%2Fwp%2Fv2%2Fcomments&post=34165"}],"version-history":[{"count":1,"href":"https:\/\/diarioavanzada.com.mx\/index.php?rest_route=\/wp\/v2\/posts\/34165\/revisions"}],"predecessor-version":[{"id":34167,"href":"https:\/\/diarioavanzada.com.mx\/index.php?rest_route=\/wp\/v2\/posts\/34165\/revisions\/34167"}],"wp:featuredmedia":[{"embeddable":true,"href":"https:\/\/diarioavanzada.com.mx\/index.php?rest_route=\/wp\/v2\/media\/34166"}],"wp:attachment":[{"href":"https:\/\/diarioavanzada.com.mx\/index.php?rest_route=%2Fwp%2Fv2%2Fmedia&parent=34165"}],"wp:term":[{"taxonomy":"category","embeddable":true,"href":"https:\/\/diarioavanzada.com.mx\/index.php?rest_route=%2Fwp%2Fv2%2Fcategories&post=34165"},{"taxonomy":"post_tag","embeddable":true,"href":"https:\/\/diarioavanzada.com.mx\/index.php?rest_route=%2Fwp%2Fv2%2Ftags&post=34165"}],"curies":[{"name":"wp","href":"https:\/\/api.w.org\/{rel}","templated":true}]}}