{"id":34082,"date":"2022-06-27T05:33:18","date_gmt":"2022-06-27T10:33:18","guid":{"rendered":"https:\/\/diarioavanzada.com.mx\/?p=34082"},"modified":"2022-06-27T05:39:51","modified_gmt":"2022-06-27T10:39:51","slug":"nada-que-celebrar","status":"publish","type":"post","link":"https:\/\/diarioavanzada.com.mx\/?p=34082","title":{"rendered":"Nada que celebrar"},"content":{"rendered":"\n<p class=\"wp-block-paragraph\">Columna<br>El puercoesp\u00edn \u00a0<\/p>\n\n\n\n<p class=\"wp-block-paragraph\">Estamos a casi un mes de haber cumplido un a\u00f1o en que fue electo el actual gobierno estatal; sin embargo, nada hay por celebrar.<\/p>\n\n\n\n<p class=\"wp-block-paragraph\">Por primera vez estoy totalmente de acurdo con el gobierno estatal y en su decisi\u00f3n de haber dejado pasar el primer aniversario de su elecci\u00f3n calladitamente, pues no hay nada que celebrar.<\/p>\n\n\n\n<p class=\"wp-block-paragraph\">El no haber abierto la boca y haber permanecido calladitos es una buena decisi\u00f3n, pues la situaci\u00f3n tan precaria del estado es la muestra m\u00e1s clara de la profunda crisis pol\u00edtica y de seguridad por la que atraviesa el estado.<\/p>\n\n\n\n<p class=\"wp-block-paragraph\">Este gobierno es tan malo como el de Nacho Peralta. Los priista y panistas alegan que es peor, los morenistas reivindican su derecho a ser tan malos gobernantes como los del Prian, pero lo que los salva es su poco tiempo en el gobierno, seg\u00fan ellos. Creo que ya nos estamos entendiendo.<\/p>\n\n\n\n<p class=\"wp-block-paragraph\">En Colima tanto la derecha como la izquierda reconocen, de fondo, que son p\u00e9simos pol\u00edticos e ineficaces gobernantes. El debate para definir cu\u00e1l es el m\u00e1s malo, o peor de ambos, habla de la pobreza pol\u00edtica de la sociedad pol\u00edtica colimense.<\/p>\n\n\n\n<p class=\"wp-block-paragraph\">Los ciudadanos solo vemos, en Colima, malos pol\u00edticos prianistas y malos pol\u00edticos morenistas, &#8211;y sat\u00e9lites que los orbitan&#8211; que est\u00e1n colmando la paciencia de los colimotes.<\/p>\n\n\n\n<p class=\"wp-block-paragraph\">Es decir, que el debate no es sobre pol\u00edticas p\u00fablicas, ni nada por el estilo, sino cu\u00e1l de los dos proyectos es peor.&nbsp;<\/p>\n\n\n\n<p class=\"wp-block-paragraph\">El dilema no es tal dilema, no se trata de cual es peor. Ambos son tan malos que los ciudadanos estamos pasmados sin saber qu\u00e9 hacer para librarnos de toda esta bola de sinverg\u00fcenzas.<\/p>\n\n\n\n<p class=\"wp-block-paragraph\">De ah\u00ed la importancia de la revocaci\u00f3n de mandato. Los ciudadanos no tenemos otra que luchar con todas nuestras fuerzas para que los ciudadanos podamos contar con instrumentos democr\u00e1ticos para poder censurar y destituir a los malos funcionarios p\u00fablicos y acotarlos con nuestra participaci\u00f3n. &nbsp;<\/p>\n\n\n\n<p class=\"wp-block-paragraph\">Est\u00e1 claro que los pol\u00edtico nunca van han entender, si los ciudadanos no actuamos ellos continuar\u00e1n con sus abusos.<\/p>\n\n\n\n<p class=\"wp-block-paragraph\"><strong>Espina uno<\/strong>.- De acuerdo con Tribunal Electoral del Poder Judicial de la Federaci\u00f3n en Colima existen dos delincuentes electorales destacados que violentaron las leyes electoral en el pasado proceso dedicado a la revocaci\u00f3n&nbsp; de mandato del presidente Andr\u00e9s Manuel L\u00f3pez Obrador. Dicho tribunal instruy\u00f3 al Congreso del Estado para que sancione a la gobernadora por haber intervenido en el proceso, pues el ejercicio constitucional es de competencia exclusiva de los ciudadanos.&nbsp;<\/p>\n\n\n\n<p class=\"wp-block-paragraph\">Lo m\u00e1s normal que ocurra es que el Congreso har\u00e1 todo los posible, primero, por dilatar el proceso lo m\u00e1s que pueda; segundo, tratar\u00e1 de evadir su responsabilidad al m\u00e1ximo para evitar acatar la resoluci\u00f3n del tribunal; tercero, si llega a aplicar una sanci\u00f3n ser\u00e1 la m\u00ednima y de risa local. El Congreso estar\u00e1 firme en su papel de lamesuelas del Poder Ejecutivo y fiel a su espejo desde los tiempos del Prian. Los morenistas, hoy en el poder, demostrar\u00e1n que no tienen la m\u00e1s m\u00ednima intenci\u00f3n de darle vida digna al Congreso.&nbsp;<\/p>\n\n\n\n<p class=\"wp-block-paragraph\">El otro funcionario se\u00f1alado como delincuente electoral es el vulgar subsecretario de Cultura, Emiliano Zizumbo Quintanilla, que leal a sus pensamientos y en consecuencia con ellos, violent\u00f3 la ley electoral al haber publicitado en sus redes sociales propaganda considera indebida, ya que, promoci\u00f3n el proceso siendo funcionario p\u00fablico y adem\u00e1s lo hizo en tiempos de veda electoral.<\/p>\n\n\n\n<p class=\"wp-block-paragraph\">Colima cuenta con dos delincuentes electorales que con sus acciones lejos est\u00e1n de ser miembros de una nueva generaci\u00f3n de pol\u00edticos dem\u00f3cratas que pretendan transformar a Colima y al pa\u00eds.<\/p>\n\n\n\n<p class=\"wp-block-paragraph\">Morena debe ser m\u00e1s cuidadoso en proyectar a sus cuadros para transformar la vida p\u00fablica, pues con estos dos delincuentes electorales lo \u00fanico que podemos esperar es que repitan la historia del Prian.<\/p>\n\n\n\n<p class=\"wp-block-paragraph\">Morena debe tener bien presente que el PRI se comport\u00f3 como todo un maestro de la delincuencia electoral y la sociedad lo sac\u00f3 a patadas del poder, el PAN se comport\u00f3 como un aprendiz de delincuente electoral y la sociedad lo sac\u00f3 a patadas del poder. Morena va por el mismo camino, su tiempo en el poder podr\u00e1 ser muy breve, pues la sociedad est\u00e1 en niveles de madurez pol\u00edtica muy profunda.<\/p>\n<div class=\"fb-background-color\">\n\t\t\t  <div \n\t\t\t  \tclass = \"fb-comments\" \n\t\t\t  \tdata-href = \"https:\/\/diarioavanzada.com.mx\/?p=34082\"\n\t\t\t  \tdata-numposts = \"10\"\n\t\t\t  \tdata-lazy = \"true\"\n\t\t\t\tdata-colorscheme = \"light\"\n\t\t\t\tdata-order-by = \"social\"\n\t\t\t\tdata-mobile=true>\n\t\t\t  <\/div><\/div>\n\t\t  <style>\n\t\t    .fb-background-color {\n\t\t\t\tbackground:  !important;\n\t\t\t}\n\t\t\t.fb_iframe_widget_fluid_desktop iframe {\n\t\t\t    width: 100% !important;\n\t\t\t}\n\t\t  <\/style>\n\t\t  ","protected":false},"excerpt":{"rendered":"<p>ColumnaEl puercoesp\u00edn \u00a0 Estamos a casi un mes de haber cumplido un a\u00f1o en que fue electo el actual gobierno estatal; sin embargo, nada hay por celebrar. Por primera vez estoy totalmente de acurdo con el gobierno estatal y en su decisi\u00f3n de haber dejado pasar el primer aniversario de su elecci\u00f3n calladitamente, pues no [&hellip;]<\/p>\n","protected":false},"author":9,"featured_media":34083,"comment_status":"closed","ping_status":"closed","sticky":false,"template":"","format":"standard","meta":{"_coblocks_attr":"","_coblocks_dimensions":"","_coblocks_responsive_height":"","_coblocks_accordion_ie_support":"","advanced_seo_description":"","jetpack_seo_html_title":"","jetpack_seo_noindex":false,"jetpack_seo_schema_type":"","_jetpack_newsletter_access":"","_jetpack_dont_email_post_to_subs":false,"_jetpack_newsletter_tier_id":0,"_jetpack_memberships_contains_paywalled_content":false,"_wpcom_ai_launchpad_first_post":false,"_jetpack_feature_clip_id":0,"_jetpack_memberships_contains_paid_content":false,"footnotes":"","jetpack_post_was_ever_published":false},"categories":[19,209],"tags":[220,210],"class_list":["post-34082","post","type-post","status-publish","format-standard","has-post-thumbnail","hentry","category-colima","category-importantes","tag-opinion","tag-portada"],"jetpack-related-posts":[],"jetpack_sharing_enabled":true,"amp_enabled":true,"jetpack_featured_media_url":"https:\/\/diarioavanzada.com.mx\/wp-content\/uploads\/2022\/06\/cel.png","_links":{"self":[{"href":"https:\/\/diarioavanzada.com.mx\/index.php?rest_route=\/wp\/v2\/posts\/34082","targetHints":{"allow":["GET"]}}],"collection":[{"href":"https:\/\/diarioavanzada.com.mx\/index.php?rest_route=\/wp\/v2\/posts"}],"about":[{"href":"https:\/\/diarioavanzada.com.mx\/index.php?rest_route=\/wp\/v2\/types\/post"}],"author":[{"embeddable":true,"href":"https:\/\/diarioavanzada.com.mx\/index.php?rest_route=\/wp\/v2\/users\/9"}],"replies":[{"embeddable":true,"href":"https:\/\/diarioavanzada.com.mx\/index.php?rest_route=%2Fwp%2Fv2%2Fcomments&post=34082"}],"version-history":[{"count":1,"href":"https:\/\/diarioavanzada.com.mx\/index.php?rest_route=\/wp\/v2\/posts\/34082\/revisions"}],"predecessor-version":[{"id":34084,"href":"https:\/\/diarioavanzada.com.mx\/index.php?rest_route=\/wp\/v2\/posts\/34082\/revisions\/34084"}],"wp:featuredmedia":[{"embeddable":true,"href":"https:\/\/diarioavanzada.com.mx\/index.php?rest_route=\/wp\/v2\/media\/34083"}],"wp:attachment":[{"href":"https:\/\/diarioavanzada.com.mx\/index.php?rest_route=%2Fwp%2Fv2%2Fmedia&parent=34082"}],"wp:term":[{"taxonomy":"category","embeddable":true,"href":"https:\/\/diarioavanzada.com.mx\/index.php?rest_route=%2Fwp%2Fv2%2Fcategories&post=34082"},{"taxonomy":"post_tag","embeddable":true,"href":"https:\/\/diarioavanzada.com.mx\/index.php?rest_route=%2Fwp%2Fv2%2Ftags&post=34082"}],"curies":[{"name":"wp","href":"https:\/\/api.w.org\/{rel}","templated":true}]}}