{"id":33975,"date":"2022-06-24T07:11:41","date_gmt":"2022-06-24T12:11:41","guid":{"rendered":"https:\/\/diarioavanzada.com.mx\/?p=33975"},"modified":"2022-06-24T07:15:01","modified_gmt":"2022-06-24T12:15:01","slug":"el-dificil-camino-de-la-seccion-39-del-snte","status":"publish","type":"post","link":"https:\/\/diarioavanzada.com.mx\/?p=33975","title":{"rendered":"El dif\u00edcil camino de la secci\u00f3n 39 del Snte"},"content":{"rendered":"\n<p class=\"wp-block-paragraph\">Columna<br>El puercoesp\u00edn\u00a0<\/p>\n\n\n\n<p class=\"wp-block-paragraph\">Lo \u00fanico cierto en los tiempos inciertos de la secci\u00f3n 39 es su futuro dudoso.<\/p>\n\n\n\n<p class=\"wp-block-paragraph\">Es l\u00f3gico que en una campa\u00f1a se piense que, terminando el proceso electoral, todo se va a resolver con el relevo de dirigentes y el pasado quedar\u00e1 atr\u00e1s y el futuro ser\u00e1 distinto y promisorio, donde esa promesa es una realidad distinta y, en el caso de la 39, es la restauraci\u00f3n del cielo perdido.<\/p>\n\n\n\n<p class=\"wp-block-paragraph\">La elecci\u00f3n interna de la secci\u00f3n 39 es el inicio de algo que debi\u00f3 ser cotidiano en una organizaci\u00f3n democr\u00e1tica y decente, pero la 39 ni era ni es democr\u00e1tica y mucho menos decente.<\/p>\n\n\n\n<p class=\"wp-block-paragraph\">Las lecciones de los maestros<\/p>\n\n\n\n<p class=\"wp-block-paragraph\">El relevo sindical demostr\u00f3 lo obvio: uno, que la 39 ni era ni es democr\u00e1tica; dos, que el peso del Comit\u00e9 Ejecutivo Nacional del Snte gravita enormemente en la vida de la secci\u00f3n magisterial; tres, que la secci\u00f3n 39 no tiene vida sindical sin estar vinculado corporativamente al gobierno del estado; cuatro, que existe una enorme falta de experiencia para impulsar proyectos alternativos a las dirigencias charras; y cinco, que tiene todo una \u00e1rea de oportunidad para crecer como sindicato democr\u00e1tico y honesto.<\/p>\n\n\n\n<p class=\"wp-block-paragraph\">Paso a paso<\/p>\n\n\n\n<p class=\"wp-block-paragraph\">Paso uno. Los largos a\u00f1os de vinculaci\u00f3n al PRI, haya sido por conveniencia o&nbsp; por estrategia, el hecho es que la organizaci\u00f3n sindical desde su fundaci\u00f3n no procur\u00f3 desarrollar procesos democr\u00e1ticos para gestionar sus asuntos internos y haber tolerado las diversas formas pol\u00edticas de pensar donde se marcara la distancia clara entre la organizaci\u00f3n sindical y el partido. El Snte desde sus or\u00edgenes estuvo afiliado corporativamente al PRI y las otras maneras de pensar, simple y sencillamente, eran negadas y excluidas. La democracia no se construy\u00f3 ni por error. El PRI socialmente perdi\u00f3 fuerza y la 39 se mantuvo siempre fiel, el PRI et\u00e1 colapsando&nbsp; y el l\u00f3gico que sus corporativos integrados tambi\u00e9n deben colapsar. La 39 est\u00e1 sufriendo el mismo destino del PRI, su colapso institucional.<\/p>\n\n\n\n<p class=\"wp-block-paragraph\">Paso dos. El Comit\u00e9 Ejecutivo Nacional siempre marcando su distancia mantuvo su peso e influencia basado tambi\u00e9n en su filiaci\u00f3n corporativa al PRI y tambi\u00e9n reforz\u00f3 la militancia \u00fanica y evitando el crecimiento de opciones ideol\u00f3gicas y pol\u00edticas distintas. El costo es el pensamiento \u00fanico sin capacidad pol\u00edtica ni creativa para hacer frente al colapso de sus \u201cconquistas sindicales\u201d.<\/p>\n\n\n\n<p class=\"wp-block-paragraph\">Paso tres. La secci\u00f3n no entendi\u00f3 &#8211;ni entiende hoy&#8211; su existencia e identidad sin estar vinculados al gobierno. El gobierno es su patr\u00f3n y por la v\u00eda corporativa priista tambi\u00e9n se vinculan&nbsp; al gobierno como un solo ente corporativo, se creen y se comportan como gobierno y organizaci\u00f3n sindical como un solo ente. No hay divisi\u00f3n, no hay fronteras. Gobierno y sindicato son lo mismo. Lo mismo vitorearon a Mario y a Nacho y hoy lo hacen con Indira, no saben hacer otra cosa. El problema es que la n\u00f3mina magisterial y sus prestaciones y privilegios, y adem\u00e1s la corrupci\u00f3n, es un fardo enorme que el gobierno ya no puede cargas m\u00e1s. Son una organizaci\u00f3n demasiado pesada y onerosa. Seguir\u00e1n aplaudiendo al gobierno porque son incapaces de ser independientes y su suerte estar\u00e1 marcada por su entreguismo o capacidad de reaccionar y crear una pol\u00edtica sindical independiente del patr\u00f3n. La 39 deber\u00e1 aprender r\u00e1pido a dialogar y mantener una sana distancia con el gobierno porque \u00e9ste es una instituci\u00f3n de todos los colimenses y no solo su patr\u00f3n. O aprenden o colapsan.<\/p>\n\n\n\n<p class=\"wp-block-paragraph\">Paso cuatro. Su monol\u00edtica estructura les ha impedido crear proyectos alternativos de organizaci\u00f3n sindical capaz de defender sus conquistas sindicales. En su cerraz\u00f3n monol\u00edtica estuvo fundada su fortaleza, pero tambi\u00e9n su debilidad org\u00e1nica y pol\u00edtica&nbsp; como lo est\u00e1n mostrando los hechos. La planilla que compiti\u00f3 contra la oficial algo intent\u00f3 hacer, pero su incertidumbre de que algo peor puede venir les gan\u00f3 y eso mismo los tiene pasmados.<\/p>\n\n\n\n<p class=\"wp-block-paragraph\">Paso quinto. Lo \u00fanico positivo del anterior proceso interno es que la base magisterial recogi\u00f3 la experiencia social de indignaci\u00f3n e intent\u00f3 impulsar un movimiento alternativo que logr\u00f3 una muy buena aceptaci\u00f3n de la base, pero insuficiente, y lo que qued\u00f3 m\u00e1s claro es que el nacional los someti\u00f3 para continuar por la v\u00eda de la negociaci\u00f3n que, en buen espa\u00f1ol, significa que ellos luchar\u00e1n por mantener sus puestos e influencia en la SEP para conservar sus privilegios como l\u00edderes charros. Un proyecto alternativo tendr\u00e1 que esperar un buen tiempo para pensarse, organizarse y construirse.<\/p>\n\n\n\n<p class=\"wp-block-paragraph\">Para cerrar<\/p>\n\n\n\n<p class=\"wp-block-paragraph\">Una venta de oxigeno se abri\u00f3 con la publicaci\u00f3n del padr\u00f3n de afiliados, dicho padr\u00f3n puso en evidencia la punta del iceberg de la corrupci\u00f3n de la 39. Familiares aparecieron en excelentes plazas y su \u00fanico m\u00e9rito era y ese su relaci\u00f3n familiar. El nepotismo es su modus operandi.<\/p>\n\n\n\n<p class=\"wp-block-paragraph\">A la 39 le hace falta purificarse, si no abre la caja de la corrupci\u00f3n su democratizaci\u00f3n tendr\u00e1 que esperar mucho tiempo. La democratizaci\u00f3n de la 39 pasa por destapar la corrupci\u00f3n. Algo de esta corrupci\u00f3n emergi\u00f3 en este proceso pr\u00f3ximo pasado, pero la verdad es que les da p\u00e1nico denunciar la corrupci\u00f3n porque todos algo tienen que ver.&nbsp;<\/p>\n\n\n\n<p class=\"wp-block-paragraph\">Sus porras a Nacho e Indira son las porras para que entre todos, gobierno y sindicato, es decir, secci\u00f3n 39 e Indira mantengan la corrupci\u00f3n tapada porque a todos les conviene taparla.&nbsp;<\/p>\n\n\n\n<p class=\"wp-block-paragraph\">El gobierno y la 39 le tienen p\u00e1nico a destapar la corrupci\u00f3n y esa es la clave para poder avanzar: limpiar la corrupci\u00f3n en el Sistema Estatal de Educaci\u00f3n.<\/p>\n<div class=\"fb-background-color\">\n\t\t\t  <div \n\t\t\t  \tclass = \"fb-comments\" \n\t\t\t  \tdata-href = \"https:\/\/diarioavanzada.com.mx\/?p=33975\"\n\t\t\t  \tdata-numposts = \"10\"\n\t\t\t  \tdata-lazy = \"true\"\n\t\t\t\tdata-colorscheme = \"light\"\n\t\t\t\tdata-order-by = \"social\"\n\t\t\t\tdata-mobile=true>\n\t\t\t  <\/div><\/div>\n\t\t  <style>\n\t\t    .fb-background-color {\n\t\t\t\tbackground:  !important;\n\t\t\t}\n\t\t\t.fb_iframe_widget_fluid_desktop iframe {\n\t\t\t    width: 100% !important;\n\t\t\t}\n\t\t  <\/style>\n\t\t  ","protected":false},"excerpt":{"rendered":"<p>ColumnaEl puercoesp\u00edn\u00a0 Lo \u00fanico cierto en los tiempos inciertos de la secci\u00f3n 39 es su futuro dudoso. Es l\u00f3gico que en una campa\u00f1a se piense que, terminando el proceso electoral, todo se va a resolver con el relevo de dirigentes y el pasado quedar\u00e1 atr\u00e1s y el futuro ser\u00e1 distinto y promisorio, donde esa promesa [&hellip;]<\/p>\n","protected":false},"author":9,"featured_media":33976,"comment_status":"closed","ping_status":"closed","sticky":false,"template":"","format":"standard","meta":{"_coblocks_attr":"","_coblocks_dimensions":"","_coblocks_responsive_height":"","_coblocks_accordion_ie_support":"","advanced_seo_description":"","jetpack_seo_html_title":"","jetpack_seo_noindex":false,"jetpack_seo_schema_type":"","_jetpack_newsletter_access":"","_jetpack_dont_email_post_to_subs":false,"_jetpack_newsletter_tier_id":0,"_jetpack_memberships_contains_paywalled_content":false,"_wpcom_ai_launchpad_first_post":false,"_jetpack_feature_clip_id":0,"_jetpack_memberships_contains_paid_content":false,"footnotes":"","jetpack_post_was_ever_published":false},"categories":[19,209,24],"tags":[220,210],"class_list":["post-33975","post","type-post","status-publish","format-standard","has-post-thumbnail","hentry","category-colima","category-importantes","category-opinion","tag-opinion","tag-portada"],"jetpack-related-posts":[],"jetpack_sharing_enabled":true,"amp_enabled":true,"jetpack_featured_media_url":"https:\/\/diarioavanzada.com.mx\/wp-content\/uploads\/2022\/06\/image-196.png","_links":{"self":[{"href":"https:\/\/diarioavanzada.com.mx\/index.php?rest_route=\/wp\/v2\/posts\/33975","targetHints":{"allow":["GET"]}}],"collection":[{"href":"https:\/\/diarioavanzada.com.mx\/index.php?rest_route=\/wp\/v2\/posts"}],"about":[{"href":"https:\/\/diarioavanzada.com.mx\/index.php?rest_route=\/wp\/v2\/types\/post"}],"author":[{"embeddable":true,"href":"https:\/\/diarioavanzada.com.mx\/index.php?rest_route=\/wp\/v2\/users\/9"}],"replies":[{"embeddable":true,"href":"https:\/\/diarioavanzada.com.mx\/index.php?rest_route=%2Fwp%2Fv2%2Fcomments&post=33975"}],"version-history":[{"count":2,"href":"https:\/\/diarioavanzada.com.mx\/index.php?rest_route=\/wp\/v2\/posts\/33975\/revisions"}],"predecessor-version":[{"id":33978,"href":"https:\/\/diarioavanzada.com.mx\/index.php?rest_route=\/wp\/v2\/posts\/33975\/revisions\/33978"}],"wp:featuredmedia":[{"embeddable":true,"href":"https:\/\/diarioavanzada.com.mx\/index.php?rest_route=\/wp\/v2\/media\/33976"}],"wp:attachment":[{"href":"https:\/\/diarioavanzada.com.mx\/index.php?rest_route=%2Fwp%2Fv2%2Fmedia&parent=33975"}],"wp:term":[{"taxonomy":"category","embeddable":true,"href":"https:\/\/diarioavanzada.com.mx\/index.php?rest_route=%2Fwp%2Fv2%2Fcategories&post=33975"},{"taxonomy":"post_tag","embeddable":true,"href":"https:\/\/diarioavanzada.com.mx\/index.php?rest_route=%2Fwp%2Fv2%2Ftags&post=33975"}],"curies":[{"name":"wp","href":"https:\/\/api.w.org\/{rel}","templated":true}]}}