{"id":33761,"date":"2022-06-20T07:32:35","date_gmt":"2022-06-20T12:32:35","guid":{"rendered":"https:\/\/diarioavanzada.com.mx\/?p=33761"},"modified":"2022-06-20T07:32:45","modified_gmt":"2022-06-20T12:32:45","slug":"carta-a-claudia-sheinbaum","status":"publish","type":"post","link":"https:\/\/diarioavanzada.com.mx\/?p=33761","title":{"rendered":"Carta a Claudia Sheinbaum"},"content":{"rendered":"\n<p class=\"wp-block-paragraph\">Columna&nbsp;<\/p>\n\n\n\n<p class=\"wp-block-paragraph\">El puercoesp\u00edn&nbsp;<\/p>\n\n\n\n<p class=\"wp-block-paragraph\">C. Dra. Claudia Sheinbaum:<\/p>\n\n\n\n<p class=\"wp-block-paragraph\">En la conferencia de prensa del d\u00eda 10 de junio del presente a\u00f1o, que ofreci\u00f3 en la ciudad de M\u00e9xico, usted presenta de la siguiente manera a la gobernadora de Colima: \u201c\u2026nuestra gobernadora del estado de Colima <strong>que est\u00e1 haciendo un excelente trabajo al frente de este bell\u00edsimo y peque\u00f1o estado<\/strong> de nuestra Rep\u00fablica&#8230;\u201d&nbsp;<\/p>\n\n\n\n<p class=\"wp-block-paragraph\">C\u00f3mo se atreve usted a expresar esas palabras. Cualquier colimense que vea ese video, sinceramente, sin temor a equivocarme, le dir\u00e9 que se sentir\u00e1 ofendido porque usted habla, sin conocimiento de causa, al m\u00e1s puro estilo demag\u00f3gico de los tiempos de los pol\u00edticos c\u00ednicos del PRI que solo buscaban quedar bien entre ellos y les val\u00edan madres&nbsp; todos los ciudadanos. La cortes\u00eda es una cosa, la demagogia es algo distinto y profundo, porque es un proselitismo falso que pretende seducir por medio del enga\u00f1o.<\/p>\n\n\n\n<p class=\"wp-block-paragraph\">Me queda claro que usted desconoce la realidad violenta que vive Colima, producto de la inseguridad rampante; la precariedad financiera producto del quiebre financiero del gobierno en el cual ella particip\u00f3 (ella y su equipo nuclear trabaj\u00f3 para Nacho Peralta) y es corresponsable; la crisis pol\u00edtica m\u00e1s profunda de la sociedad colimense producto de la forma en que se han amafiado los partidos partido pol\u00edticos y toda la sociedad pol\u00edtica colimense.<\/p>\n\n\n\n<p class=\"wp-block-paragraph\">Hablar de un gobierno que est\u00e1 haciendo un excelente trabajo es un exceso, es demagogia pura, y es una bofetada en la cara de los colimenses.<\/p>\n\n\n\n<p class=\"wp-block-paragraph\">Sra. Sheinbaum, usted debe pedirle disculpas a los colimenses porque sus palabras ofenden a los colimenses. Su inofensiva conferencia de prensa parece ser intrascendente, pero es propaganda a costilla de los colimenses y no podemos guardar silencio.<\/p>\n\n\n\n<p class=\"wp-block-paragraph\">Qu\u00e9 pretende. Qu\u00e9 busca ofendiendo a los colimenses. Los colimenses no le hemos hecho nada.<\/p>\n\n\n\n<p class=\"wp-block-paragraph\">Es triste ver que usted se comporta como los pol\u00edticos del PRI de hace 60 a\u00f1os, igual que los panistas que se asociaron a los priistas para continuar con su proyecto neoliberal, que dijeron que desmontar\u00edan el sistema corporativo y terminaron haciendo excelentes tratos con la CTM y el Snte de Elba Esther Gordillo.<\/p>\n\n\n\n<p class=\"wp-block-paragraph\">Sab\u00eda usted que Colima ha vivido en tan solo siete meses, por culpa de un gobierno nep\u00f3tico, inepto, omiso e irresponsable los peores vicios del Prian como cat\u00e1logo de lo que no se debe hacer.<\/p>\n\n\n\n<p class=\"wp-block-paragraph\">Yo estoy cierto que usted sabe que el gabinete de la gobernadora de Colima est\u00e1 lleno de primos, ahijados, hermanos y&nbsp; amigos que conforman un compacto grupo digno de la mejor muestra del nepotismo que se practic\u00f3 como un l\u00e9gitimo derecho al bot\u00edn por el PRI y el&nbsp; PAN, es decir, la cultura patrimonialista.<\/p>\n\n\n\n<p class=\"wp-block-paragraph\">\u00bfEs usted partidaria de la pol\u00edtica patrimonialista?<\/p>\n\n\n\n<p class=\"wp-block-paragraph\">\u00bfEs usted partidaria del nepotismo y no lo sab\u00edamos? Porque Colima y su gobierno es un paradigma del nepotismo. \u00bfEs el nepotismo para usted una muestra de la excelencia de c\u00f3mo se conforma un gobierno?<\/p>\n\n\n\n<p class=\"wp-block-paragraph\">El presidente el d\u00eda se su rendici\u00f3n de protesta ante el Congreso de la Uni\u00f3n sostuvo: \u201c<strong>Yo ya no me pertenezco\u201d<\/strong> en clara alusi\u00f3n de convertirse en un servidor de la naci\u00f3n y de que sus familiares se abstuvieran de pedir favores y puestos. El nepotismo no es lo fuerte del presidente. Hasta el d\u00eda de hoy le han buscado hasta debajo de las piedras y no le han encontrado nada y ello ha propiciado la mayor frustraci\u00f3n de la oposici\u00f3n \u00bfUsted hab\u00eda observado eso?<\/p>\n\n\n\n<p class=\"wp-block-paragraph\">\u00bfO ser\u00e1 que usted s\u00ed ve con benepl\u00e1cito el nepotismo y no lo sab\u00edamos?<\/p>\n\n\n\n<p class=\"wp-block-paragraph\">Ser nepotista no es trabajar con excelencia \u00bfO para usted s\u00ed lo es?<\/p>\n\n\n\n<p class=\"wp-block-paragraph\">Apoyar el nepotismo es buscar, por la v\u00eda de un aparente pragmatismo, consensos por la v\u00eda del reparto del poder pol\u00edtico. Es propiciar una avenida de regreso del PRI al poder.<\/p>\n\n\n\n<p class=\"wp-block-paragraph\">Sab\u00eda usted que el secretariado de Seguridad P\u00fablica es un desastre que tiene sumido al estado en la peor crisis de seguridad de todos los tiempos.&nbsp;<\/p>\n\n\n\n<p class=\"wp-block-paragraph\">Quien coordina ese secretariado es una pobre mujer que su \u00fanica virtud es ser amiga de la gobernado. \u00bfEs eso excelencia?<\/p>\n\n\n\n<p class=\"wp-block-paragraph\">Sab\u00eda usted que la Secretar\u00eda de Seguridad P\u00fablica del Estado de Colima es un desastre org\u00e1nico donde las fuerzas federales como la Marina Armada de M\u00e9xico, Defensa Nacional y Guarda Nacional desconf\u00edan y operan visiblemente distanciados de esa corporaci\u00f3n. Aparte, laboralmente los polic\u00edas son tratados de la peor manera, pues los salarios y prestaciones de sus efectivos les son regateados y la corporaci\u00f3n vive una de sus peores crisis institucionales.<\/p>\n\n\n\n<p class=\"wp-block-paragraph\">\u00bfEl desastre de la Secretar\u00eda de Seguridad P\u00fablica es un signo distintivo de excelencia?<\/p>\n\n\n\n<p class=\"wp-block-paragraph\">Sab\u00eda usted que es un secreto a voces que la Fiscal\u00eda General del Estado, al mando del ahijado de la gobernadora, el orgullo de su nepotismo, es vista por los colimenses como la instituci\u00f3n m\u00e1s penetrada por el narcotr\u00e1fico y, por ende, mejor colaboradora del crimen organizado. La procuraci\u00f3n de justicia en Colima es un desastre y lo peor es que no se plantean ni siquiera proyectos para enderezar a esa instituci\u00f3n.&nbsp;<\/p>\n\n\n\n<p class=\"wp-block-paragraph\">\u00bfEs eso excelencia?<\/p>\n\n\n\n<p class=\"wp-block-paragraph\">\u00bfO ser\u00e1 que para usted la excelencia es operar en coordinci\u00f3n con el narco y el crimen organizado?<\/p>\n\n\n\n<p class=\"wp-block-paragraph\">Usted&nbsp; no puede hablar de excelencia y de un trabajo de este calibre porque se nota que desconoce al estado y su vida p\u00fablica. Ni por cortes\u00eda puede usted hablar de excelencia.<\/p>\n\n\n\n<p class=\"wp-block-paragraph\">Si usted es amiga, le gusta y le cae bien la gobernadora de Colima ese es su problema. Por Favor d\u00edgale cuanto la ama y la quiere como amiga pol\u00edtica, pero h\u00e1galo en privado, es un consejo, &#8211;y un consejo no se le niega a nadie&#8211;, pero por favor no insulte a los colimenses. Y le pido que lo haga en privado porque al final de cuenta esta mujer encarna la investidura de gobernadora y los colimenses no podemos ofendernos a nosotros mismos.<\/p>\n\n\n\n<p class=\"wp-block-paragraph\">Estamos viviendo tiempos en que los pol\u00edticos del centro del pa\u00eds siguen viendo al interior del pa\u00eds como una realidad aparte donde vivimos un subdesarrollo pol\u00edtico. Olvidan una cosa, somos la misma naci\u00f3n y somos uno de los tantos M\u00e9xicos que coexistimos&nbsp; en un mismo territorio.<\/p>\n\n\n\n<p class=\"wp-block-paragraph\">Veo con tristeza que usted se parece tanto a los pol\u00edticos de derecha que les importa muy poco las regiones y creen que impulsando e imponiendo a sus amigos pol\u00edticos en las regiones todo va ir muy bien. La imposici\u00f3n desde el centro es algo que la sociedad est\u00e1 en proceso de destruir y los pol\u00edticos no lo ven, incluido el partido Morena.&nbsp;<\/p>\n\n\n\n<p class=\"wp-block-paragraph\">No, no se equivoquen. En M\u00e9xico existimos las regiones y el Prian no las quiso ver y termin\u00f3 derrotado en las aguas insurgentes de las regiones. Las regiones existimos y somos quienes estamos impulsando una agenda democr\u00e1tica que debe respetar los liderazgos regionales, pues sin ellos no habr\u00e1 viabilidad para una nueva forma democr\u00e1tica de procesar el M\u00e9xico nuevo que queremos construir lejos del Prian y de un Morena centralista que pretende que el PRI perviva en el gobierno m\u00e1s all\u00e1 de sus siglas.&nbsp;<\/p>\n\n\n\n<p class=\"wp-block-paragraph\">Toda la sociedad pol\u00edtica solo cree en el centro como espacio vital donde se define&nbsp; los destinos de la patria. Nada m\u00e1s alejado de la realidad.<\/p>\n\n\n\n<p class=\"wp-block-paragraph\">La regiones existimos y en menos o mayor medida configuramos el mapa pol\u00edtico nacional.<\/p>\n\n\n\n<p class=\"wp-block-paragraph\">Todos los pol\u00edticos de derecha y de izquierda como usted &#8211;es lamentable para m\u00ed descubrir que usted tambi\u00e9n es igual a todos los pol\u00edticos&#8211;&nbsp; creen y edifican el centro como n\u00facleo gravitacional de toda la pol\u00edtica nacional que no es un error que nos llamen <strong>provincia<\/strong>. No estar\u00eda de m\u00e1s recordarles que ya no somos un reino &#8211;desde 1810 no los somos&#8211; y por tanto ya <strong>no existen las provincias<\/strong>; sin embargo, todos los pol\u00edticos siguen creyendo que pueden seguir humillarnos y ofendernos como usted lo hace.<\/p>\n\n\n\n<p class=\"wp-block-paragraph\">No, doctora Claudia, M\u00e9xico en general y Colima en particular somos mucho m\u00e1s que provincias pol\u00edticas.&nbsp;<\/p>\n\n\n\n<p class=\"wp-block-paragraph\">Sus dichos ofenden.<\/p>\n\n\n\n<p class=\"wp-block-paragraph\">Doctora disc\u00falpese con los colimenses y si de paso le puede decir a su amiga que se ponga a gobernar acons\u00e9jela, le hace falta porque como gobernadora es un desastre.<\/p>\n\n\n\n<p class=\"wp-block-paragraph\">Aprendan del presidente.<\/p>\n\n\n\n<p class=\"wp-block-paragraph\">M\u00e9xico es m\u00e1s grande que Morena. Morena, est\u00e1 claro, que no ha podido procesar sus asuntos pol\u00edticos, pero la sociedad mexicana s\u00ed sabr\u00e1 procesarlos. Yo estoy cierto que el Prian se va en el 24 y si morena no entiende le seguir\u00e1 sus pasos.<\/p>\n\n\n\n<p class=\"wp-block-paragraph\">La demagogia y las alianzas entre pol\u00edticos c\u00ednicos no tienen cabida en el M\u00e9xico que est\u00e1 naciendo que es mucho m\u00e1s grande que mediocridades de pol\u00edticas como Indira Vizca\u00edno y su mafia. Y a nivel nacional seguir haciendo pol\u00edtica con base en la demagogia disfraza de cortes\u00eda no prosperar\u00e1 por que forma parte de un pasado corrupto, siniestro y reaccionario.<\/p>\n\n\n\n<p class=\"wp-block-paragraph\">Claudia ofrezca disculpas a los colimotes, es de humildes aceptar los errores.<\/p>\n\n\n\n<p class=\"wp-block-paragraph\">La demagogia es cosa del pasado a menos que est\u00e9 pensando en revivir el pasado y esa forma de pensar es su verdadera identidad.<\/p>\n\n\n\n<p class=\"wp-block-paragraph\">Por lo pronto los colimenses le pedimos: no nos ofenda.<\/p>\n\n\n\n<p class=\"wp-block-paragraph\">P:D:<\/p>\n\n\n\n<p class=\"wp-block-paragraph\">No estar\u00eda de m\u00e1s que en las elecciones constitucionales intermedias se incluyera la revocaci\u00f3n de mandato para todos los funcionarios: senadores, gobernadores y presidente. Sin tanto obst\u00e1culo para los ciudadanos y si se les revoca, adi\u00f3s, y nuevas elecciones y si no, pues contin\u00faan y adelante con la vida p\u00fablica.&nbsp;<\/p>\n\n\n\n<p class=\"wp-block-paragraph\"><strong>Espina Uno<\/strong>. Gan\u00f3 Gustavo Petro en Colombia. Estoy feliz, seguro es el gran regalo que me dio mi querida nieta Victoria Amelia. Soy feliz, un hombre feliz. Fin.&nbsp;<\/p>\n<div class=\"fb-background-color\">\n\t\t\t  <div \n\t\t\t  \tclass = \"fb-comments\" \n\t\t\t  \tdata-href = \"https:\/\/diarioavanzada.com.mx\/?p=33761\"\n\t\t\t  \tdata-numposts = \"10\"\n\t\t\t  \tdata-lazy = \"true\"\n\t\t\t\tdata-colorscheme = \"light\"\n\t\t\t\tdata-order-by = \"social\"\n\t\t\t\tdata-mobile=true>\n\t\t\t  <\/div><\/div>\n\t\t  <style>\n\t\t    .fb-background-color {\n\t\t\t\tbackground:  !important;\n\t\t\t}\n\t\t\t.fb_iframe_widget_fluid_desktop iframe {\n\t\t\t    width: 100% !important;\n\t\t\t}\n\t\t  <\/style>\n\t\t  ","protected":false},"excerpt":{"rendered":"<p>Columna&nbsp; El puercoesp\u00edn&nbsp; C. Dra. Claudia Sheinbaum: En la conferencia de prensa del d\u00eda 10 de junio del presente a\u00f1o, que ofreci\u00f3 en la ciudad de M\u00e9xico, usted presenta de la siguiente manera a la gobernadora de Colima: \u201c\u2026nuestra gobernadora del estado de Colima que est\u00e1 haciendo un excelente trabajo al frente de este bell\u00edsimo [&hellip;]<\/p>\n","protected":false},"author":9,"featured_media":33762,"comment_status":"closed","ping_status":"closed","sticky":false,"template":"","format":"standard","meta":{"_coblocks_attr":"","_coblocks_dimensions":"","_coblocks_responsive_height":"","_coblocks_accordion_ie_support":"","advanced_seo_description":"","jetpack_seo_html_title":"","jetpack_seo_noindex":false,"jetpack_seo_schema_type":"","_jetpack_newsletter_access":"","_jetpack_dont_email_post_to_subs":false,"_jetpack_newsletter_tier_id":0,"_jetpack_memberships_contains_paywalled_content":false,"_wpcom_ai_launchpad_first_post":false,"_jetpack_feature_clip_id":0,"_jetpack_memberships_contains_paid_content":false,"footnotes":"","jetpack_post_was_ever_published":false},"categories":[19,209,24],"tags":[220,210],"class_list":["post-33761","post","type-post","status-publish","format-standard","has-post-thumbnail","hentry","category-colima","category-importantes","category-opinion","tag-opinion","tag-portada"],"jetpack-related-posts":[],"jetpack_sharing_enabled":true,"amp_enabled":true,"jetpack_featured_media_url":"https:\/\/diarioavanzada.com.mx\/wp-content\/uploads\/2022\/06\/image-155.png","_links":{"self":[{"href":"https:\/\/diarioavanzada.com.mx\/index.php?rest_route=\/wp\/v2\/posts\/33761","targetHints":{"allow":["GET"]}}],"collection":[{"href":"https:\/\/diarioavanzada.com.mx\/index.php?rest_route=\/wp\/v2\/posts"}],"about":[{"href":"https:\/\/diarioavanzada.com.mx\/index.php?rest_route=\/wp\/v2\/types\/post"}],"author":[{"embeddable":true,"href":"https:\/\/diarioavanzada.com.mx\/index.php?rest_route=\/wp\/v2\/users\/9"}],"replies":[{"embeddable":true,"href":"https:\/\/diarioavanzada.com.mx\/index.php?rest_route=%2Fwp%2Fv2%2Fcomments&post=33761"}],"version-history":[{"count":1,"href":"https:\/\/diarioavanzada.com.mx\/index.php?rest_route=\/wp\/v2\/posts\/33761\/revisions"}],"predecessor-version":[{"id":33763,"href":"https:\/\/diarioavanzada.com.mx\/index.php?rest_route=\/wp\/v2\/posts\/33761\/revisions\/33763"}],"wp:featuredmedia":[{"embeddable":true,"href":"https:\/\/diarioavanzada.com.mx\/index.php?rest_route=\/wp\/v2\/media\/33762"}],"wp:attachment":[{"href":"https:\/\/diarioavanzada.com.mx\/index.php?rest_route=%2Fwp%2Fv2%2Fmedia&parent=33761"}],"wp:term":[{"taxonomy":"category","embeddable":true,"href":"https:\/\/diarioavanzada.com.mx\/index.php?rest_route=%2Fwp%2Fv2%2Fcategories&post=33761"},{"taxonomy":"post_tag","embeddable":true,"href":"https:\/\/diarioavanzada.com.mx\/index.php?rest_route=%2Fwp%2Fv2%2Ftags&post=33761"}],"curies":[{"name":"wp","href":"https:\/\/api.w.org\/{rel}","templated":true}]}}