{"id":33739,"date":"2022-06-17T08:48:30","date_gmt":"2022-06-17T13:48:30","guid":{"rendered":"https:\/\/diarioavanzada.com.mx\/?p=33739"},"modified":"2022-06-17T08:48:35","modified_gmt":"2022-06-17T13:48:35","slug":"acoso-institucional-endemico","status":"publish","type":"post","link":"https:\/\/diarioavanzada.com.mx\/?p=33739","title":{"rendered":"Acoso institucional end\u00e9mico"},"content":{"rendered":"\n<p class=\"wp-block-paragraph\">Columna<br>El puercoesp\u00edn\u00a0<\/p>\n\n\n\n<p class=\"wp-block-paragraph\">El acoso sexual es un monstruo que tiene mil cabezas y sus cimientos vienen desde lejos y su combate,&nbsp; luego entonces, es una tarea tit\u00e1nica, lenta, dif\u00edcil y llena de emociones&nbsp; encontradas que someten a la comunidad a tenciones y pruebas que tienen que enfrentar y superar. Su soluci\u00f3n no es una simple aplicaci\u00f3n de la ley y retirar a los culpables, esa es solo la primera parte de un proceso doloroso y complejo.<\/p>\n\n\n\n<p class=\"wp-block-paragraph\">Hacer campa\u00f1as contra el acoso en los medios y pedir su denuncia ante las autoridades educativas y judiciales es f\u00e1cil, lo complicado es que las v\u00edctimas&nbsp; sean acompa\u00f1adas y llevadas a zonas de confort que las saque del infierno de lo que es el acoso.<\/p>\n\n\n\n<p class=\"wp-block-paragraph\">Los pol\u00edticos particularmente regidores y diputados est\u00e1n m\u00e1s ocupados por usar el asunto para sacarle raja pol\u00edtica y propaganda para sus partidos que buscar erradicar verdaderamente la violencia de g\u00e9nero producto del acoso sexual.<\/p>\n\n\n\n<p class=\"wp-block-paragraph\">En marzo del presente a\u00f1o un grupo de chicas del Instituto Universitario de Bellas Artes (IUBA) armadas de valor y creyendo en las promesas de las y los pol\u00edticos decidieron hacer p\u00fablicas sus denuncias de acoso sexual de varios de sus maestros.<\/p>\n\n\n\n<p class=\"wp-block-paragraph\">La respuesta de las autoridades universitarias fue la correcta, pues&nbsp; prometieron cero tolerancia al hostigamiento sexual, acoso sexual y discriminaci\u00f3n&nbsp; en la Universidad de Colima y la disposici\u00f3n de los instrumentos institucionales para presentar las denuncias correspondientes.<\/p>\n\n\n\n<p class=\"wp-block-paragraph\">Por su parte algunos colectivos feministas como Colectiva Decide, Voces Feministas en Aquelarre y el Instituto Colimense de las Mujeres se pronunciaron por atender las justas demandas de las alumnas, ofrecieron acompa\u00f1amiento e invitaron a presentar las denuncias correspondientes, en su caso, y lo hicieron.<\/p>\n\n\n\n<p class=\"wp-block-paragraph\">Las autoridades universitarias hicieron su parte. Enviando primeramente un abogado y a una psic\u00f3loga para hacer una investigaci\u00f3n y dar respuesta a las denuncias y acompa\u00f1ar a las presuntas v\u00edctimas y a los muchachos que conviv\u00edan en el \u00e1mbito escolar.<\/p>\n\n\n\n<p class=\"wp-block-paragraph\">Tambi\u00e9n lo hizo el Instituto Colimense de las Mujeres, cosa que veo con mucho agrado que as\u00ed sea, pues de&nbsp; las declaraciones pasaron a los hechos como debe ser, y tambi\u00e9n enviaron a un abogado y a una psic\u00f3loga para dar acompa\u00f1amiento a las presuntas v\u00edctimas del acoso sexual.<\/p>\n\n\n\n<p class=\"wp-block-paragraph\">El resultado fue la separaci\u00f3n del trabajo de dos maestros, es decir, que dos maestros fueron cesados como consecuencia de las denuncias y derivado de las investigaciones correspondientes.&nbsp;<\/p>\n\n\n\n<p class=\"wp-block-paragraph\">Se sabe del cese de los maestros, pero no se sabe si estos fueron denunciados penalmente o en qu\u00e9 ha concluido este penoso episodio. Se sabe tambi\u00e9n que uno de los maestros todav\u00eda sigue ostent\u00e1ndose y usando el prestigio de la instituci\u00f3n colimense.&nbsp;<\/p>\n\n\n\n<p class=\"wp-block-paragraph\">El dolor soterrado<\/p>\n\n\n\n<p class=\"wp-block-paragraph\">Recientemente, para ser m\u00e1s precisos el 7 de mayo,&nbsp; muere un querido profesor de la instituci\u00f3n&nbsp; que puso las emociones encontradas de los maestros y alumnos del Iuba en su punto m\u00e1s \u00e1lgido. Las emociones encontradas eran tan fuertes que en las redes se lleg\u00f3 a acusar a algunos alumnos, por parte de los maestros, que la muerte del querido y respetado profeso hab\u00eda sido producto de la pena causada por los denunciantes que hab\u00eda enrarecido el ambiente emocional en la instituci\u00f3n. No olvidemos que las personas que laboran y concurren a estas instituciones son particularmente emocionales, propios del temperamento del artista.&nbsp;<\/p>\n\n\n\n<p class=\"wp-block-paragraph\">Lo cierto es que a ra\u00edz de la cesant\u00eda de los maestros, presuntamente culpables de acoso sexual, las conductas de los maestros cambi\u00f3, con un grupo especialmente, que en forma francamente hostil empezaron a ejercer violencia emocional contra los alumnos al ignorarlos &#8211;al grado de evitar el contacto visual&#8211;. Los maestros m\u00e1s hostiles son los encargados de las clases pr\u00e1cticas. El ejercer el vac\u00edo e ignorar a los alumnos &#8211;los alumnos sostienen&#8211; es una venganza t\u00e1cita porque los maestros ven en los alumnos una amenaza.<\/p>\n\n\n\n<p class=\"wp-block-paragraph\">Los muchachos intentaron un performance de danza para que fuera visto por el maestro Zamarripa, sin embargo, todos los maestros se asocian para que el maestro no lo vea. Y si no lo ve, la protesta no existe. No pasa nada.<\/p>\n\n\n\n<p class=\"wp-block-paragraph\">Los muchachos del Iuba se sienten m\u00e1s hostigados cuando se realizan las <strong>muestras esc\u00e9nicas<\/strong> donde de plano los maestros optaron por no asesorar a los alumnos y abandonaron el ensayo general en un franca confrontaci\u00f3n emocional con los alumnos.&nbsp; &nbsp;<\/p>\n\n\n\n<p class=\"wp-block-paragraph\">Combatir el acoso sexual no es f\u00e1cil, su arraigo cultural es muy fuerte. Es entendible la actitud de los maestros, pero es injustificable, pues situaciones tan graves como el acoso sexual debe tratarse con mucho cuidado. Yo creo que la Universidad, y su rector en particular, lo est\u00e1n haciendo bien, pero la profundidad del tipo de problemas, como el acoso, necesita de una atenci\u00f3n m\u00e1s sistem\u00e1tica y end\u00e9mica para evitar esto tipo de situaciones.<\/p>\n\n\n\n<p class=\"wp-block-paragraph\">La universidad va bien al tomar el problema por los cuernos, las instituciones como ICM tambi\u00e9n est\u00e1 bien al brindar acompa\u00f1amiento, ahora toca, despu\u00e9s de haber tomado las dif\u00edciles decisiones de separar a dos maestros de la instituci\u00f3n, volver a retomar el tema y darle seguimiento para que se rompa con la inercia cultura de seguir solapando las conductas de acoso sexual que se aprueban como algo correcto. El acoso no es normal.&nbsp; Definitivamente el acoso est\u00e1 mal y debe denunciarse y destruirse esa cultura que causa dolor y frustraci\u00f3n en los m\u00e1s d\u00e9biles, las y&nbsp; los alumnos.<\/p>\n\n\n\n<p class=\"wp-block-paragraph\">La Universidad va bien, ahora debe ser consistente su apoyo a las v\u00edctimas y no hay vuelta de hoja, el acoso sexual no es normal, no est\u00e1 bien.<\/p>\n\n\n\n<p class=\"wp-block-paragraph\">As\u00ed como hizo con las pensiones de ni\u00f1os de padres divorciados e institucionaliz\u00f3 la justicia para los hijos de matrimonios fallidos, as\u00ed debe actuar a favor de las v\u00edctimas de acoso. Yo no creo que los pap\u00e1s universitarios est\u00e9n muy contentos con que les descuenten directamente la pensi\u00f3n alimentaria de su salario directamente, pero todos, en el fondo, est\u00e1n de acuerdo que la instituci\u00f3n es justa en esa acci\u00f3n. La medida es institucional m\u00e1s all\u00e1 de filias y fobias personales.<\/p>\n\n\n\n<p class=\"wp-block-paragraph\">La Universidad debe ser consistente y erradicar el acoso y debe cuidar de los m\u00e1s vulnerables, las y los alumnos.&nbsp;<\/p>\n\n\n\n<p class=\"wp-block-paragraph\">Las muchachas y muchachos merecen ser escuchados y atendidos plenamente, no solamente a ratos y parcialmente, la Universidad tiene la gran oportunidad de hacer historia en esta materia.<\/p>\n\n\n\n<p class=\"wp-block-paragraph\"><em>*Imagen tomada de redes sociales.<\/em><\/p>\n<div class=\"fb-background-color\">\n\t\t\t  <div \n\t\t\t  \tclass = \"fb-comments\" \n\t\t\t  \tdata-href = \"https:\/\/diarioavanzada.com.mx\/?p=33739\"\n\t\t\t  \tdata-numposts = \"10\"\n\t\t\t  \tdata-lazy = \"true\"\n\t\t\t\tdata-colorscheme = \"light\"\n\t\t\t\tdata-order-by = \"social\"\n\t\t\t\tdata-mobile=true>\n\t\t\t  <\/div><\/div>\n\t\t  <style>\n\t\t    .fb-background-color {\n\t\t\t\tbackground:  !important;\n\t\t\t}\n\t\t\t.fb_iframe_widget_fluid_desktop iframe {\n\t\t\t    width: 100% !important;\n\t\t\t}\n\t\t  <\/style>\n\t\t  ","protected":false},"excerpt":{"rendered":"<p>ColumnaEl puercoesp\u00edn\u00a0 El acoso sexual es un monstruo que tiene mil cabezas y sus cimientos vienen desde lejos y su combate,&nbsp; luego entonces, es una tarea tit\u00e1nica, lenta, dif\u00edcil y llena de emociones&nbsp; encontradas que someten a la comunidad a tenciones y pruebas que tienen que enfrentar y superar. Su soluci\u00f3n no es una simple [&hellip;]<\/p>\n","protected":false},"author":9,"featured_media":33740,"comment_status":"closed","ping_status":"closed","sticky":false,"template":"","format":"standard","meta":{"_coblocks_attr":"","_coblocks_dimensions":"","_coblocks_responsive_height":"","_coblocks_accordion_ie_support":"","advanced_seo_description":"","jetpack_seo_html_title":"","jetpack_seo_noindex":false,"jetpack_seo_schema_type":"","_jetpack_newsletter_access":"","_jetpack_dont_email_post_to_subs":false,"_jetpack_newsletter_tier_id":0,"_jetpack_memberships_contains_paywalled_content":false,"_wpcom_ai_launchpad_first_post":false,"_jetpack_feature_clip_id":0,"_jetpack_memberships_contains_paid_content":false,"footnotes":"","jetpack_post_was_ever_published":false},"categories":[19,209,24],"tags":[220,210],"class_list":["post-33739","post","type-post","status-publish","format-standard","has-post-thumbnail","hentry","category-colima","category-importantes","category-opinion","tag-opinion","tag-portada"],"jetpack-related-posts":[],"jetpack_sharing_enabled":true,"amp_enabled":true,"jetpack_featured_media_url":"https:\/\/diarioavanzada.com.mx\/wp-content\/uploads\/2022\/06\/image-149.png","_links":{"self":[{"href":"https:\/\/diarioavanzada.com.mx\/index.php?rest_route=\/wp\/v2\/posts\/33739","targetHints":{"allow":["GET"]}}],"collection":[{"href":"https:\/\/diarioavanzada.com.mx\/index.php?rest_route=\/wp\/v2\/posts"}],"about":[{"href":"https:\/\/diarioavanzada.com.mx\/index.php?rest_route=\/wp\/v2\/types\/post"}],"author":[{"embeddable":true,"href":"https:\/\/diarioavanzada.com.mx\/index.php?rest_route=\/wp\/v2\/users\/9"}],"replies":[{"embeddable":true,"href":"https:\/\/diarioavanzada.com.mx\/index.php?rest_route=%2Fwp%2Fv2%2Fcomments&post=33739"}],"version-history":[{"count":1,"href":"https:\/\/diarioavanzada.com.mx\/index.php?rest_route=\/wp\/v2\/posts\/33739\/revisions"}],"predecessor-version":[{"id":33741,"href":"https:\/\/diarioavanzada.com.mx\/index.php?rest_route=\/wp\/v2\/posts\/33739\/revisions\/33741"}],"wp:featuredmedia":[{"embeddable":true,"href":"https:\/\/diarioavanzada.com.mx\/index.php?rest_route=\/wp\/v2\/media\/33740"}],"wp:attachment":[{"href":"https:\/\/diarioavanzada.com.mx\/index.php?rest_route=%2Fwp%2Fv2%2Fmedia&parent=33739"}],"wp:term":[{"taxonomy":"category","embeddable":true,"href":"https:\/\/diarioavanzada.com.mx\/index.php?rest_route=%2Fwp%2Fv2%2Fcategories&post=33739"},{"taxonomy":"post_tag","embeddable":true,"href":"https:\/\/diarioavanzada.com.mx\/index.php?rest_route=%2Fwp%2Fv2%2Ftags&post=33739"}],"curies":[{"name":"wp","href":"https:\/\/api.w.org\/{rel}","templated":true}]}}