{"id":32726,"date":"2022-05-18T07:53:00","date_gmt":"2022-05-18T12:53:00","guid":{"rendered":"https:\/\/diarioavanzada.com.mx\/?p=32726"},"modified":"2022-05-18T07:55:02","modified_gmt":"2022-05-18T12:55:02","slug":"oposicion-quiere-el-voto-de-los-pobres-pero-no-su-bienestar","status":"publish","type":"post","link":"https:\/\/diarioavanzada.com.mx\/?p=32726","title":{"rendered":"Oposici\u00f3n: quiere el voto de los pobres, pero no su bienestar"},"content":{"rendered":"\n<p class=\"wp-block-paragraph\">Columna<br>El puercoesp\u00edn \u00a0<\/p>\n\n\n\n<p class=\"wp-block-paragraph\">Desde el gobierno de Calder\u00f3n y particularmente con Pe\u00f1a Nieto se profundiz\u00f3 el congelamiento de las plazas de m\u00e9dicos en las principales instituciones de salud.<\/p>\n\n\n\n<p class=\"wp-block-paragraph\">La Secretar\u00eda de Salud, IMSS e Isssste desde los tiempos de Calder\u00f3n y Pe\u00f1a Nieto pr\u00e1cticamente no crearon plazas nuevas y las vacantes, por decesos de los titulares, fueron congeladas; sin embargo, entonces, ni los doctores en el Facebook ni los sindicatos hicieron mayor esc\u00e1ndalo, mucho menos dijeron algo los medios colectivo de comunicaci\u00f3n, pues la intenci\u00f3n de los gobiernos panista y priista era privatizar los servicios y su estrategia consist\u00eda\u00a0 en estrangular los servicios m\u00e9dicos ministr\u00e1ndoles menos recursos econ\u00f3micos\u00a0 y, por supuesto, no contratar m\u00e1s personal en general y\u00a0 medico en lo particular.<\/p>\n\n\n\n<p class=\"wp-block-paragraph\">Hoy la verdadera intenci\u00f3n de la oposici\u00f3n es, en su versi\u00f3n m\u00e1s ruin, evitar que el bienestar de los pobres sea una realidad. Propagandizar&nbsp; que los m\u00e9dicos cubanos (escasamente 500) son una amenaza para los m\u00e9dicos mexicanos es un asunto muy alejado de la realidad. Su supuesta defensa de las plazas laborales es una falacia del tama\u00f1o del mundo. Yo no recuerdo a algunos de mis conocidos que hoy publican propaganda miserable de la derecha haber defendido las plazas laborales de los doctores en tiempos de Calder\u00f3n y de Pe\u00f1a. Utilizan un falso e hip\u00f3crita nacionalismo que supone defender a los mexicanos de una supuesta amenaza de los m\u00e9dicos cubanos que vienen a M\u00e9xico a atender a los m\u00e1s pobres y m\u00e1s alejados de los centros urbanos de M\u00e9xico.<\/p>\n\n\n\n<p class=\"wp-block-paragraph\">La miserable oposici\u00f3n nuevamente est\u00e1 exponiendo su falsedad, su miseria humana y su hipocres\u00eda al pretender obstaculizar que se les brinde un servicio m\u00e9dico de calidad a los m\u00e1s pobres de M\u00e9xico. &nbsp;<\/p>\n\n\n\n<p class=\"wp-block-paragraph\">El clasismo y el racismo de la oposici\u00f3n en M\u00e9xico parece no tener l\u00edmites. Su avaricia y codicia parece no tener llenadera.<\/p>\n\n\n\n<p class=\"wp-block-paragraph\">No quieren que los pobres tengan servicios m\u00e9dicos, pero si quieren su voto. Y aparte de luchar porque no tengan servicios m\u00e9dicos insultan a los pobre por reclamar y recibir servicios m\u00e9dicos del Gobierno de M\u00e9xico.&nbsp;<\/p>\n\n\n\n<p class=\"wp-block-paragraph\">La oposici\u00f3n quiere que los pobres no reciban bienestar de parte del Gobierno de M\u00e9xico, como si se tratara de personas inferiores que no merecen recibir los beneficios que se reclaman para todos los mexicanos. Su \u00fanico pecado es vivir en las zonas m\u00e1s apartadas del pa\u00eds y tener un nivel de vida muy precario.<\/p>\n\n\n\n<p class=\"wp-block-paragraph\">Yo doy la bienvenida a los m\u00e9dicos cubanos porque los mexicanos que viven en zonas marginadas merecen servicios m\u00e9dicos de primera como todo buen mexicano.<\/p>\n\n\n\n<p class=\"wp-block-paragraph\">Ojal\u00e1 este episodio cree conciencia entre los m\u00e9dicos mexicanos y muchos de ellos vayan hacia los lugares donde la gente m\u00e1s pobre los necesita.<\/p>\n\n\n\n<p class=\"wp-block-paragraph\">La oposici\u00f3n&nbsp; est\u00e1 dejando muy en claro que no desea el bienestar de los pobres, tan solo quiere su voto para volver a saquear el erario.&nbsp;<\/p>\n\n\n\n<p class=\"wp-block-paragraph\">Su propaganda es falsa, ruin y miserable, y, definitivamente, los retrata de cuerpo entero.<\/p>\n<div class=\"fb-background-color\">\n\t\t\t  <div \n\t\t\t  \tclass = \"fb-comments\" \n\t\t\t  \tdata-href = \"https:\/\/diarioavanzada.com.mx\/?p=32726\"\n\t\t\t  \tdata-numposts = \"10\"\n\t\t\t  \tdata-lazy = \"true\"\n\t\t\t\tdata-colorscheme = \"light\"\n\t\t\t\tdata-order-by = \"social\"\n\t\t\t\tdata-mobile=true>\n\t\t\t  <\/div><\/div>\n\t\t  <style>\n\t\t    .fb-background-color {\n\t\t\t\tbackground:  !important;\n\t\t\t}\n\t\t\t.fb_iframe_widget_fluid_desktop iframe {\n\t\t\t    width: 100% !important;\n\t\t\t}\n\t\t  <\/style>\n\t\t  ","protected":false},"excerpt":{"rendered":"<p>ColumnaEl puercoesp\u00edn \u00a0 Desde el gobierno de Calder\u00f3n y particularmente con Pe\u00f1a Nieto se profundiz\u00f3 el congelamiento de las plazas de m\u00e9dicos en las principales instituciones de salud. La Secretar\u00eda de Salud, IMSS e Isssste desde los tiempos de Calder\u00f3n y Pe\u00f1a Nieto pr\u00e1cticamente no crearon plazas nuevas y las vacantes, por decesos de los [&hellip;]<\/p>\n","protected":false},"author":9,"featured_media":14164,"comment_status":"closed","ping_status":"closed","sticky":false,"template":"","format":"standard","meta":{"_coblocks_attr":"","_coblocks_dimensions":"","_coblocks_responsive_height":"","_coblocks_accordion_ie_support":"","advanced_seo_description":"","jetpack_seo_html_title":"","jetpack_seo_noindex":false,"jetpack_seo_schema_type":"","_jetpack_newsletter_access":"","_jetpack_dont_email_post_to_subs":false,"_jetpack_newsletter_tier_id":0,"_jetpack_memberships_contains_paywalled_content":false,"_wpcom_ai_launchpad_first_post":false,"_jetpack_feature_clip_id":0,"_jetpack_memberships_contains_paid_content":false,"footnotes":"","jetpack_post_was_ever_published":false},"categories":[19,209,24],"tags":[210],"class_list":["post-32726","post","type-post","status-publish","format-standard","has-post-thumbnail","hentry","category-colima","category-importantes","category-opinion","tag-portada"],"jetpack-related-posts":[],"jetpack_sharing_enabled":true,"amp_enabled":true,"jetpack_featured_media_url":"https:\/\/diarioavanzada.com.mx\/wp-content\/uploads\/2020\/07\/AMLO.jpg","_links":{"self":[{"href":"https:\/\/diarioavanzada.com.mx\/index.php?rest_route=\/wp\/v2\/posts\/32726","targetHints":{"allow":["GET"]}}],"collection":[{"href":"https:\/\/diarioavanzada.com.mx\/index.php?rest_route=\/wp\/v2\/posts"}],"about":[{"href":"https:\/\/diarioavanzada.com.mx\/index.php?rest_route=\/wp\/v2\/types\/post"}],"author":[{"embeddable":true,"href":"https:\/\/diarioavanzada.com.mx\/index.php?rest_route=\/wp\/v2\/users\/9"}],"replies":[{"embeddable":true,"href":"https:\/\/diarioavanzada.com.mx\/index.php?rest_route=%2Fwp%2Fv2%2Fcomments&post=32726"}],"version-history":[{"count":2,"href":"https:\/\/diarioavanzada.com.mx\/index.php?rest_route=\/wp\/v2\/posts\/32726\/revisions"}],"predecessor-version":[{"id":32728,"href":"https:\/\/diarioavanzada.com.mx\/index.php?rest_route=\/wp\/v2\/posts\/32726\/revisions\/32728"}],"wp:featuredmedia":[{"embeddable":true,"href":"https:\/\/diarioavanzada.com.mx\/index.php?rest_route=\/wp\/v2\/media\/14164"}],"wp:attachment":[{"href":"https:\/\/diarioavanzada.com.mx\/index.php?rest_route=%2Fwp%2Fv2%2Fmedia&parent=32726"}],"wp:term":[{"taxonomy":"category","embeddable":true,"href":"https:\/\/diarioavanzada.com.mx\/index.php?rest_route=%2Fwp%2Fv2%2Fcategories&post=32726"},{"taxonomy":"post_tag","embeddable":true,"href":"https:\/\/diarioavanzada.com.mx\/index.php?rest_route=%2Fwp%2Fv2%2Ftags&post=32726"}],"curies":[{"name":"wp","href":"https:\/\/api.w.org\/{rel}","templated":true}]}}