{"id":3233,"date":"2019-02-05T10:54:41","date_gmt":"2019-02-05T15:54:41","guid":{"rendered":"https:\/\/diarioavanzada.com.mx\/?p=3233"},"modified":"2019-02-05T10:54:43","modified_gmt":"2019-02-05T15:54:43","slug":"encuentran-14-cadaveres-en-una-fosa-clandestina-en-armeria","status":"publish","type":"post","link":"https:\/\/diarioavanzada.com.mx\/?p=3233","title":{"rendered":"Encuentran 14 cad\u00e1veres en una fosa clandestina en Armer\u00eda"},"content":{"rendered":"\n<p class=\"wp-block-paragraph\">Colima, M\u00e9xico, Avanzada (05\/02\/2019).- Una fosa clandestina con, por lo menos, 14 cad\u00e1veres fue localizada en una brecha que se encuentra entre los municipios de Armer\u00eda y Tecom\u00e1n, en el Estado de Colima. <br>Las autoridades de la entidad no han emitido ninguna informaci\u00f3n al respecto, sin embargo, el reportero de policiacas, Sergio Uribe, se\u00f1al\u00f3 que a trav\u00e9s de informaci\u00f3n extraoficial document\u00f3 que el hallazgo se suscit\u00f3 despu\u00e9s de que una mujer escap\u00f3 de una casa donde la manten\u00eda cautiva. <br>La informaci\u00f3n refiere que debido a ese se\u00f1alamiento, elementos de la Fiscal\u00eda llegaron al domicilio donde se retuvo a la mujer, y detuvieron a un hombre, quien confes\u00f3 sobre la existencia de una fosa clandestina en donde exist\u00edan varios cad\u00e1veres. <br>Seg\u00fan la informaci\u00f3n que publica el periodista, especialista en temas polic\u00edacos, el predio donde se localizaron a las personas asesinadas qued\u00f3 resguardado por las autoridades, quienes contin\u00faan con las indagatorias para poder identificar  los cad\u00e1veres. <br>Ayer, el subsecretario de Derechos Humanos de la Secretar\u00eda de Gobernaci\u00f3n (SEGOB) Alejandro Encinas dijo que el pa\u00eds era una gran fosa clandestina y mencion\u00f3 que existen estados, entre ellos Colima, que no cuentan con ning\u00fan decreto para crear la Comisi\u00f3n local de b\u00fasqueda de personas desaparecidas. <br>Colima cerr\u00f3 el 2018 con la tasa m\u00e1s alta de homicidio doloso por cada 100 mil habitantes. Adem\u00e1s, la entidad cuenta con por los menos 600 denuncias relacionadas con la desaparici\u00f3n de personas.<\/p>\n<div class=\"fb-background-color\">\n\t\t\t  <div \n\t\t\t  \tclass = \"fb-comments\" \n\t\t\t  \tdata-href = \"https:\/\/diarioavanzada.com.mx\/?p=3233\"\n\t\t\t  \tdata-numposts = \"10\"\n\t\t\t  \tdata-lazy = \"true\"\n\t\t\t\tdata-colorscheme = \"light\"\n\t\t\t\tdata-order-by = \"social\"\n\t\t\t\tdata-mobile=true>\n\t\t\t  <\/div><\/div>\n\t\t  <style>\n\t\t    .fb-background-color {\n\t\t\t\tbackground:  !important;\n\t\t\t}\n\t\t\t.fb_iframe_widget_fluid_desktop iframe {\n\t\t\t    width: 100% !important;\n\t\t\t}\n\t\t  <\/style>\n\t\t  ","protected":false},"excerpt":{"rendered":"<p>Colima, M\u00e9xico, Avanzada (05\/02\/2019).- Una fosa clandestina con, por lo menos, 14 cad\u00e1veres fue localizada en una brecha que se encuentra entre los municipios de Armer\u00eda y Tecom\u00e1n, en el Estado de Colima. Las autoridades de la entidad no han emitido ninguna informaci\u00f3n al respecto, sin embargo, el reportero de policiacas, Sergio Uribe, se\u00f1al\u00f3 que [&hellip;]<\/p>\n","protected":false},"author":7,"featured_media":2458,"comment_status":"open","ping_status":"open","sticky":false,"template":"","format":"standard","meta":{"_coblocks_attr":"","_coblocks_dimensions":"","_coblocks_responsive_height":"","_coblocks_accordion_ie_support":"","_crdt_document":"","advanced_seo_description":"","jetpack_seo_html_title":"","jetpack_seo_noindex":false,"_jetpack_memberships_contains_paid_content":false,"footnotes":""},"categories":[19],"tags":[],"class_list":["post-3233","post","type-post","status-publish","format-standard","has-post-thumbnail","hentry","category-colima"],"jetpack_featured_media_url":"https:\/\/diarioavanzada.com.mx\/wp-content\/uploads\/2018\/11\/IMG_4377.png","jetpack-related-posts":[],"jetpack_sharing_enabled":true,"amp_enabled":true,"_links":{"self":[{"href":"https:\/\/diarioavanzada.com.mx\/index.php?rest_route=\/wp\/v2\/posts\/3233","targetHints":{"allow":["GET"]}}],"collection":[{"href":"https:\/\/diarioavanzada.com.mx\/index.php?rest_route=\/wp\/v2\/posts"}],"about":[{"href":"https:\/\/diarioavanzada.com.mx\/index.php?rest_route=\/wp\/v2\/types\/post"}],"author":[{"embeddable":true,"href":"https:\/\/diarioavanzada.com.mx\/index.php?rest_route=\/wp\/v2\/users\/7"}],"replies":[{"embeddable":true,"href":"https:\/\/diarioavanzada.com.mx\/index.php?rest_route=%2Fwp%2Fv2%2Fcomments&post=3233"}],"version-history":[{"count":0,"href":"https:\/\/diarioavanzada.com.mx\/index.php?rest_route=\/wp\/v2\/posts\/3233\/revisions"}],"wp:featuredmedia":[{"embeddable":true,"href":"https:\/\/diarioavanzada.com.mx\/index.php?rest_route=\/wp\/v2\/media\/2458"}],"wp:attachment":[{"href":"https:\/\/diarioavanzada.com.mx\/index.php?rest_route=%2Fwp%2Fv2%2Fmedia&parent=3233"}],"wp:term":[{"taxonomy":"category","embeddable":true,"href":"https:\/\/diarioavanzada.com.mx\/index.php?rest_route=%2Fwp%2Fv2%2Fcategories&post=3233"},{"taxonomy":"post_tag","embeddable":true,"href":"https:\/\/diarioavanzada.com.mx\/index.php?rest_route=%2Fwp%2Fv2%2Ftags&post=3233"}],"curies":[{"name":"wp","href":"https:\/\/api.w.org\/{rel}","templated":true}]}}