{"id":32319,"date":"2022-05-02T08:10:43","date_gmt":"2022-05-02T13:10:43","guid":{"rendered":"https:\/\/diarioavanzada.com.mx\/?p=32319"},"modified":"2022-05-02T08:10:50","modified_gmt":"2022-05-02T13:10:50","slug":"victoria-amelia-mi-abuelo-es-una-garrapata","status":"publish","type":"post","link":"https:\/\/diarioavanzada.com.mx\/?p=32319","title":{"rendered":"Victoria Amelia: mi abuelo es una garrapata"},"content":{"rendered":"\n<p class=\"wp-block-paragraph\">Columna\u00a0<br>El puercoesp\u00edn \u00a0<\/p>\n\n\n\n<p class=\"wp-block-paragraph\">La nieta<\/p>\n\n\n\n<p class=\"wp-block-paragraph\">Mi abuelo es una garrapata &#8211;dijo categ\u00f3ricamente Tory Mel\u00edn&#8211;, nombre con el que la llamaron desde los primeros quince minutos del d\u00eda 29 de abril sus compa\u00f1eritos de sala de maternidad del Hospital Materno Infantil de La Villa, a pesar de que sus pap\u00e1s la nombraron Victoria Amelia, pues as\u00ed es la vida, a uno le ponen un nombre y todos terminan llam\u00e1ndolo a uno como se les da la gana.\u00a0<\/p>\n\n\n\n<p class=\"wp-block-paragraph\">Eran las 10:55 horas y Tory Mel\u00edn estaba muy preocupada, pues su abuelo hab\u00eda anunciado que ir\u00eda a conocerla a las once en punto de la ma\u00f1ana y, vaya que su abuelo era muy puntual, pero su preocupaci\u00f3n iba m\u00e1s all\u00e1 de lo normal, pues ella esperaba a un pr\u00edncipe de la paz. Le hab\u00edan contado que su tatarabuelo materno fue un pr\u00edncipe de la paz de los rumbos de San Miguel de la Uni\u00f3n de los Tepames. El padre de su madre tambi\u00e9n fue un pr\u00edncipe de la paz, &#8211;tambi\u00e9n nacido en San Miguel de la Union de los Tepames, pero le sorprendi\u00f3, de sobre manera, que sus compa\u00f1eritos de sala dijeran que su abuelo fuera una garrapata.<\/p>\n\n\n\n<p class=\"wp-block-paragraph\">Desde muy temprano Tory Mel\u00edn estuvo haci\u00e9ndose la dormida, pues la visita de su abuelo la ten\u00eda sumida en la m\u00e1s profunda de sus incertidumbres en sus primeras once horas de vida, diez horas con cuarenta y cinco minutos para ser exactos.<\/p>\n\n\n\n<p class=\"wp-block-paragraph\">Tory Mel\u00edn&nbsp; les dijo a sus amiguitos tempranos, a sus compa\u00f1eros de cuna. -Escuchen, una garrapata no puede ser abuelo de una humana, ustedes deben de estar profundamente equivocadas.<\/p>\n\n\n\n<p class=\"wp-block-paragraph\">-No Tory, le dijo el beb\u00e9 de la cuna adyacente, yo escuch\u00e9, claramente, lo que le dijo el m\u00e9dico pediatra a la enfermera. Le dijo con mucha claridad que el abuelo de Tory Mel\u00edn es un perfecto azote de los bueyes y de las bueyas de toda la sociedad pol\u00edtica de Colima y que escribe en el diario Avanzada para ser m\u00e1s precisos.&nbsp;<\/p>\n\n\n\n<p class=\"wp-block-paragraph\">-S\u00ed, Tory Mel\u00edn, tu abuelo trae en jaque a los pol\u00edticos y a las pol\u00edticas de Colima. Es un verdadero azote de bueyes y bueyas, es una garrapata.<\/p>\n\n\n\n<p class=\"wp-block-paragraph\">Chin &#8211;expres\u00f3 preocupada Tory Mel\u00edn&#8211; es verdad, mi abuelo es una garrapata.&nbsp;<\/p>\n\n\n\n<p class=\"wp-block-paragraph\">Prep\u00e1rense, grit\u00f3 otro beb\u00e9, alguien viene, es un humano, es el se\u00f1or Federico, el pr\u00edncipe de la paz.<\/p>\n\n\n\n<p class=\"wp-block-paragraph\">Es un pr\u00edncipe de la paz, es mi abuelo, s\u00ed ese debe ser mi abuelo, lo reconozco porque tiene grandes bigotes y es muy guapo. C\u00e1llense todos y h\u00e1ganse los dormidos como deben de estar todos los beb\u00e9s reci\u00e9n nacidos &#8211;dijo con voz calmada, pero imperativa Tory Mel\u00edn&#8211;.<\/p>\n\n\n\n<p class=\"wp-block-paragraph\">El abuelo<\/p>\n\n\n\n<p class=\"wp-block-paragraph\">Cuando llegu\u00e9 Victoria Amelia estaba dormidita, con sus ojos cerrados y apenas se le percib\u00eda la respiraci\u00f3n.&nbsp;<\/p>\n\n\n\n<p class=\"wp-block-paragraph\">Alex, su madre, toda cansada, adolorida, pero llena de futuro. Su padre, Alejandro, preocupado, feliz y radiante.<\/p>\n\n\n\n<p class=\"wp-block-paragraph\">Las abuelas y&nbsp; t\u00edas felices y cluecas.<\/p>\n\n\n\n<p class=\"wp-block-paragraph\">Conoc\u00ed&nbsp; a Victoria Amelia a las once en punto de la ma\u00f1ana del d\u00eda 29 de abril de 2022.<\/p>\n\n\n\n<p class=\"wp-block-paragraph\">Es el mejor estado de los hijos y los nietos, los d\u00edas por venir son lo de menos, porque afortunadamente desconocemos el futuro. Es la vida con todo lo que carga y que uno termina aceptado porque as\u00ed es de azarosa y m\u00e1gica.<\/p>\n\n\n\n<p class=\"wp-block-paragraph\">Victoria Amelia naci\u00f3 para ser feliz, como todos los ni\u00f1os, y la responsabilidad de ello es de ella y de todos nosotros, el azar har\u00e1 la diferencia.&nbsp;<\/p>\n\n\n\n<p class=\"wp-block-paragraph\">Tory Mel\u00edn es la nieta m\u00e1s consentida de la familia. En su nombre subyace la vida de su bisabuela.<\/p>\n<div class=\"fb-background-color\">\n\t\t\t  <div \n\t\t\t  \tclass = \"fb-comments\" \n\t\t\t  \tdata-href = \"https:\/\/diarioavanzada.com.mx\/?p=32319\"\n\t\t\t  \tdata-numposts = \"10\"\n\t\t\t  \tdata-lazy = \"true\"\n\t\t\t\tdata-colorscheme = \"light\"\n\t\t\t\tdata-order-by = \"social\"\n\t\t\t\tdata-mobile=true>\n\t\t\t  <\/div><\/div>\n\t\t  <style>\n\t\t    .fb-background-color {\n\t\t\t\tbackground:  !important;\n\t\t\t}\n\t\t\t.fb_iframe_widget_fluid_desktop iframe {\n\t\t\t    width: 100% !important;\n\t\t\t}\n\t\t  <\/style>\n\t\t  ","protected":false},"excerpt":{"rendered":"<p>Columna\u00a0El puercoesp\u00edn \u00a0 La nieta Mi abuelo es una garrapata &#8211;dijo categ\u00f3ricamente Tory Mel\u00edn&#8211;, nombre con el que la llamaron desde los primeros quince minutos del d\u00eda 29 de abril sus compa\u00f1eritos de sala de maternidad del Hospital Materno Infantil de La Villa, a pesar de que sus pap\u00e1s la nombraron Victoria Amelia, pues as\u00ed [&hellip;]<\/p>\n","protected":false},"author":9,"featured_media":32320,"comment_status":"closed","ping_status":"closed","sticky":false,"template":"","format":"standard","meta":{"_coblocks_attr":"","_coblocks_dimensions":"","_coblocks_responsive_height":"","_coblocks_accordion_ie_support":"","advanced_seo_description":"","jetpack_seo_html_title":"","jetpack_seo_noindex":false,"jetpack_seo_schema_type":"","_jetpack_newsletter_access":"","_jetpack_dont_email_post_to_subs":false,"_jetpack_newsletter_tier_id":0,"_jetpack_memberships_contains_paywalled_content":false,"_wpcom_ai_launchpad_first_post":false,"_jetpack_feature_clip_id":0,"_jetpack_memberships_contains_paid_content":false,"footnotes":"","jetpack_post_was_ever_published":false},"categories":[19,209,24],"tags":[220,210],"class_list":["post-32319","post","type-post","status-publish","format-standard","has-post-thumbnail","hentry","category-colima","category-importantes","category-opinion","tag-opinion","tag-portada"],"jetpack-related-posts":[],"jetpack_sharing_enabled":true,"amp_enabled":true,"jetpack_featured_media_url":"https:\/\/diarioavanzada.com.mx\/wp-content\/uploads\/2022\/05\/image-19.png","_links":{"self":[{"href":"https:\/\/diarioavanzada.com.mx\/index.php?rest_route=\/wp\/v2\/posts\/32319","targetHints":{"allow":["GET"]}}],"collection":[{"href":"https:\/\/diarioavanzada.com.mx\/index.php?rest_route=\/wp\/v2\/posts"}],"about":[{"href":"https:\/\/diarioavanzada.com.mx\/index.php?rest_route=\/wp\/v2\/types\/post"}],"author":[{"embeddable":true,"href":"https:\/\/diarioavanzada.com.mx\/index.php?rest_route=\/wp\/v2\/users\/9"}],"replies":[{"embeddable":true,"href":"https:\/\/diarioavanzada.com.mx\/index.php?rest_route=%2Fwp%2Fv2%2Fcomments&post=32319"}],"version-history":[{"count":0,"href":"https:\/\/diarioavanzada.com.mx\/index.php?rest_route=\/wp\/v2\/posts\/32319\/revisions"}],"wp:featuredmedia":[{"embeddable":true,"href":"https:\/\/diarioavanzada.com.mx\/index.php?rest_route=\/wp\/v2\/media\/32320"}],"wp:attachment":[{"href":"https:\/\/diarioavanzada.com.mx\/index.php?rest_route=%2Fwp%2Fv2%2Fmedia&parent=32319"}],"wp:term":[{"taxonomy":"category","embeddable":true,"href":"https:\/\/diarioavanzada.com.mx\/index.php?rest_route=%2Fwp%2Fv2%2Fcategories&post=32319"},{"taxonomy":"post_tag","embeddable":true,"href":"https:\/\/diarioavanzada.com.mx\/index.php?rest_route=%2Fwp%2Fv2%2Ftags&post=32319"}],"curies":[{"name":"wp","href":"https:\/\/api.w.org\/{rel}","templated":true}]}}