{"id":3202,"date":"2019-01-31T19:35:46","date_gmt":"2019-02-01T00:35:46","guid":{"rendered":"https:\/\/diarioavanzada.com.mx\/?p=3202"},"modified":"2019-01-31T19:35:47","modified_gmt":"2019-02-01T00:35:47","slug":"diputada-federal-pide-investigacion-en-colima-por-feminicidios","status":"publish","type":"post","link":"https:\/\/diarioavanzada.com.mx\/?p=3202","title":{"rendered":"Diputada federal pide investigaci\u00f3n en Colima por feminicidios"},"content":{"rendered":"\n<p class=\"wp-block-paragraph\">Colima, M\u00e9xico, Avanzada (31\/01\/2019) La diputada federal, Claudia Y\u00e1\u00f1ez Centeno solicit\u00f3 al Secretario de Seguridad P\u00fablica del pa\u00eds, Alfonso Durazo Monta\u00f1o y al Fiscal General, Alejandro Gertz Manero, su intervenci\u00f3n para frenar y esclarecer los feminicidios en el estado. <br>La legisladora de la coalici\u00f3n \u201cJuntos Haremos Historia\u201d afirm\u00f3 que en Colima todos los d\u00edas hay una mujer asesinada, y precis\u00f3 la necesidad de que autoridades federales \u201cvolteen a ver\u201d lo que sucede en el estado. <br>Refiri\u00f3 que la violencia que se vive en la entidad es inaceptable, m\u00e1xime cuando \u00e9sta es provocada por la violencia de g\u00e9nero. <br>Y\u00e1\u00f1ez Centeno record\u00f3 que el actual gobierno estatal (encabezado por Ignacio Peralta S\u00e1nchez ) prometi\u00f3, \u201cun lugar seguro, y de seguro no tiene nada\u201d. <br>Por eso, insisti\u00f3 que es urgente que el secretario de Seguridad P\u00fablica, y el Fiscal General del pa\u00eds analicen la situaci\u00f3n en la que se encuentran las mujeres en la entidad. <br>En el 2018, Colima cerr\u00f3 como el estado con la tasa m\u00e1s alta de feminicidios en el pa\u00eds, seg\u00fan datos del secretariado Ejecutivo del Sistema Nacional de Seguridad P\u00fablica. <br>En lo que va del a\u00f1o cuatro mujeres fueron asesinadas, entre ellas, una taxista en Manzanillo. <br>La semana pasada, la defensora de los derechos de la mujer, Adriana Ruiz Visfocri se\u00f1al\u00f3 que en la entidad no estaba funcionando la Alerta por Violencia de G\u00e9nero por la ineficacia de las autoridades. Advirti\u00f3 que desde que se emiti\u00f3 la Alerta, los feminicidios van en aumento.<\/p>\n<div class=\"fb-background-color\">\n\t\t\t  <div \n\t\t\t  \tclass = \"fb-comments\" \n\t\t\t  \tdata-href = \"https:\/\/diarioavanzada.com.mx\/?p=3202\"\n\t\t\t  \tdata-numposts = \"10\"\n\t\t\t  \tdata-lazy = \"true\"\n\t\t\t\tdata-colorscheme = \"light\"\n\t\t\t\tdata-order-by = \"social\"\n\t\t\t\tdata-mobile=true>\n\t\t\t  <\/div><\/div>\n\t\t  <style>\n\t\t    .fb-background-color {\n\t\t\t\tbackground:  !important;\n\t\t\t}\n\t\t\t.fb_iframe_widget_fluid_desktop iframe {\n\t\t\t    width: 100% !important;\n\t\t\t}\n\t\t  <\/style>\n\t\t  ","protected":false},"excerpt":{"rendered":"<p>Colima, M\u00e9xico, Avanzada (31\/01\/2019) La diputada federal, Claudia Y\u00e1\u00f1ez Centeno solicit\u00f3 al Secretario de Seguridad P\u00fablica del pa\u00eds, Alfonso Durazo Monta\u00f1o y al Fiscal General, Alejandro Gertz Manero, su intervenci\u00f3n para frenar y esclarecer los feminicidios en el estado. La legisladora de la coalici\u00f3n \u201cJuntos Haremos Historia\u201d afirm\u00f3 que en Colima todos los d\u00edas hay [&hellip;]<\/p>\n","protected":false},"author":5,"featured_media":3203,"comment_status":"open","ping_status":"open","sticky":false,"template":"","format":"standard","meta":{"_coblocks_attr":"","_coblocks_dimensions":"","_coblocks_responsive_height":"","_coblocks_accordion_ie_support":"","_crdt_document":"","advanced_seo_description":"","jetpack_seo_html_title":"","jetpack_seo_noindex":false,"_jetpack_memberships_contains_paid_content":false,"footnotes":""},"categories":[22],"tags":[],"class_list":["post-3202","post","type-post","status-publish","format-standard","has-post-thumbnail","hentry","category-nacion"],"jetpack_featured_media_url":"https:\/\/diarioavanzada.com.mx\/wp-content\/uploads\/2019\/01\/Denuncia.png","jetpack-related-posts":[],"jetpack_sharing_enabled":true,"amp_enabled":true,"_links":{"self":[{"href":"https:\/\/diarioavanzada.com.mx\/index.php?rest_route=\/wp\/v2\/posts\/3202","targetHints":{"allow":["GET"]}}],"collection":[{"href":"https:\/\/diarioavanzada.com.mx\/index.php?rest_route=\/wp\/v2\/posts"}],"about":[{"href":"https:\/\/diarioavanzada.com.mx\/index.php?rest_route=\/wp\/v2\/types\/post"}],"author":[{"embeddable":true,"href":"https:\/\/diarioavanzada.com.mx\/index.php?rest_route=\/wp\/v2\/users\/5"}],"replies":[{"embeddable":true,"href":"https:\/\/diarioavanzada.com.mx\/index.php?rest_route=%2Fwp%2Fv2%2Fcomments&post=3202"}],"version-history":[{"count":0,"href":"https:\/\/diarioavanzada.com.mx\/index.php?rest_route=\/wp\/v2\/posts\/3202\/revisions"}],"wp:featuredmedia":[{"embeddable":true,"href":"https:\/\/diarioavanzada.com.mx\/index.php?rest_route=\/wp\/v2\/media\/3203"}],"wp:attachment":[{"href":"https:\/\/diarioavanzada.com.mx\/index.php?rest_route=%2Fwp%2Fv2%2Fmedia&parent=3202"}],"wp:term":[{"taxonomy":"category","embeddable":true,"href":"https:\/\/diarioavanzada.com.mx\/index.php?rest_route=%2Fwp%2Fv2%2Fcategories&post=3202"},{"taxonomy":"post_tag","embeddable":true,"href":"https:\/\/diarioavanzada.com.mx\/index.php?rest_route=%2Fwp%2Fv2%2Ftags&post=3202"}],"curies":[{"name":"wp","href":"https:\/\/api.w.org\/{rel}","templated":true}]}}