{"id":3199,"date":"2019-01-31T19:16:15","date_gmt":"2019-02-01T00:16:15","guid":{"rendered":"https:\/\/diarioavanzada.com.mx\/?p=3199"},"modified":"2019-01-31T19:16:15","modified_gmt":"2019-02-01T00:16:15","slug":"en-eleccion-de-comites-de-barrio-llevamos-25-colonias-de-128-programadas-felipe-cruz","status":"publish","type":"post","link":"https:\/\/diarioavanzada.com.mx\/?p=3199","title":{"rendered":"En Elecci\u00f3n de Comit\u00e9s de Barrio Llevamos 25 Colonias, de 128 Programadas: Felipe Cruz"},"content":{"rendered":"\n<p class=\"wp-block-paragraph\">Villa de \u00c1lvarez, Colima, Comunicado (31\/01\/2019).- En el proceso de renovaci\u00f3n de los Comit\u00e9s de Barrio llevamos 25 colonias donde los ciudadanos eligieron a quienes los representar\u00e1n ante las autoridades, de un total de 128 colonias programadas.<\/p>\n\n\n\n<p class=\"wp-block-paragraph\">As\u00ed lo expres\u00f3 Felipe Cruz Calvario, Presidente Municipal de Villa de \u00c1lvarez, quien inform\u00f3 que la Direcci\u00f3n de Atenci\u00f3n Ciudadana, a cargo de Linda Carrillo, est\u00e1 organizando esta elecci\u00f3n de los Comit\u00e9s de Barrio, con la asistencia de regidoras y regidores, en completa transparencia y libertad de los ciudadanos; por lo que se espera que en pocas semanas cada colonia cuente con sus autoridades vecinales, considerando que las doce comunidades del municipio ya tienen a sus autoridades electas para este trienio por caminar.<\/p>\n\n\n\n<p class=\"wp-block-paragraph\">Cruz Calvario puntualiz\u00f3 que, en la soluci\u00f3n de necesidades y colonias, es vital la democracia ciudadana, pues mediante los Comit\u00e9s de Barrio y las Autoridades Auxiliares se contribuye al buen entendimiento, coordinaci\u00f3n y comunicaci\u00f3n permanentes.<\/p>\n\n\n\n<p class=\"wp-block-paragraph\">La democracia es el alma de nuestra vida institucional, y los ciudadanos que representan a sus vecinos, de colonias y comunidades, electos democr\u00e1ticamente, son los interlocutores v\u00e1lidos para trabajar con nosotros en la soluci\u00f3n a demandas diarias en cada barrio, comunidad, colonia y manzana de nuestro municipio, indic\u00f3 el alcalde villalvarense.<\/p>\n<div class=\"fb-background-color\">\n\t\t\t  <div \n\t\t\t  \tclass = \"fb-comments\" \n\t\t\t  \tdata-href = \"https:\/\/diarioavanzada.com.mx\/?p=3199\"\n\t\t\t  \tdata-numposts = \"10\"\n\t\t\t  \tdata-lazy = \"true\"\n\t\t\t\tdata-colorscheme = \"light\"\n\t\t\t\tdata-order-by = \"social\"\n\t\t\t\tdata-mobile=true>\n\t\t\t  <\/div><\/div>\n\t\t  <style>\n\t\t    .fb-background-color {\n\t\t\t\tbackground:  !important;\n\t\t\t}\n\t\t\t.fb_iframe_widget_fluid_desktop iframe {\n\t\t\t    width: 100% !important;\n\t\t\t}\n\t\t  <\/style>\n\t\t  ","protected":false},"excerpt":{"rendered":"<p>Villa de \u00c1lvarez, Colima, Comunicado (31\/01\/2019).- En el proceso de renovaci\u00f3n de los Comit\u00e9s de Barrio llevamos 25 colonias donde los ciudadanos eligieron a quienes los representar\u00e1n ante las autoridades, de un total de 128 colonias programadas. As\u00ed lo expres\u00f3 Felipe Cruz Calvario, Presidente Municipal de Villa de \u00c1lvarez, quien inform\u00f3 que la Direcci\u00f3n de [&hellip;]<\/p>\n","protected":false},"author":7,"featured_media":3200,"comment_status":"open","ping_status":"open","sticky":false,"template":"","format":"standard","meta":{"_coblocks_attr":"","_coblocks_dimensions":"","_coblocks_responsive_height":"","_coblocks_accordion_ie_support":"","_crdt_document":"","advanced_seo_description":"","jetpack_seo_html_title":"","jetpack_seo_noindex":false,"_jetpack_memberships_contains_paid_content":false,"footnotes":""},"categories":[21],"tags":[],"class_list":["post-3199","post","type-post","status-publish","format-standard","has-post-thumbnail","hentry","category-municipios"],"jetpack_featured_media_url":"https:\/\/diarioavanzada.com.mx\/wp-content\/uploads\/2019\/01\/M-Die\u0301guez-Norte-3.jpg","jetpack-related-posts":[],"jetpack_sharing_enabled":true,"amp_enabled":true,"_links":{"self":[{"href":"https:\/\/diarioavanzada.com.mx\/index.php?rest_route=\/wp\/v2\/posts\/3199","targetHints":{"allow":["GET"]}}],"collection":[{"href":"https:\/\/diarioavanzada.com.mx\/index.php?rest_route=\/wp\/v2\/posts"}],"about":[{"href":"https:\/\/diarioavanzada.com.mx\/index.php?rest_route=\/wp\/v2\/types\/post"}],"author":[{"embeddable":true,"href":"https:\/\/diarioavanzada.com.mx\/index.php?rest_route=\/wp\/v2\/users\/7"}],"replies":[{"embeddable":true,"href":"https:\/\/diarioavanzada.com.mx\/index.php?rest_route=%2Fwp%2Fv2%2Fcomments&post=3199"}],"version-history":[{"count":0,"href":"https:\/\/diarioavanzada.com.mx\/index.php?rest_route=\/wp\/v2\/posts\/3199\/revisions"}],"wp:featuredmedia":[{"embeddable":true,"href":"https:\/\/diarioavanzada.com.mx\/index.php?rest_route=\/wp\/v2\/media\/3200"}],"wp:attachment":[{"href":"https:\/\/diarioavanzada.com.mx\/index.php?rest_route=%2Fwp%2Fv2%2Fmedia&parent=3199"}],"wp:term":[{"taxonomy":"category","embeddable":true,"href":"https:\/\/diarioavanzada.com.mx\/index.php?rest_route=%2Fwp%2Fv2%2Fcategories&post=3199"},{"taxonomy":"post_tag","embeddable":true,"href":"https:\/\/diarioavanzada.com.mx\/index.php?rest_route=%2Fwp%2Fv2%2Ftags&post=3199"}],"curies":[{"name":"wp","href":"https:\/\/api.w.org\/{rel}","templated":true}]}}