{"id":31901,"date":"2022-04-16T08:29:59","date_gmt":"2022-04-16T13:29:59","guid":{"rendered":"https:\/\/diarioavanzada.com.mx\/?p=31901"},"modified":"2022-04-16T08:30:06","modified_gmt":"2022-04-16T13:30:06","slug":"realidades-pandemicas-una-mirada-a-la-educacion-media-y-superior","status":"publish","type":"post","link":"https:\/\/diarioavanzada.com.mx\/?p=31901","title":{"rendered":"<strong>Realidades pand\u00e9micas: una mirada a la Educaci\u00f3n Media y Superior<\/strong>"},"content":{"rendered":"\n<p class=\"wp-block-paragraph\">La <strong>educaci\u00f3n a distancia<\/strong>, empleada para no dejar a nadie atr\u00e1s a consecuencia del confinamiento por la pandemia sanitaria y Covid-19, creativamente con el liderazgo y esfuerzo de docentes y estudiantes, la escuela y sociedad, implementaron diversas estrategias metodol\u00f3gicas, did\u00e1cticas, tecnol\u00f3gicas y comunicativas para mantener el sistema educativo bajo esta modalidad, la comunicaci\u00f3n y el desarrollo de las actividades. Dichas acciones, permitieron conocer las \u00e1reas de mejora a considerar en lo sucesivo para brindar una educaci\u00f3n de calidad y generar pol\u00edticas educativas que promuevan la equidad e igualdad de oportunidades de superaci\u00f3n acad\u00e9mica, apoyen a disminuir el riesgo de abandono escolar y rezago educativo.<\/p>\n\n\n\n<p class=\"wp-block-paragraph\">En los meses de octubre y noviembre de 2021,&nbsp; la Secretar\u00eda de Educaci\u00f3n P\u00fablica (SEP) en colaboraci\u00f3n con la Asociaci\u00f3n Nacional de Universidades e Instituciones de Educaci\u00f3n Superior (ANUIES) y la Universidad Aut\u00f3noma de Nuevo Le\u00f3n (UANL), aplicaron la \u201cEncuesta Nacional Covid-19: La Comunidad Estudiantil ante la Emergencia Sanitaria\u201d a 590,707 estudiantes de licenciatura y 44,422 de bachillerato, pertenecientes a 618 instituciones educativas, de las cuales solamente se obtuvo 273,177 respuestas, es decir el 46.2%.<\/p>\n\n\n\n<p class=\"wp-block-paragraph\">Los resultados encontrados son relevantes y significativos, por lo que permiten conocer las dificultades que enfrentan los estudiantes de estos niveles educativos al estudiar durante la pandemia. De igual manera, es posible identificar aspectos que se pueden mejorar desde el dise\u00f1o de pol\u00edticas p\u00fablicas y la puesta en marcha de programas que atiendan los problemas que se identificaron.&nbsp;<\/p>\n\n\n\n<p class=\"wp-block-paragraph\">En el aspecto de <strong>becas<\/strong>, el 25% de los estudiantes se\u00f1alaron contar con una beca federal, el 64% de los alumnos de instituciones privadas tienen una beca que les permite pagar su colegiatura. En relaci\u00f3n con el <strong>empleo<\/strong>, 23% de los estudiantes encontraron un empleo y el 26% est\u00e1 en busca de uno. La jornada laboral de los estudiantes es de 24 a 48 horas a la semana. El anterior dato resulta preocupante, ya que puede ser un factor de riesgo en los estudiantes, al tener poco tiempo para realizar sus actividades acad\u00e9micas.<\/p>\n\n\n\n<p class=\"wp-block-paragraph\">Referente a la <strong>econom\u00eda familiar<\/strong> durante la pandemia, m\u00e1s de la mitad de los estudiantes se\u00f1alaron que la econom\u00eda de su familia empeor\u00f3, y de estos, el 15% mencionaron que la problem\u00e1tica financiera se origin\u00f3 por la muerte de un familiar a causa de Covid-19. Por otra parte, el 4% de los estudiantes afirmaron que sus familias perdieron su principal fuente de ingreso durante la contingencia sanitaria.&nbsp;<\/p>\n\n\n\n<p class=\"wp-block-paragraph\">En cuanto a la <strong>situaci\u00f3n acad\u00e9mica<\/strong>, la mitad de los estudiantes (50%) opinaron que su situaci\u00f3n acad\u00e9mica empeor\u00f3 durante la pandemia, al contrario, el 18% indic\u00f3 que su situaci\u00f3n fue mejor. En relaci\u00f3n al tiempo que dedicaron los estudiantes para sus clases, el 26% se\u00f1al\u00f3 que entre 4 horas o menos al d\u00eda. Referente a la comunicaci\u00f3n entre compa\u00f1eros, el 58% afirm\u00f3 que es limitada o nula.&nbsp;<\/p>\n\n\n\n<p class=\"wp-block-paragraph\">Un tema importante, es la <strong>salud emocional<\/strong>, el 56% de los estudiantes presenta ansiedad, 7% manifiesta problemas de depresi\u00f3n, 63% presentan signos de estr\u00e9s y el 24% se\u00f1alaron que necesitan apoyo profesional para tratar problemas emocionales que les produjo la pandemia.&nbsp;<\/p>\n\n\n\n<p class=\"wp-block-paragraph\">Acerca de la <strong>deserci\u00f3n escolar<\/strong>, el 10% considera una posibilidad el abandono de sus estudios, siendo los alumnos de los estados de Ciudad de M\u00e9xico, Durango, Guerrero, M\u00e9xico, Michoac\u00e1n, Oaxaca, Puebla, Quintana Roo, Tlaxcala, Veracruz los que se\u00f1alaron tienen mayores probabilidades de abandonar sus estudios. Es importante se\u00f1alar que las instituciones privadas versus las p\u00fablicas son las que tienen un mayor porcentaje de alumnos en riesgo de desafiliaci\u00f3n escolar.&nbsp;<\/p>\n\n\n\n<p class=\"wp-block-paragraph\">En cuanto al <strong>regreso a clases presenciales<\/strong>, el 53.5% de los estudiantes prefiere regresar de manera mixta, 32.5% totalmente presencial, 12.1% de manera virtual y 1.8% no continuar\u00e1 sus estudios.&nbsp;<\/p>\n\n\n\n<p class=\"wp-block-paragraph\">Todos los datos anteriores muestran una generalidad del sistema educativo en sus niveles medio y superior, que, sin duda, debe derivar en acciones espec\u00edficas que aminoren el impacto de la pandemia en la educaci\u00f3n. Buscar alternativas de apoyo en el aspecto socioemocional, de organizaci\u00f3n, acad\u00e9micas, pedag\u00f3gicas y econ\u00f3micas en los estudiantes, con pol\u00edticas p\u00fablicas que impulsen modelos educativos inclusivos y de financiamiento para la educaci\u00f3n media y superior.&nbsp;<\/p>\n\n\n\n<p class=\"wp-block-paragraph\">El reto actual es aplicar estrategias de intervenci\u00f3n para atender las repercusiones emocionales en los estudiantes por el aislamiento en este tiempo de pandemia por Covid-19. Se tiene que promover el m\u00e1ximo logro de aprovechamiento acad\u00e9mico de los aprendizajes con actividades significativas y creativas que fomenten la colaboraci\u00f3n y la socializaci\u00f3n. Con la finalidad de generar el gusto por crear en los espacios de aprendizaje presencial mediados por tecnolog\u00eda y en espacios virtuales que propicien la equidad de oportunidad y de inclusi\u00f3n social ante la diversidad.<\/p>\n\n\n\n<p class=\"wp-block-paragraph\">Referencia:<\/p>\n\n\n\n<p class=\"wp-block-paragraph\">Secretaria de Educaci\u00f3n P\u00fablica. (2022). Informe de la \u201cEncuesta Nacional COVID-19: La Comunidad Estudiantil ante la Emergencia Sanitaria\u201d. Consultado el 1 abril de 2022 en<\/p>\n\n\n\n<figure class=\"wp-block-embed\"><div class=\"wp-block-embed__wrapper\">\n<a href=\"https:\/\/www.educacionsuperior.sep.gob.mx\/conaces\/pdf\/3sesion\/7_encuesta.pdf\" rel=\"nofollow\">https:\/\/www.educacionsuperior.sep.gob.mx\/conaces\/pdf\/3sesion\/7_encuesta.pdf<\/a>\n<\/div><\/figure>\n\n\n\n<p class=\"wp-block-paragraph\"><strong>Autor: Hesed S. Cisneros.<\/strong><\/p>\n\n\n\n<p class=\"wp-block-paragraph\"><strong>Coautores: Hugo L\u00f3pez, Liliana Rojas, Sa\u00fal Guti\u00e9rrez y Christian Garc\u00eda (Ucol).<\/strong><\/p>\n\n\n\n<p class=\"wp-block-paragraph\"><strong>Luis Valladares R. (ISENCO).&nbsp; Alfredo Hern\u00e1ndez (SEP). Ver\u00f3nica Amezcua (Secundaria An\u00e1huac)<\/strong><\/p>\n\n\n\n<p class=\"wp-block-paragraph\"><strong>Facebook: Educativa.Colima<\/strong><\/p>\n<div class=\"fb-background-color\">\n\t\t\t  <div \n\t\t\t  \tclass = \"fb-comments\" \n\t\t\t  \tdata-href = \"https:\/\/diarioavanzada.com.mx\/?p=31901\"\n\t\t\t  \tdata-numposts = \"10\"\n\t\t\t  \tdata-lazy = \"true\"\n\t\t\t\tdata-colorscheme = \"light\"\n\t\t\t\tdata-order-by = \"social\"\n\t\t\t\tdata-mobile=true>\n\t\t\t  <\/div><\/div>\n\t\t  <style>\n\t\t    .fb-background-color {\n\t\t\t\tbackground:  !important;\n\t\t\t}\n\t\t\t.fb_iframe_widget_fluid_desktop iframe {\n\t\t\t    width: 100% !important;\n\t\t\t}\n\t\t  <\/style>\n\t\t  ","protected":false},"excerpt":{"rendered":"<p>La educaci\u00f3n a distancia, empleada para no dejar a nadie atr\u00e1s a consecuencia del confinamiento por la pandemia sanitaria y Covid-19, creativamente con el liderazgo y esfuerzo de docentes y estudiantes, la escuela y sociedad, implementaron diversas estrategias metodol\u00f3gicas, did\u00e1cticas, tecnol\u00f3gicas y comunicativas para mantener el sistema educativo bajo esta modalidad, la comunicaci\u00f3n y el [&hellip;]<\/p>\n","protected":false},"author":7,"featured_media":31900,"comment_status":"closed","ping_status":"closed","sticky":false,"template":"","format":"standard","meta":{"_coblocks_attr":"","_coblocks_dimensions":"","_coblocks_responsive_height":"","_coblocks_accordion_ie_support":"","advanced_seo_description":"","jetpack_seo_html_title":"","jetpack_seo_noindex":false,"jetpack_seo_schema_type":"","_jetpack_newsletter_access":"","_jetpack_dont_email_post_to_subs":false,"_jetpack_newsletter_tier_id":0,"_jetpack_memberships_contains_paywalled_content":false,"_wpcom_ai_launchpad_first_post":false,"_jetpack_feature_clip_id":0,"_jetpack_memberships_contains_paid_content":false,"footnotes":"","jetpack_post_was_ever_published":false},"categories":[19,209,24],"tags":[300,220,210],"class_list":["post-31901","post","type-post","status-publish","format-standard","has-post-thumbnail","hentry","category-colima","category-importantes","category-opinion","tag-covid-19","tag-opinion","tag-portada"],"jetpack-related-posts":[],"jetpack_sharing_enabled":true,"amp_enabled":true,"jetpack_featured_media_url":"https:\/\/diarioavanzada.com.mx\/wp-content\/uploads\/2022\/04\/image-118.png","_links":{"self":[{"href":"https:\/\/diarioavanzada.com.mx\/index.php?rest_route=\/wp\/v2\/posts\/31901","targetHints":{"allow":["GET"]}}],"collection":[{"href":"https:\/\/diarioavanzada.com.mx\/index.php?rest_route=\/wp\/v2\/posts"}],"about":[{"href":"https:\/\/diarioavanzada.com.mx\/index.php?rest_route=\/wp\/v2\/types\/post"}],"author":[{"embeddable":true,"href":"https:\/\/diarioavanzada.com.mx\/index.php?rest_route=\/wp\/v2\/users\/7"}],"replies":[{"embeddable":true,"href":"https:\/\/diarioavanzada.com.mx\/index.php?rest_route=%2Fwp%2Fv2%2Fcomments&post=31901"}],"version-history":[{"count":0,"href":"https:\/\/diarioavanzada.com.mx\/index.php?rest_route=\/wp\/v2\/posts\/31901\/revisions"}],"wp:featuredmedia":[{"embeddable":true,"href":"https:\/\/diarioavanzada.com.mx\/index.php?rest_route=\/wp\/v2\/media\/31900"}],"wp:attachment":[{"href":"https:\/\/diarioavanzada.com.mx\/index.php?rest_route=%2Fwp%2Fv2%2Fmedia&parent=31901"}],"wp:term":[{"taxonomy":"category","embeddable":true,"href":"https:\/\/diarioavanzada.com.mx\/index.php?rest_route=%2Fwp%2Fv2%2Fcategories&post=31901"},{"taxonomy":"post_tag","embeddable":true,"href":"https:\/\/diarioavanzada.com.mx\/index.php?rest_route=%2Fwp%2Fv2%2Ftags&post=31901"}],"curies":[{"name":"wp","href":"https:\/\/api.w.org\/{rel}","templated":true}]}}