{"id":31882,"date":"2022-04-15T08:36:58","date_gmt":"2022-04-15T13:36:58","guid":{"rendered":"https:\/\/diarioavanzada.com.mx\/?p=31882"},"modified":"2022-04-15T08:37:03","modified_gmt":"2022-04-15T13:37:03","slug":"en-este-pueblo-no-hay-ladrones","status":"publish","type":"post","link":"https:\/\/diarioavanzada.com.mx\/?p=31882","title":{"rendered":"En este pueblo no hay ladrones"},"content":{"rendered":"\n<p class=\"wp-block-paragraph\">Columna<br>El puercoesp\u00edn \u00a0<\/p>\n\n\n\n<p class=\"wp-block-paragraph\">En colima, mi pueblo, no hay ladrones porque todos nos conocemos.&nbsp;<\/p>\n\n\n\n<p class=\"wp-block-paragraph\">Los \u00falitmos gobiernos de Colima han tenido una \u00fanica misi\u00f3n en sus pr\u00e1cticas pol\u00edtica y administrativa: robar.<\/p>\n\n\n\n<p class=\"wp-block-paragraph\">En Colima todos no conocemos y resulta dif\u00edcil que alguien haga algo sin que, finalmente, todo el pueblo colimote se entere.<\/p>\n\n\n\n<p class=\"wp-block-paragraph\">Toda la sociedad colimense ha sido v\u00edctima de la sociedad pol\u00edtica colimense, pero parece ser que en los \u00faltimos a\u00f1os las victimas preferidas son los mismos trabajadores. El atraco de los trabajadores est\u00e1 lleno de redes de complicidades&nbsp; que involucran a los funcionarios de primer nivel y a los representantes de los trabajadores.<\/p>\n\n\n\n<p class=\"wp-block-paragraph\">Las dos formas favoritas de robar de los neoliberales fue la creaci\u00f3n de fideicomisos para que los recursos fueran inauditables y f\u00e1cilmente escondidos y utilizados discrecionalmente; la otra forma de robar son las asociaciones p\u00fablico-privada, donde el gobierno de cualquier nivel pone de los recursos y absorbe las perdidas y los \u201cempresarios\u201d se quedan con las ganancias.<\/p>\n\n\n\n<p class=\"wp-block-paragraph\">Recientemente nos enteramos que el gobierno de Nacho Peralta contrat\u00f3 una empresa privada (como si el gobierno no tuviera los cuadros y el personal humano para hacerlo) para recuperar el ISR&nbsp; que se enteraba de los trabajadores al gobierno federal, de acuerdo con el contrato que firm\u00f3, el entonces secretario de Planeaci\u00f3n y Finanzas del gobierno estatal Carlos Arturo Noriega Pizano, &#8211;actual diputado del PRI&#8211; con la empresa Asesores SC, cuyo domicilio fiscal se encontraba en Nayarit, &nbsp;y el cual estuvo vigente hasta el 2019.<\/p>\n\n\n\n<p class=\"wp-block-paragraph\">Seg\u00fan el punto 1.3 de dicho contrato, la empresa deber\u00eda recuperar los importes que ten\u00eda pendientes de recibir el Gobierno del estado por la retenci\u00f3n de ISR a trabajadores de la administraci\u00f3n estatal, los poderes Legislativo y Judicial, organismos aut\u00f3nomos y entidades paraestatales durante los a\u00f1os 2015, 2016, 2017 y 2018.<\/p>\n\n\n\n<p class=\"wp-block-paragraph\">A pesar de que el sexenio de Ignacio Peralta S\u00e1nchez tuvo acceso a dichos recursos, el 29 de julio de 2021 el mandatario declar\u00f3 al gobierno en insolvencia financiera, lo que ocasion\u00f3 la par\u00e1lisis financiera de la administraci\u00f3n estatal.<\/p>\n\n\n\n<p class=\"wp-block-paragraph\">En su momento la diputada local, Claudia Aguirre Luna denunci\u00f3 que el Gobierno del estado hab\u00eda recuperado el ISR de los trabajadores y exigi\u00f3 al gobierno que se los regresara porque ese recurso no le pertenec\u00eda a la administraci\u00f3n estatal, pero su petici\u00f3n fue rechazada por la entonces&nbsp; mayor\u00eda de los diputados cercanos al gobernador Ignacio Peralta S\u00e1nchez.<\/p>\n\n\n\n<p class=\"wp-block-paragraph\">El 14 de diciembre de 2017 y, a unas horas de haber recibido la prestaci\u00f3n, los polic\u00edas elaboraron pancartas en las que se le\u00eda que haber gravado con un 30 por ciento el aguinaldo era \u201cun robo para las familias\u201d.<\/p>\n\n\n\n<p class=\"wp-block-paragraph\">Las movilizaciones de ese a\u00f1o fueron encabezadas por el polic\u00eda tercero Juan Nazario Alfaro Palacios, presidente de la organizaci\u00f3n Seguridad y Dignificaci\u00f3n Policial de Colima, y Mar\u00eda de los \u00c1ngeles S\u00e1nchez Aguirre, presidenta de la Asociaci\u00f3n de Jubilados y Pensionados del Gobierno del Estado.<\/p>\n\n\n\n<p class=\"wp-block-paragraph\">El caso es que a los trabajadores al servicio del Gobierno del estado, a los polic\u00edas y a los maestros les han descontado el respectivo ISR y el gobierno del estado lo recuper\u00f3, pero nadie supo d\u00f3nde qued\u00f3 la bolita como las bolas de billar que se rob\u00f3 D\u00e1maso del \u00fanico billar y diversi\u00f3n del pueblo (<em>En este pueblo no hay ladrones<\/em>, cuento de Gabriel Garc\u00eda M\u00e1rquez). En el pueblo de D\u00e1maso todos se conoc\u00edan y finalmente D\u00e1maso regresa las bolas de billar. En Colima todos nos conocemos y sabemos quien se qued\u00f3 con los dineros de los trabajadores.<\/p>\n\n\n\n<p class=\"wp-block-paragraph\">Los gobiernos priistas quebraron al gobierno y le est\u00e1n cargando el muertito a los trabajadores y el nuevo gobierno de la transformaci\u00f3n, con su enorme ineptitud, no sabe, no puede o no quiere ni buscar ni castigar a los culpables lo que lo convierte culpable en grado de complicidad.&nbsp;<\/p>\n\n\n\n<p class=\"wp-block-paragraph\">En colima todos nos conocemos y en nuestro pueblo no hay ladrones.<\/p>\n\n\n\n<p class=\"wp-block-paragraph\">Los trabajadores al servicio del gobierno del estado est\u00e1n en proceso de reorganizarse y de ellos depender\u00e1 a qui\u00e9n&nbsp; le fincan responsabilidades; los trabajadores de la secci\u00f3n 39&nbsp; del Snte han decidido que sean sus dirigentes nacionales quienes asuman esta negociaci\u00f3n; los polic\u00edas estatales parece ser el sector menos protegido y, por ende, m\u00e1s vulnerable.<\/p>\n\n\n\n<p class=\"wp-block-paragraph\">El actual gobierno que se asume como de la transformaci\u00f3n est\u00e1 hecho literalmente bolas y los problemas administrativos empiezan a acumularse y a volv\u00e9rsele m\u00e1s complejos.<\/p>\n\n\n\n<p class=\"wp-block-paragraph\">Los juicios en tribunales se le acumulan cada d\u00eda m\u00e1s; el sindicato de los trabajadores del gobierno del estado tienen una estrategia bien definida y est\u00e1 en marcha su estrategia de lucha; la secci\u00f3n 39 del Snte se puso en manos del Comit\u00e9 Ejecutivo Nacional del Snte y su estrategia esta resultado positiva, pues ya est\u00e1n colocando sus enclaves en la Secretar\u00eda de Educacion P\u00fablica.&nbsp;<\/p>\n\n\n\n<p class=\"wp-block-paragraph\">El gobierno morenista, pr\u00f3ximamente, ver\u00e1 d\u00eda a d\u00eda, agudizarse los problemas, lo que viene confirmando que esta muchacha que result\u00f3 mala gobernadora, pero buena para las selfis, no tiene la m\u00e1s m\u00ednima capacidad para enfrentar problemas reales y complejos como estos.&nbsp;<\/p>\n\n\n\n<p class=\"wp-block-paragraph\">Ni los bur\u00f3cratas ni los maestros ni los polic\u00edas merecen este trato injusto.&nbsp;<\/p>\n\n\n\n<p class=\"wp-block-paragraph\">Antes dec\u00edamos: en Colima, mi pueblo, no hay ladrones porque todos nos conocemos; pero hoy decimos: en mi pueblo, Colima, s\u00ed hay ladrones y todos los conocemos.<\/p>\n<div class=\"fb-background-color\">\n\t\t\t  <div \n\t\t\t  \tclass = \"fb-comments\" \n\t\t\t  \tdata-href = \"https:\/\/diarioavanzada.com.mx\/?p=31882\"\n\t\t\t  \tdata-numposts = \"10\"\n\t\t\t  \tdata-lazy = \"true\"\n\t\t\t\tdata-colorscheme = \"light\"\n\t\t\t\tdata-order-by = \"social\"\n\t\t\t\tdata-mobile=true>\n\t\t\t  <\/div><\/div>\n\t\t  <style>\n\t\t    .fb-background-color {\n\t\t\t\tbackground:  !important;\n\t\t\t}\n\t\t\t.fb_iframe_widget_fluid_desktop iframe {\n\t\t\t    width: 100% !important;\n\t\t\t}\n\t\t  <\/style>\n\t\t  ","protected":false},"excerpt":{"rendered":"<p>ColumnaEl puercoesp\u00edn \u00a0 En colima, mi pueblo, no hay ladrones porque todos nos conocemos.&nbsp; Los \u00falitmos gobiernos de Colima han tenido una \u00fanica misi\u00f3n en sus pr\u00e1cticas pol\u00edtica y administrativa: robar. En Colima todos no conocemos y resulta dif\u00edcil que alguien haga algo sin que, finalmente, todo el pueblo colimote se entere. Toda la sociedad [&hellip;]<\/p>\n","protected":false},"author":9,"featured_media":27502,"comment_status":"closed","ping_status":"closed","sticky":false,"template":"","format":"standard","meta":{"_coblocks_attr":"","_coblocks_dimensions":"","_coblocks_responsive_height":"","_coblocks_accordion_ie_support":"","advanced_seo_description":"","jetpack_seo_html_title":"","jetpack_seo_noindex":false,"jetpack_seo_schema_type":"","_jetpack_newsletter_access":"","_jetpack_dont_email_post_to_subs":false,"_jetpack_newsletter_tier_id":0,"_jetpack_memberships_contains_paywalled_content":false,"_wpcom_ai_launchpad_first_post":false,"_jetpack_feature_clip_id":0,"_jetpack_memberships_contains_paid_content":false,"footnotes":"","jetpack_post_was_ever_published":false},"categories":[19,209,24],"tags":[220,210],"class_list":["post-31882","post","type-post","status-publish","format-standard","has-post-thumbnail","hentry","category-colima","category-importantes","category-opinion","tag-opinion","tag-portada"],"jetpack-related-posts":[],"jetpack_sharing_enabled":true,"amp_enabled":true,"jetpack_featured_media_url":"https:\/\/diarioavanzada.com.mx\/wp-content\/uploads\/2021\/10\/Nacho-y-Carlos.png","_links":{"self":[{"href":"https:\/\/diarioavanzada.com.mx\/index.php?rest_route=\/wp\/v2\/posts\/31882","targetHints":{"allow":["GET"]}}],"collection":[{"href":"https:\/\/diarioavanzada.com.mx\/index.php?rest_route=\/wp\/v2\/posts"}],"about":[{"href":"https:\/\/diarioavanzada.com.mx\/index.php?rest_route=\/wp\/v2\/types\/post"}],"author":[{"embeddable":true,"href":"https:\/\/diarioavanzada.com.mx\/index.php?rest_route=\/wp\/v2\/users\/9"}],"replies":[{"embeddable":true,"href":"https:\/\/diarioavanzada.com.mx\/index.php?rest_route=%2Fwp%2Fv2%2Fcomments&post=31882"}],"version-history":[{"count":0,"href":"https:\/\/diarioavanzada.com.mx\/index.php?rest_route=\/wp\/v2\/posts\/31882\/revisions"}],"wp:featuredmedia":[{"embeddable":true,"href":"https:\/\/diarioavanzada.com.mx\/index.php?rest_route=\/wp\/v2\/media\/27502"}],"wp:attachment":[{"href":"https:\/\/diarioavanzada.com.mx\/index.php?rest_route=%2Fwp%2Fv2%2Fmedia&parent=31882"}],"wp:term":[{"taxonomy":"category","embeddable":true,"href":"https:\/\/diarioavanzada.com.mx\/index.php?rest_route=%2Fwp%2Fv2%2Fcategories&post=31882"},{"taxonomy":"post_tag","embeddable":true,"href":"https:\/\/diarioavanzada.com.mx\/index.php?rest_route=%2Fwp%2Fv2%2Ftags&post=31882"}],"curies":[{"name":"wp","href":"https:\/\/api.w.org\/{rel}","templated":true}]}}