{"id":31850,"date":"2022-04-13T12:26:21","date_gmt":"2022-04-13T17:26:21","guid":{"rendered":"https:\/\/diarioavanzada.com.mx\/?p=31850"},"modified":"2022-04-13T12:26:25","modified_gmt":"2022-04-13T17:26:25","slug":"colima-en-la-revocacion-de-mandato-dos","status":"publish","type":"post","link":"https:\/\/diarioavanzada.com.mx\/?p=31850","title":{"rendered":"Colima en la revocaci\u00f3n de mandato (Dos)"},"content":{"rendered":"\n<p class=\"wp-block-paragraph\">Columna<br>El puercoesp\u00edn\u00a0<\/p>\n\n\n\n<p class=\"wp-block-paragraph\">Colima con una votaci\u00f3n del 15 % se ubic\u00f3 en una tendencia a la baja para el gobierno de Indira, pues perdi\u00f3 en cinco meses 18 mil votos.<\/p>\n\n\n\n<p class=\"wp-block-paragraph\">Mientras a nivel nacional la votaci\u00f3n fue de un 18%, Colima se encuentra tres puntos porcentuales por debajo de la median\u00eda y muy lejos del 35%&nbsp; que alcanzaron algunas entidades federativas del sureste del pa\u00eds y si lo contrastamos con que Amlo fue aprobado para que siga con un 91.8% de los votos a nivel nacional, en Colima, los votantes lo aprobaron con un 94%; sin embargo, su votaci\u00f3n, parad\u00f3jicamente, cay\u00f3 con relaci\u00f3n a la votaci\u00f3n del resto del pa\u00eds. Ello es un indicador que el desastre del gobierno de Indira en Colima pes\u00f3 en el \u00e1nimo de los votantes colimenses.<\/p>\n\n\n\n<p class=\"wp-block-paragraph\">En Colima Amlo, a pesar de tener mayor aprobaci\u00f3n que la media nacional (91 %), obtuvo menor votaci\u00f3n en t\u00e9rminos absolutos. En el proceso electoral de 2021 Morena obtuvo 99 mil 406 votos que representaron el 33 % de la votaci\u00f3n total; sin embargo, en la revocaci\u00f3n de mandato apenas si se alcanzaron 81 mil 407 votos de una votaci\u00f3n total alcanzada del 15.66 % del padr\u00f3n&nbsp; electoral local.<\/p>\n\n\n\n<p class=\"wp-block-paragraph\">Esto significa que Morena obtuvo 17 mil 999 votos menos que en la elecci\u00f3n constitucional de 2021, Lo cual significa que tuvo un retroceso muy significativo, pues ni siquiera fue capaz de llevar a votar a sus partidarios.<\/p>\n\n\n\n<p class=\"wp-block-paragraph\">\u00bfCu\u00e1les pueden ser las posibles causas?<\/p>\n\n\n\n<p class=\"wp-block-paragraph\">Primero.- Existe una decepci\u00f3n de los votantes, del actual gobierno de Indira, por su ineficaz desempe\u00f1o. Contrastando con el fuerte apoyo que conserva el presidente.<\/p>\n\n\n\n<p class=\"wp-block-paragraph\">Segundo.- El desmantelamiento del partido Morena es patente y la incapacidad para operar de los encargados del partido es evidente.<\/p>\n\n\n\n<p class=\"wp-block-paragraph\">Tercero.- La crisis de inseguridad gener\u00f3 decepci\u00f3n entre aproximadamente 18 mil de sus votantes que no sintieron la necesidad de ratificar su confianza en un gobierno indolente e ineficaz para enfrentar la crisis de inseguridad.<\/p>\n\n\n\n<p class=\"wp-block-paragraph\">Cuarto.- La crisis financiera del gobierno perme\u00f3 la confianza de los trabajadores al servicio del estado y entre los profesores estatales, que sienten incertidumbre en su futuro inmediato y mediato y sus dudas las retoman los ciudadanos en general.<\/p>\n\n\n\n<p class=\"wp-block-paragraph\">Quinto.- Que el gobierno local, a pesar de haber surgido de las mismas filas del partido del presidente, la gente establece una diferencia entre el gobierno local y el gobierno federal.<\/p>\n\n\n\n<p class=\"wp-block-paragraph\">Sexto.- Los pactos de impunidad con Nacho Peralta est\u00e1n mostrando ya los signos de impunidad y eso la gente lo pondera muy negativamente.<\/p>\n\n\n\n<p class=\"wp-block-paragraph\">\u00bfCu\u00e1les fueron los activos con los que contaban?<\/p>\n\n\n\n<p class=\"wp-block-paragraph\">Primero.- Un presidente de la Republica bien ponderado, incluso, mucho mejor ponderado en Colima que en la mayor\u00eda de los estados de la Republica, pues Amlo alcanz\u00f3 la cifra de aprobaci\u00f3n del 94% en los votantes, porcentaje superior a la media nacional de aprobaci\u00f3n.&nbsp;<\/p>\n\n\n\n<p class=\"wp-block-paragraph\">Segundo.- Los programas sociales pesan fuerte por significar dinero directo libre de moches y burocracias y que los beneficiaros saben distinguir muy bien quienes se los est\u00e1 otorgando.<\/p>\n\n\n\n<p class=\"wp-block-paragraph\">Tercero.- Se not\u00f3 la evidente participaci\u00f3n de docentes y bur\u00f3cratas estatales, como en los mejores tiempos del PRI, pero que su relaci\u00f3n contradictoria con el gobierno estatal motiv\u00f3 una operaci\u00f3n muy por debajo de su eficacia tradicional.<\/p>\n\n\n\n<p class=\"wp-block-paragraph\">Cuarto.- Un estado con estabilidad social.&nbsp;<\/p>\n\n\n\n<p class=\"wp-block-paragraph\">\u00bfPor qu\u00e9 no tuvieron un resultado mejor?<\/p>\n\n\n\n<p class=\"wp-block-paragraph\">Primero.- Porque la sociedad colimense ve en Indira una gobernadora viajera, desligada de la sociedad colimense, una oportunista concentrada m\u00e1s en sus intereses pol\u00edticos inmediatos y con pr\u00e1cticas pol\u00edticas fr\u00edvolas.<\/p>\n\n\n\n<p class=\"wp-block-paragraph\">Segundo.- No supieron operar org\u00e1nicamente la canalizaci\u00f3n de los potenciales votantes que, eran muchos, pues a pesar de contar con los recursos financieros y humanos del gobierno fue evidente que algo en la log\u00edstica les fall\u00f3, y ese fue el factor humano, responsable del operativo.<\/p>\n\n\n\n<p class=\"wp-block-paragraph\">Tercero.- El mayor obst\u00e1culo, definitivamente, fue la creciente decepci\u00f3n entre sus votantes de un gobierno fr\u00edvolo e incapaz de articular pol\u00edticas p\u00fablicas en favor de la gente, pues perdieron casi el 20 % de sus votantes.<\/p>\n\n\n\n<p class=\"wp-block-paragraph\">Mis conclusiones:<\/p>\n\n\n\n<p class=\"wp-block-paragraph\">Uno.- Se confirm\u00f3 que la base social del gobierno de Indira va a la baja y cayendo.<\/p>\n\n\n\n<p class=\"wp-block-paragraph\">Dos.- Cada vez es m\u00e1s evidente que sus cuadros de confianza est\u00e1n siendo desplazados por los bur\u00f3cratas corporativos del viejo PRI que est\u00e1n ocupando posiciones en los mandos medios y ya empiezan a ocupar los mandos superiores y a darle, en su pr\u00e1ctica, su sentido pol\u00edtico, contrario por cierto a la Cuarta Transformaci\u00f3n, en pocas palabras, el PRI&nbsp; est\u00e1 de regreso en forma directa.<\/p>\n\n\n\n<p class=\"wp-block-paragraph\">Tres.- En los pr\u00f3ximos d\u00edas y semanas veremos cambios en las posiciones del gobierno donde veremos salir a prominentes cuadros de Morena que evidenciar\u00e1n la fractura que est\u00e1 viviendo un gobierno nonato.&nbsp;<\/p>\n\n\n\n<p class=\"wp-block-paragraph\">Cuarto.- Dedicarse a tomarse selfis en lugar de hacer pol\u00edtica no deja nada bueno. Por lo pronto Colima est\u00e1 en los \u00falitmos lugares de proveedora de votos para Morena en t\u00e9rminos absolutos y relativos. Y eso, en pol\u00edtica, significa que el gobierno de Indira dej\u00f3 de ser \u00fatil para cualquier aspirante a la presidencia de la Rep\u00fablica y su papel, en el futuro, ser\u00e1 mera comparsa.&nbsp;<\/p>\n\n\n\n<p class=\"wp-block-paragraph\">Quinto.- La revocaci\u00f3n de mandato fue un triunfo pol\u00edtico para Amlo, pero para el gobierno de&nbsp; Indira fue la prueba no superada que le da su valor pol\u00edtico \u00ednfimo. Es un gobierno que apenas vale tres centavos lo mismo que pretende darles de aumento salarial a los trabajadores sindicalizados que, ya est\u00e1n trabajando pol\u00edticamente y pronto paralizar\u00e1n al gobierno soberbio e inepto conducido tambi\u00e9n por una pol\u00edtica inepta e inculta.&nbsp;<\/p>\n\n\n\n<p class=\"wp-block-paragraph\">Por lo pronto Victor Manuel Torrero qued\u00f3 fuera de la operaci\u00f3n pol\u00edtica porque result\u00f3 tan inepto como el resto de sus compa\u00f1eros de gabinete.&nbsp;<\/p>\n<div class=\"fb-background-color\">\n\t\t\t  <div \n\t\t\t  \tclass = \"fb-comments\" \n\t\t\t  \tdata-href = \"https:\/\/diarioavanzada.com.mx\/?p=31850\"\n\t\t\t  \tdata-numposts = \"10\"\n\t\t\t  \tdata-lazy = \"true\"\n\t\t\t\tdata-colorscheme = \"light\"\n\t\t\t\tdata-order-by = \"social\"\n\t\t\t\tdata-mobile=true>\n\t\t\t  <\/div><\/div>\n\t\t  <style>\n\t\t    .fb-background-color {\n\t\t\t\tbackground:  !important;\n\t\t\t}\n\t\t\t.fb_iframe_widget_fluid_desktop iframe {\n\t\t\t    width: 100% !important;\n\t\t\t}\n\t\t  <\/style>\n\t\t  ","protected":false},"excerpt":{"rendered":"<p>ColumnaEl puercoesp\u00edn\u00a0 Colima con una votaci\u00f3n del 15 % se ubic\u00f3 en una tendencia a la baja para el gobierno de Indira, pues perdi\u00f3 en cinco meses 18 mil votos. Mientras a nivel nacional la votaci\u00f3n fue de un 18%, Colima se encuentra tres puntos porcentuales por debajo de la median\u00eda y muy lejos del [&hellip;]<\/p>\n","protected":false},"author":9,"featured_media":26085,"comment_status":"closed","ping_status":"closed","sticky":false,"template":"","format":"standard","meta":{"_coblocks_attr":"","_coblocks_dimensions":"","_coblocks_responsive_height":"","_coblocks_accordion_ie_support":"","advanced_seo_description":"","jetpack_seo_html_title":"","jetpack_seo_noindex":false,"jetpack_seo_schema_type":"","_jetpack_newsletter_access":"","_jetpack_dont_email_post_to_subs":false,"_jetpack_newsletter_tier_id":0,"_jetpack_memberships_contains_paywalled_content":false,"_wpcom_ai_launchpad_first_post":false,"_jetpack_feature_clip_id":0,"_jetpack_memberships_contains_paid_content":false,"footnotes":"","jetpack_post_was_ever_published":false},"categories":[19,209,24],"tags":[220,210],"class_list":["post-31850","post","type-post","status-publish","format-standard","has-post-thumbnail","hentry","category-colima","category-importantes","category-opinion","tag-opinion","tag-portada"],"jetpack-related-posts":[],"jetpack_sharing_enabled":true,"amp_enabled":true,"jetpack_featured_media_url":"https:\/\/diarioavanzada.com.mx\/wp-content\/uploads\/2021\/09\/Indira-y-AMLO.jpg","_links":{"self":[{"href":"https:\/\/diarioavanzada.com.mx\/index.php?rest_route=\/wp\/v2\/posts\/31850","targetHints":{"allow":["GET"]}}],"collection":[{"href":"https:\/\/diarioavanzada.com.mx\/index.php?rest_route=\/wp\/v2\/posts"}],"about":[{"href":"https:\/\/diarioavanzada.com.mx\/index.php?rest_route=\/wp\/v2\/types\/post"}],"author":[{"embeddable":true,"href":"https:\/\/diarioavanzada.com.mx\/index.php?rest_route=\/wp\/v2\/users\/9"}],"replies":[{"embeddable":true,"href":"https:\/\/diarioavanzada.com.mx\/index.php?rest_route=%2Fwp%2Fv2%2Fcomments&post=31850"}],"version-history":[{"count":0,"href":"https:\/\/diarioavanzada.com.mx\/index.php?rest_route=\/wp\/v2\/posts\/31850\/revisions"}],"wp:featuredmedia":[{"embeddable":true,"href":"https:\/\/diarioavanzada.com.mx\/index.php?rest_route=\/wp\/v2\/media\/26085"}],"wp:attachment":[{"href":"https:\/\/diarioavanzada.com.mx\/index.php?rest_route=%2Fwp%2Fv2%2Fmedia&parent=31850"}],"wp:term":[{"taxonomy":"category","embeddable":true,"href":"https:\/\/diarioavanzada.com.mx\/index.php?rest_route=%2Fwp%2Fv2%2Fcategories&post=31850"},{"taxonomy":"post_tag","embeddable":true,"href":"https:\/\/diarioavanzada.com.mx\/index.php?rest_route=%2Fwp%2Fv2%2Ftags&post=31850"}],"curies":[{"name":"wp","href":"https:\/\/api.w.org\/{rel}","templated":true}]}}