{"id":3177,"date":"2019-01-31T08:59:24","date_gmt":"2019-01-31T13:59:24","guid":{"rendered":"https:\/\/diarioavanzada.com.mx\/?p=3177"},"modified":"2019-01-31T08:59:25","modified_gmt":"2019-01-31T13:59:25","slug":"especialistas-aportan-observaciones-a-minuta-de-ley-de-extincion-de-dominio","status":"publish","type":"post","link":"https:\/\/diarioavanzada.com.mx\/?p=3177","title":{"rendered":"Especialistas aportan observaciones a Minuta de Ley de Extinci\u00f3n de Dominio"},"content":{"rendered":"\n<p class=\"wp-block-paragraph\">Colima, M\u00e9xico, Comunicado (31\/01\/2019).- Abogados penalistas y especialistas del Derecho participaron en la mesa de trabajo que convoc\u00f3 el Congreso del Estado a trav\u00e9s de la Comisi\u00f3n de Estudios Legislativos y Puntos Constitucionales para analizar el decreto aprobado por el Congreso de la Uni\u00f3n, que reforma los art\u00edculos 22 y 73 de la Constituci\u00f3n Pol\u00edtica en materia de Extinci\u00f3n de Dominio, para aportar sus observaciones y puntos de vista.\u00a0<\/p>\n\n\n\n<p class=\"wp-block-paragraph\">La reuni\u00f3n fue encabezada por el presidente de la comisi\u00f3n, Arturo Garc\u00eda Arias, y los dem\u00e1s diputados que la conforman: Vladimir Parra, Guillermo Toscano, Rogelio Rueda y Carlos Far\u00edas, adem\u00e1s acudieron las legisladoras Livier Rodr\u00edguez, Araceli Garc\u00eda, Remedios Olivera y Mal\u00fa Berver.<\/p>\n\n\n\n<p class=\"wp-block-paragraph\">Vladimir Parra Barrag\u00e1n dijo que esta mesa de trabajo permite sensibilizar con abogados, acad\u00e9micos y especialistas el tema de la extinci\u00f3n de dominio, iniciativa que representa uno de los ejes fundamentales de la Cuarta Trasformaci\u00f3n que impulsa el Presidente Andr\u00e9s Manuel L\u00f3pez Obrador.<\/p>\n\n\n\n<p class=\"wp-block-paragraph\">El presidente de la Comisi\u00f3n de Gobierno Interno y Acuerdos Parlamentarios asegur\u00f3 que nuestro pa\u00eds va por buen camino, se ha ganado terreno frente al d\u00f3lar y hay buenas perspectivas y proyecciones econ\u00f3micas.<\/p>\n\n\n\n<p class=\"wp-block-paragraph\">\u201cL\u00f3pez Obrador est\u00e1 preocupado y ocupado en el tema de la violencia y poner por delante el inter\u00e9s com\u00fan; lo que se hizo en sexenios pasados no funcion\u00f3 por lo que es necesario crear una estructura judicial con herramientas para acabar con la impunidad, atacando la estructura financiera de la delincuencia y el crimen organizado, as\u00ed como el huachicoleo, y la corrupci\u00f3n de pol\u00edticos y funcionarios\u201d, a\u00f1adi\u00f3 Parra Barrag\u00e1n.<\/p>\n\n\n\n<p class=\"wp-block-paragraph\">Ponder\u00f3 la importancia de que se puedan apropiar los bienes derivados de actos de corrupci\u00f3n, para crear m\u00e1s escuelas, rescatar el campo mexicano y apoyar m\u00e1s a los j\u00f3venes, quitando la estructura financiera al crimen organizado con la ley y no a balazos, haci\u00e9ndolo bien&nbsp; y de forma integral para devolver la paz al pa\u00eds; \u201cesperamos un amplio consenso para esta iniciativa\u201d, dijo.<\/p>\n\n\n\n<p class=\"wp-block-paragraph\">Tras la presentaci\u00f3n de la minuta del proyecto de decreto por parte del asesor Jos\u00e9 Luis Fonseca, abogados litigantes y miembros del Colegio de Abogados Penalistas del Estado de Colima que preside Mario Garc\u00eda Sol\u00f3rzano hicieron comentarios al texto de las reformas constitucionales en materia de extinci\u00f3n de dominio.<\/p>\n\n\n\n<p class=\"wp-block-paragraph\">Adem\u00e1s del propio Garc\u00eda Sol\u00f3rzano, tambi\u00e9n expresaron observaciones Rigoberto Su\u00e1rez Bravo, Consejero Nacional de la Confederaci\u00f3n de Colegios y Asociaciones de Abogados de M\u00e9xico (Concaam), y los abogados Julio L\u00f3pez Garc\u00eda, Juan Carlos Maga\u00f1a Velasco, Germ\u00e1n Ortiz Gamboa, Miguel Salazar Mendoza y Jos\u00e9 Alberto V\u00e1zquez Mart\u00ednez, Director Jur\u00eddico del Congreso del Estado.<\/p>\n\n\n\n<p class=\"wp-block-paragraph\">Fonseca explic\u00f3 los p\u00e1rrafos nuevos del texto constitucional, se\u00f1alando que la acci\u00f3n de extinci\u00f3n de dominio se ejercitar\u00e1 por el Ministerio P\u00fablico a trav\u00e9s de un procedimiento jurisdiccional de naturaleza civil y aut\u00f3nomo del penal. La ley establecer\u00e1 los mecanismos para que las autoridades administren los bienes sujetos al proceso de extinci\u00f3n de dominio.<\/p>\n\n\n\n<p class=\"wp-block-paragraph\">Explic\u00f3 que ser\u00e1 procedente sobre bienes de car\u00e1cter patrimonial cuya leg\u00edtima procedencia no pueda acreditarse y se encuentren relacionados con las investigaciones derivadas de hechos de corrupci\u00f3n, encubrimientos, secuestros, extorsi\u00f3n, delitos cometidos por servidores p\u00fablicos, delincuencia organizada, trata de personas y delitos en materia de hidrocarburos, petrol\u00edferos y petroqu\u00edmicos, entre otros.<\/p>\n<div class=\"fb-background-color\">\n\t\t\t  <div \n\t\t\t  \tclass = \"fb-comments\" \n\t\t\t  \tdata-href = \"https:\/\/diarioavanzada.com.mx\/?p=3177\"\n\t\t\t  \tdata-numposts = \"10\"\n\t\t\t  \tdata-lazy = \"true\"\n\t\t\t\tdata-colorscheme = \"light\"\n\t\t\t\tdata-order-by = \"social\"\n\t\t\t\tdata-mobile=true>\n\t\t\t  <\/div><\/div>\n\t\t  <style>\n\t\t    .fb-background-color {\n\t\t\t\tbackground:  !important;\n\t\t\t}\n\t\t\t.fb_iframe_widget_fluid_desktop iframe {\n\t\t\t    width: 100% !important;\n\t\t\t}\n\t\t  <\/style>\n\t\t  ","protected":false},"excerpt":{"rendered":"<p>Colima, M\u00e9xico, Comunicado (31\/01\/2019).- Abogados penalistas y especialistas del Derecho participaron en la mesa de trabajo que convoc\u00f3 el Congreso del Estado a trav\u00e9s de la Comisi\u00f3n de Estudios Legislativos y Puntos Constitucionales para analizar el decreto aprobado por el Congreso de la Uni\u00f3n, que reforma los art\u00edculos 22 y 73 de la Constituci\u00f3n Pol\u00edtica [&hellip;]<\/p>\n","protected":false},"author":7,"featured_media":3178,"comment_status":"open","ping_status":"open","sticky":false,"template":"","format":"standard","meta":{"_coblocks_attr":"","_coblocks_dimensions":"","_coblocks_responsive_height":"","_coblocks_accordion_ie_support":"","_crdt_document":"","advanced_seo_description":"","jetpack_seo_html_title":"","jetpack_seo_noindex":false,"_jetpack_memberships_contains_paid_content":false,"footnotes":""},"categories":[19],"tags":[],"class_list":["post-3177","post","type-post","status-publish","format-standard","has-post-thumbnail","hentry","category-colima"],"jetpack_featured_media_url":"https:\/\/diarioavanzada.com.mx\/wp-content\/uploads\/2019\/01\/Extincio\u0301n-de-Dominio.jpg","jetpack-related-posts":[],"jetpack_sharing_enabled":true,"amp_enabled":true,"_links":{"self":[{"href":"https:\/\/diarioavanzada.com.mx\/index.php?rest_route=\/wp\/v2\/posts\/3177","targetHints":{"allow":["GET"]}}],"collection":[{"href":"https:\/\/diarioavanzada.com.mx\/index.php?rest_route=\/wp\/v2\/posts"}],"about":[{"href":"https:\/\/diarioavanzada.com.mx\/index.php?rest_route=\/wp\/v2\/types\/post"}],"author":[{"embeddable":true,"href":"https:\/\/diarioavanzada.com.mx\/index.php?rest_route=\/wp\/v2\/users\/7"}],"replies":[{"embeddable":true,"href":"https:\/\/diarioavanzada.com.mx\/index.php?rest_route=%2Fwp%2Fv2%2Fcomments&post=3177"}],"version-history":[{"count":0,"href":"https:\/\/diarioavanzada.com.mx\/index.php?rest_route=\/wp\/v2\/posts\/3177\/revisions"}],"wp:featuredmedia":[{"embeddable":true,"href":"https:\/\/diarioavanzada.com.mx\/index.php?rest_route=\/wp\/v2\/media\/3178"}],"wp:attachment":[{"href":"https:\/\/diarioavanzada.com.mx\/index.php?rest_route=%2Fwp%2Fv2%2Fmedia&parent=3177"}],"wp:term":[{"taxonomy":"category","embeddable":true,"href":"https:\/\/diarioavanzada.com.mx\/index.php?rest_route=%2Fwp%2Fv2%2Fcategories&post=3177"},{"taxonomy":"post_tag","embeddable":true,"href":"https:\/\/diarioavanzada.com.mx\/index.php?rest_route=%2Fwp%2Fv2%2Ftags&post=3177"}],"curies":[{"name":"wp","href":"https:\/\/api.w.org\/{rel}","templated":true}]}}