{"id":31147,"date":"2022-03-11T08:18:24","date_gmt":"2022-03-11T14:18:24","guid":{"rendered":"https:\/\/diarioavanzada.com.mx\/?p=31147"},"modified":"2022-03-11T08:24:05","modified_gmt":"2022-03-11T14:24:05","slug":"la-hipocresia-y-violencia-feministas-en-vias-de-perder","status":"publish","type":"post","link":"https:\/\/diarioavanzada.com.mx\/?p=31147","title":{"rendered":"La hipocres\u00eda y violencia feminista en v\u00edas de perder"},"content":{"rendered":"\n<p class=\"wp-block-paragraph\">Columna<br>El puercoesp\u00edn\u00a0<\/p>\n\n\n\n<p class=\"wp-block-paragraph\">La nota en los medios, el ocho de marzo, no fue la violencia de las vestidas de negro y armadas con martillos. La noticia fue nuevamente las reivindicaciones de las mujeres en busca de una sociedad m\u00e1s equitativa.<\/p>\n\n\n\n<p class=\"wp-block-paragraph\">En el 2020 marcharon 80 mil mujeres en la CDMX, en este 2022, la cifra fue menor (75 mil), pero el asunto no es de cuantitativo sino cualitativo.\u00a0<\/p>\n\n\n\n<p class=\"wp-block-paragraph\">Antes de la pandemia la marcha fue asaltada por las mujeres de negro y armadas con martillos que termin\u00f3 siendo la noticia y dejando a un lado los reclamos verdaderos de las mujeres. Las manifestaciones feministas son m\u00e1s cercana a la izquierda por sus reclamos de equidad y justicia, pero las violentas convirtieron el evento en una protesta antigobiernista de derechas que convirti\u00f3 al conservadurismo en un militante de izquierda oportunista. Su objetivo era claro, presentar ante la sociedad mexicana y&nbsp; las sociedades del mundo que M\u00e9xico estaba en llamas. En el 2022 lo volvieron a intentar, pero fracasaron.<\/p>\n\n\n\n<p class=\"wp-block-paragraph\">El fracaso de los conservadores y las violentas se debi\u00f3 a que el movimiento feminista se puso las pilas y se deslind\u00f3, por la v\u00eda de los hechos, de estas mujeres violentas que vieron frustrados sus objetivos.&nbsp;<\/p>\n\n\n\n<p class=\"wp-block-paragraph\">A las violentas se les vino el cielo encima. Y esto fue literal, pues en un acceso del metro Hidalgo al demoler \u00e9stas una estructura de cristal los vidrios le cayeron sobre su humanidad poniendo en riesgo su integridad f\u00edsica.<\/p>\n\n\n\n<p class=\"wp-block-paragraph\">Al d\u00eda siguiente intentaron de nuevo una huelga nacional similar a la realizada en 2020 donde el gobierno, universidades y empresas privadas se vieron presionadas a ceder el d\u00eda a las mujeres presionados por la fuerza del movimiento feminista aut\u00e9ntico, pero tambi\u00e9n por el movimiento golpista que ten\u00eda, entonces, en sus manos la agenda pol\u00edtica del movimiento de las mujeres, pues muchas mujeres de izquierda, militantes, sobre todo, del partido Morena, cayeron en el error de apoyar a las violentas creyendo que ser\u00edan rebasadas por las iracundas.<\/p>\n\n\n\n<p class=\"wp-block-paragraph\">En este a\u00f1o 2022 solo unos cuantos intentaron repetir la huelga de 2020 para visibilizar la importancia de las mujeres en la sociedad.&nbsp;<\/p>\n\n\n\n<p class=\"wp-block-paragraph\">Solo pondr\u00e9 algunos ejemplos para hacer el comparativo. Este a\u00f1o solo el Congreso de la Uni\u00f3n permiti\u00f3 la falta al trabajo de sus empleadas y de legisladoras; tambi\u00e9n lo hizo una hip\u00f3crita cadena de televisi\u00f3n (MVS) que en el colmo de la hipocres\u00eda intent\u00f3 mostrarse democr\u00e1tica y sensible al trabajo de sus empleadas; sin embargo, de todos es conocida la historia del despido y defenestraci\u00f3n de Carmen Aristegui en los tiempos de Felipe Calder\u00f3n por parte de esta hip\u00f3crita empresa; otro caso lo es el de la Universidad de Guadalajara que tambi\u00e9n les concedi\u00f3 el d\u00eda a sus empleadas para tambi\u00e9n mostrarse sensible a las reivindicaciones de las mujeres, pero \u00e9pica fue la protesta de las mujeres en la rector\u00eda de dicha universidad reclamando la escaza atenci\u00f3n de sus autoridades a las denuncias de acoso hecha por las trabajadoras y alumnas de dicha universidad, evidenciando la actitud hip\u00f3crita de la instituci\u00f3n educativa.&nbsp;<\/p>\n\n\n\n<p class=\"wp-block-paragraph\">La huelga del d\u00eda despu\u00e9s de este a\u00f1o no tuvo mayor efecto, demostrando que el paro del 2020 fue estrictamente oportunista e hip\u00f3crita, lejos de la sensibilidad a las demandas de las mujeres.<\/p>\n\n\n\n<p class=\"wp-block-paragraph\">La hipocres\u00eda no funcion\u00f3 este a\u00f1o.<\/p>\n\n\n\n<p class=\"wp-block-paragraph\">La violencia no les funcion\u00f3 tampo este a\u00f1o. Ya no fueron nota. La noticias volvieron a ser las demandas de las mujeres en la sociedad donde la violencia del crimen organizado ha alcanzado niveles alarmantes y donde las mujeres como eslabones m\u00e1s d\u00e9biles est\u00e1n recibiendo fuertemente el castigo de una sociedad violenta culturalmente &#8211;representada por el machismo secular&#8211;, pero hoy, exacerbada&nbsp; la violencia producto del narcotr\u00e1fico creciente.<\/p>\n\n\n\n<p class=\"wp-block-paragraph\">Quiz\u00e1 la violencia est\u00e9 llegando fuertemente a las mujeres porque el narcotr\u00e1fico est\u00e1 colonizando a las clases medias y en ella se encuentran bastantes j\u00f3venes aspiracionistas que se relacionan directamente o indirectamente en actividades del narcotr\u00e1fico, y ello, sumado a la sociedad culturalmente patriarcal eleva exponencialmente la violencia sobre las mujeres particularmente, m\u00e1s que sobre los hombres. No tengo datos duros, es solo una apreciaci\u00f3n producto de mi intuici\u00f3n, pero pronto se podr\u00e1n tener datos estad\u00edsticos, de eso s\u00ed estoy seguro.<\/p>\n\n\n\n<p class=\"wp-block-paragraph\">Fracasaron los hip\u00f3critas y las violentas porque la derecha est\u00e1 fracasando culturalmente. Muchos se han atrevido a se\u00f1alar que los acontecimientos sucedidos en el estadio La Corregidora de Quer\u00e9taro es un reflejo de la sociedad mexicana; son los mismos que sostienen que la violencia de las mujeres es un reflejo de la violencia de la sociedad actual; son los mismos que sostienen que los periodistas que est\u00e1n reivindicando la mentira y la difamaci\u00f3n son reprimidos por el Estado porque \u00e9ste pretende limitar la libertad de expresi\u00f3n; son los mismos que est\u00e1n pidiendo enviar armas a Ucrania para combatir a los rusos; son los mismos que piden lanzar una ofensiva militar contra el narcotr\u00e1fico; en s\u00edntesis, son los violentos que se quejan de la violencia, pero est\u00e1n dispuestos a ejercer violencia para derrotar a la violencia.&nbsp;<\/p>\n\n\n\n<p class=\"wp-block-paragraph\">Fracasaron las mujeres violentas y el movimiento aut\u00e9ntico de las mujeres recuper\u00f3 su agenda y la s\u00edntesis de las manifestaciones fue el abrazo que se dieron dos mujeres, una manifestante entreg\u00e1ndole flores a otra mujer encargada de la seguridad.<\/p>\n\n\n\n<p class=\"wp-block-paragraph\">Para los violentos la manifestaci\u00f3n fue un fracaso porque ellos quieren reventar al pa\u00eds y sumirlo en una espiral de m\u00e1s violencia. Fracasaron porque la esencia de la manifestaci\u00f3n fueron las mujeres y su lucha y no la violencia que ellos pregonan.<\/p>\n\n\n\n<p class=\"wp-block-paragraph\">En Nuevo Le\u00f3n, el impresentable de Samuel Garc\u00eda, se dio el lujo de no reprimir a las mujeres que quemaron el palacio de gobierno del estado. Ni gente tan limitada como Samuel Garc\u00eda cae en sus provocaciones.<\/p>\n\n\n\n<p class=\"wp-block-paragraph\">La violencia de las mujeres de negro fracas\u00f3, los hip\u00f3critas fracasaron. Las ganadoras son las mujeres porque recuperaron su movimiento que, m\u00e1s temprano que tarde, se ver\u00e1 reflejado su esfuerzo en la equidad econ\u00f3mica con el hombre en el marcado laboral y en muchos otros espacios.<\/p>\n<div class=\"fb-background-color\">\n\t\t\t  <div \n\t\t\t  \tclass = \"fb-comments\" \n\t\t\t  \tdata-href = \"https:\/\/diarioavanzada.com.mx\/?p=31147\"\n\t\t\t  \tdata-numposts = \"10\"\n\t\t\t  \tdata-lazy = \"true\"\n\t\t\t\tdata-colorscheme = \"light\"\n\t\t\t\tdata-order-by = \"social\"\n\t\t\t\tdata-mobile=true>\n\t\t\t  <\/div><\/div>\n\t\t  <style>\n\t\t    .fb-background-color {\n\t\t\t\tbackground:  !important;\n\t\t\t}\n\t\t\t.fb_iframe_widget_fluid_desktop iframe {\n\t\t\t    width: 100% !important;\n\t\t\t}\n\t\t  <\/style>\n\t\t  ","protected":false},"excerpt":{"rendered":"<p>ColumnaEl puercoesp\u00edn\u00a0 La nota en los medios, el ocho de marzo, no fue la violencia de las vestidas de negro y armadas con martillos. La noticia fue nuevamente las reivindicaciones de las mujeres en busca de una sociedad m\u00e1s equitativa. En el 2020 marcharon 80 mil mujeres en la CDMX, en este 2022, la cifra [&hellip;]<\/p>\n","protected":false},"author":9,"featured_media":31150,"comment_status":"closed","ping_status":"closed","sticky":false,"template":"","format":"standard","meta":{"_coblocks_attr":"","_coblocks_dimensions":"","_coblocks_responsive_height":"","_coblocks_accordion_ie_support":"","advanced_seo_description":"","jetpack_seo_html_title":"","jetpack_seo_noindex":false,"jetpack_seo_schema_type":"","_jetpack_newsletter_access":"","_jetpack_dont_email_post_to_subs":false,"_jetpack_newsletter_tier_id":0,"_jetpack_memberships_contains_paywalled_content":false,"_wpcom_ai_launchpad_first_post":false,"_jetpack_feature_clip_id":0,"_jetpack_memberships_contains_paid_content":false,"footnotes":"","jetpack_post_was_ever_published":false},"categories":[19,209,24],"tags":[220,210],"class_list":["post-31147","post","type-post","status-publish","format-standard","has-post-thumbnail","hentry","category-colima","category-importantes","category-opinion","tag-opinion","tag-portada"],"jetpack-related-posts":[],"jetpack_sharing_enabled":true,"amp_enabled":true,"jetpack_featured_media_url":"https:\/\/diarioavanzada.com.mx\/wp-content\/uploads\/2022\/03\/image-84.png","_links":{"self":[{"href":"https:\/\/diarioavanzada.com.mx\/index.php?rest_route=\/wp\/v2\/posts\/31147","targetHints":{"allow":["GET"]}}],"collection":[{"href":"https:\/\/diarioavanzada.com.mx\/index.php?rest_route=\/wp\/v2\/posts"}],"about":[{"href":"https:\/\/diarioavanzada.com.mx\/index.php?rest_route=\/wp\/v2\/types\/post"}],"author":[{"embeddable":true,"href":"https:\/\/diarioavanzada.com.mx\/index.php?rest_route=\/wp\/v2\/users\/9"}],"replies":[{"embeddable":true,"href":"https:\/\/diarioavanzada.com.mx\/index.php?rest_route=%2Fwp%2Fv2%2Fcomments&post=31147"}],"version-history":[{"count":0,"href":"https:\/\/diarioavanzada.com.mx\/index.php?rest_route=\/wp\/v2\/posts\/31147\/revisions"}],"wp:featuredmedia":[{"embeddable":true,"href":"https:\/\/diarioavanzada.com.mx\/index.php?rest_route=\/wp\/v2\/media\/31150"}],"wp:attachment":[{"href":"https:\/\/diarioavanzada.com.mx\/index.php?rest_route=%2Fwp%2Fv2%2Fmedia&parent=31147"}],"wp:term":[{"taxonomy":"category","embeddable":true,"href":"https:\/\/diarioavanzada.com.mx\/index.php?rest_route=%2Fwp%2Fv2%2Fcategories&post=31147"},{"taxonomy":"post_tag","embeddable":true,"href":"https:\/\/diarioavanzada.com.mx\/index.php?rest_route=%2Fwp%2Fv2%2Ftags&post=31147"}],"curies":[{"name":"wp","href":"https:\/\/api.w.org\/{rel}","templated":true}]}}