{"id":3103,"date":"2019-01-24T12:36:21","date_gmt":"2019-01-24T17:36:21","guid":{"rendered":"https:\/\/diarioavanzada.com.mx\/?p=3103"},"modified":"2019-01-24T12:36:22","modified_gmt":"2019-01-24T17:36:22","slug":"presidenta-asegura-que-habra-cero-tolerancia-ante-la-comision-de-delitos-que-afecten-a-las-mujeres-en-manzanillo","status":"publish","type":"post","link":"https:\/\/diarioavanzada.com.mx\/?p=3103","title":{"rendered":"Presidenta asegura que habr\u00e1 &#8220;cero tolerancia&#8221; ante la comisi\u00f3n de delitos que afecten a las mujeres en Manzanillo"},"content":{"rendered":"\n<p class=\"wp-block-paragraph\">Manzanillo, M\u00e9xico, Comunicado (24\/01\/2019).- Comprometidas y comprometidos con una sociedad libre de violencia y discriminaci\u00f3n, en el que prevalezca el respeto a la integridad y a la dignidad de las personas, el H. Ayuntamiento de Manzanillo manifiesta su absoluto compromiso de actuar bajo el principio de \u201cCERO TOLERANCIA ante la comisi\u00f3n de delitos asociados a la violencia en contra las mujeres en Manzanillo\u201d. <br>Todas las acciones u omisiones que afecten o lesionen a las mujeres, no deben ni pueden ser toleradas bajo ninguna situaci\u00f3n. <br>Por ello, desde el inicio de la presente administraci\u00f3n se ha puesto especial \u00e9nfasis en la creaci\u00f3n y planeaci\u00f3n de diferentes estrategias, programas y acciones puntuales que nos ayuden a luchar de frente, y de forma clara contra esta problem\u00e1tica. <br>Es nuestro deber garantizar una sociedad libre de violencia y discriminaci\u00f3n, en el que la igualdad de oportunidades y el respeto pleno a los derechos humanos se traduzca en una de las principales fortalezas de nuestro municipio. <br>Por lo tanto, reiteramos nuestro absoluto rechazo a todo comportamiento o proceder que atente contra el respeto y dignidad de las mujeres de todas las edades, y que vulnere sus valores \u00e9ticos, sus derechos humanos y su integridad f\u00edsica o psicol\u00f3gica. <br><br>C. Griselda Mart\u00ednez Mart\u00ednez <br>Presidenta Municipal de Manzanillo<\/p>\n<div class=\"fb-background-color\">\n\t\t\t  <div \n\t\t\t  \tclass = \"fb-comments\" \n\t\t\t  \tdata-href = \"https:\/\/diarioavanzada.com.mx\/?p=3103\"\n\t\t\t  \tdata-numposts = \"10\"\n\t\t\t  \tdata-lazy = \"true\"\n\t\t\t\tdata-colorscheme = \"light\"\n\t\t\t\tdata-order-by = \"social\"\n\t\t\t\tdata-mobile=true>\n\t\t\t  <\/div><\/div>\n\t\t  <style>\n\t\t    .fb-background-color {\n\t\t\t\tbackground:  !important;\n\t\t\t}\n\t\t\t.fb_iframe_widget_fluid_desktop iframe {\n\t\t\t    width: 100% !important;\n\t\t\t}\n\t\t  <\/style>\n\t\t  ","protected":false},"excerpt":{"rendered":"<p>Manzanillo, M\u00e9xico, Comunicado (24\/01\/2019).- Comprometidas y comprometidos con una sociedad libre de violencia y discriminaci\u00f3n, en el que prevalezca el respeto a la integridad y a la dignidad de las personas, el H. Ayuntamiento de Manzanillo manifiesta su absoluto compromiso de actuar bajo el principio de \u201cCERO TOLERANCIA ante la comisi\u00f3n de delitos asociados a [&hellip;]<\/p>\n","protected":false},"author":7,"featured_media":3104,"comment_status":"open","ping_status":"open","sticky":false,"template":"","format":"standard","meta":{"_coblocks_attr":"","_coblocks_dimensions":"","_coblocks_responsive_height":"","_coblocks_accordion_ie_support":"","_crdt_document":"","advanced_seo_description":"","jetpack_seo_html_title":"","jetpack_seo_noindex":false,"_jetpack_memberships_contains_paid_content":false,"footnotes":""},"categories":[20],"tags":[],"class_list":["post-3103","post","type-post","status-publish","format-standard","has-post-thumbnail","hentry","category-manzanillo"],"jetpack_featured_media_url":"https:\/\/diarioavanzada.com.mx\/wp-content\/uploads\/2019\/01\/50931750_336776663844773_4952400873461383168_n.jpg","jetpack-related-posts":[],"jetpack_sharing_enabled":true,"amp_enabled":true,"_links":{"self":[{"href":"https:\/\/diarioavanzada.com.mx\/index.php?rest_route=\/wp\/v2\/posts\/3103","targetHints":{"allow":["GET"]}}],"collection":[{"href":"https:\/\/diarioavanzada.com.mx\/index.php?rest_route=\/wp\/v2\/posts"}],"about":[{"href":"https:\/\/diarioavanzada.com.mx\/index.php?rest_route=\/wp\/v2\/types\/post"}],"author":[{"embeddable":true,"href":"https:\/\/diarioavanzada.com.mx\/index.php?rest_route=\/wp\/v2\/users\/7"}],"replies":[{"embeddable":true,"href":"https:\/\/diarioavanzada.com.mx\/index.php?rest_route=%2Fwp%2Fv2%2Fcomments&post=3103"}],"version-history":[{"count":0,"href":"https:\/\/diarioavanzada.com.mx\/index.php?rest_route=\/wp\/v2\/posts\/3103\/revisions"}],"wp:featuredmedia":[{"embeddable":true,"href":"https:\/\/diarioavanzada.com.mx\/index.php?rest_route=\/wp\/v2\/media\/3104"}],"wp:attachment":[{"href":"https:\/\/diarioavanzada.com.mx\/index.php?rest_route=%2Fwp%2Fv2%2Fmedia&parent=3103"}],"wp:term":[{"taxonomy":"category","embeddable":true,"href":"https:\/\/diarioavanzada.com.mx\/index.php?rest_route=%2Fwp%2Fv2%2Fcategories&post=3103"},{"taxonomy":"post_tag","embeddable":true,"href":"https:\/\/diarioavanzada.com.mx\/index.php?rest_route=%2Fwp%2Fv2%2Ftags&post=3103"}],"curies":[{"name":"wp","href":"https:\/\/api.w.org\/{rel}","templated":true}]}}