{"id":30823,"date":"2022-02-27T23:47:14","date_gmt":"2022-02-28T05:47:14","guid":{"rendered":"https:\/\/diarioavanzada.com.mx\/?p=30823"},"modified":"2022-02-27T23:47:28","modified_gmt":"2022-02-28T05:47:28","slug":"cuantos-policias-heredaste-a-ver-explica-eso-haz-algo-inutil","status":"publish","type":"post","link":"https:\/\/diarioavanzada.com.mx\/?p=30823","title":{"rendered":"\u201c\u00bfCu\u00e1ntos polic\u00edas heredaste? A ver, explica eso.\u201d haz algo in\u00fatil"},"content":{"rendered":"\n<p class=\"wp-block-paragraph\">Columna<br>El puercoesp\u00edn\u00a0<\/p>\n\n\n\n<p class=\"wp-block-paragraph\">Nunca hab\u00eda yo escuchado un conjunto de enunciados tan directos, imperativos y contundentes del presidente hacia un pol\u00edtico y sobre todo a una gobernadora. Esos enunciados (uno interrogativo y otro declarativo) fueron: <em>\u201c\u00bfCu\u00e1ntos polic\u00edas heredaste? A ver, explica eso.\u201d<\/em> Los enunciados&nbsp; pronunciadas con un sentido imperativo y proyectando urgencia son propias de patr\u00f3n hacia su empleado. En ese momento el presidente oficiosamente estaba jubilando en servicio a una gobernadora que no quiso, que no pudo con el cargo de gobernador y el presidente, en consecuencia, la degrad\u00f3 a simple delegada del gobierno federal para que en lo sucesivo se concentre en rendirle informes a la federaci\u00f3n.&nbsp;<\/p>\n\n\n\n<p class=\"wp-block-paragraph\">En delegada de la federaci\u00f3n convirti\u00f3 el presidente a la gobernadora de Colima, en una empleada de la federaci\u00f3n reconociendo, de facto, la ineptitud de una persona que no ha sabido sobrellevar una administraci\u00f3n estatal. En otras palabras la jubil\u00f3 en servicio por inepta.<\/p>\n\n\n\n<p class=\"wp-block-paragraph\">Y fue m\u00e1s all\u00e1 el presidente cuando coment\u00f3: \u201cYo les propongo, en tres meses, vamos a presentarles todo el plan de inversi\u00f3n que incluye las obras en Manzanillo, porque tambi\u00e9n hay obras viales para Manzanillo que tienen que ver con Colima, es un plan integral.<\/p>\n\n\n\n<p class=\"wp-block-paragraph\">Manzanillo va a tener una inversi\u00f3n importante, el puerto, pero tambi\u00e9n incluye vialidades, y queremos ver si en la propuesta se considera lo de la carretera que est\u00e1s planteando, porque es Manzanillo-Colima, s\u00ed.\u201d<\/p>\n\n\n\n<p class=\"wp-block-paragraph\">Antes el secretario de Gobernaci\u00f3n hab\u00eda comentado que se hab\u00eda logrado destrabar el conflicto con los ejidatarios de San Marcos quienes &#8211;seg\u00fan el secretario&#8211; hab\u00edan aceptado la realizaci\u00f3n de obrar complementarias para que desistieran de los amparos y la carretera transvolc\u00e1nica pueda entrar en operaciones beneficiando econ\u00f3micamente a Colima.<\/p>\n\n\n\n<p class=\"wp-block-paragraph\">En los hechos el presidente asumi\u00f3 la agenda pol\u00edtica y de obras a desarrollar en Colima porque quienes lo tienen que hacer son incapaces de hacerlo.<\/p>\n\n\n\n<p class=\"wp-block-paragraph\">Dijo el secretario de Gobernaci\u00f3n: \u201cBanobras va a reiniciar la construcci\u00f3n de los\u2026 son creo que 14 kil\u00f3metros y un puente, el pr\u00f3ximo lunes, ya hoy incluso est\u00e1n llevando la maquinar\u00eda. Y el d\u00eda 30 de marzo nos va a presentar all\u00e1 en el ejido \u2014que por cierto, no es geogr\u00e1ficamente Colima, sino Jalisco\u2014 se van a presentar ya los avances y se va a pr\u00e1cticamente a entregar el cat\u00e1logo de las obras complementarias, que son b\u00e1sicamente drenaje y caminos colaterales o de acceso a las diferentes parcelas de las ejidatarios.\u201d<\/p>\n\n\n\n<p class=\"wp-block-paragraph\">En menos de dos meses el secretario de Gobernaci\u00f3n arregl\u00f3 el asunto de la autopista y los secretarios de Seguridad, Marina y Defensa Nacional ya se ocuparon de los asuntos importantes y urgentes que Colima padece.<\/p>\n\n\n\n<p class=\"wp-block-paragraph\">Por su parte Zo\u00e1 Robledo plante\u00f3 que el&nbsp; IMSS-Coplamar, que funcion\u00f3 en Colima desde noviembre de 1979 y hasta febrero de 1986, cuando se concret\u00f3 este proceso de descentralizaci\u00f3n que deriv\u00f3 en una fragmentaci\u00f3n del sistema de salud, en particular en el hospital de Ixtlahuac\u00e1n, era operado por el IMSS-Bienestar para la poblaci\u00f3n que no cuenta con seguridad social y 12 unidades m\u00e9dicas rurales que desde entonces pasaron a los servicios estatales de salud.<\/p>\n\n\n\n<p class=\"wp-block-paragraph\">Lo que se intenta es ahora recuperar ese modelo que existe en M\u00e9xico desde hace 43 a\u00f1os, regresar a Colima con IMSS-Bienestar. Por ello se firm\u00f3 un convenio con el gobierno de Colima.<\/p>\n\n\n\n<p class=\"wp-block-paragraph\">Qued\u00f3 claro que el convenio fue planteado y propuesto por el Gobierno de M\u00e1xico ante la falta de iniciativa del gobierno estatal. En Colima desde el inicio de la administraci\u00f3n nunca se plante\u00f3 este asunto.<\/p>\n\n\n\n<p class=\"wp-block-paragraph\">Por su parte el secretario de la Defensa Nacional anunci\u00f3 que se invertir\u00e1n 200 millones de pesos para la remodelaci\u00f3n del Cereso Colima, por supuesto, con presupuesto del gobierno de Colima, pues aclar\u00f3 que le adelantar\u00e1n participaciones al gobierno estatal. Esta acci\u00f3n es otra m\u00e1s que Colima no decidi\u00f3 y se la impusieron porque la gobernadora est\u00e1 en Babia.<\/p>\n\n\n\n<p class=\"wp-block-paragraph\">Y para rematar el Gobierno de M\u00e1xico puso a la gobernadora a hacer campa\u00f1a para la revocaci\u00f3n de mandato, es decir, que la convirtieron en merolica de templete de campa\u00f1a que es lo \u00fanico que sabe hacer. Si el INE la sanciona o no, eso no tiene importancia, porque ella como cuadro pol\u00edtico es prescindible.&nbsp;<\/p>\n\n\n\n<p class=\"wp-block-paragraph\">De facto el gobierno federal asumi\u00f3 los asuntos propios de la administraci\u00f3n estatal. La gobernadora fue revelada y ni cuenta se dio. En la Ma\u00f1anera estuvo de florero y solo haciendo pasar a los colimenses verg\u00fcenzas ajenas.<\/p>\n\n\n\n<p class=\"wp-block-paragraph\">Los integrantes de la 4T en Colima siguen transitando de Babia a Babilonia, por cierto, alguien debe informarles que los conceptos de \u201cnuestra gobernadora\u201d y \u201cnuestra Colima\u201d, ya son enunciados que la gente repite y usa en forma peyorativa, y ellos no se dan cuenta, que cuando se refieren a la gobernadora de su partido y al estado de Colima anteponi\u00e9ndoles la palabra \u201cnuestra\u201d est\u00e1n cayendo en el ejercicio de un humor involuntario que hacen ver, eso que ellos llaman gobierno, un chiste mal contando o un gobierno nivel caricatura. Ellos se han convertido en antipropagandistas de s\u00ed mismos.<\/p>\n\n\n\n<p class=\"wp-block-paragraph\">De los apoyos a la unidad<\/p>\n\n\n\n<p class=\"wp-block-paragraph\">De caricatura resultaron los desplegados de apoyo a la gobernadora. El primero en aparecer del grupo autodenominado \u201cExperiencia y Sabidur\u00eda\u201d sin propon\u00e9rselo &#8211;eso supongo&#8211; le hicieron ver a la gobernadora de los esencial que carece. Adem\u00e1s entre l\u00edneas se nota que anda buscando chamba.<\/p>\n\n\n\n<p class=\"wp-block-paragraph\">El \u00faltimo desplegado cuyos abajofirmantes son arquitectos e ingenieros resulta de un involuntario humor at\u00edpico&nbsp; enorme, pues los profesionistas primero le informan a la gobernadora que ellos le pueden hacer la chamba que ella es incapaz de hacer; luego le ofrecen unidad y acompa\u00f1amiento para, finalmente, decirle que ellos est\u00e1n muy desunidos, pero que eso no importa porque la intenci\u00f3n es la b\u00fasqueda del otorgamiento de la obra para seguir apoy\u00e1ndola, pues ella es una inepta. Los desunidos ofreciendo unidad, es decir, que quieren dar lo que ellos carecen. No cabe duda que la sociedad pol\u00edtica colimense se ve m\u00e1s rid\u00edcula en esta crisis pol\u00edtica por la que atraviesa.<\/p>\n\n\n\n<p class=\"wp-block-paragraph\">La crisis de este gobierno mediocre es pat\u00e9tica y parad\u00f3jicamente tambi\u00e9n nos mata de la risa sus estupideces. Los pol\u00edticos se encuentran en una carrera fren\u00e9tica por&nbsp; ver cu\u00e1l de todos hace el&nbsp; mayor rid\u00edculo. Y la verdad est\u00e1 muy re\u00f1ida la carrera.<\/p>\n\n\n\n<p class=\"wp-block-paragraph\">Con los anteriores apoyos no mejorar\u00e1 mucho este gobierno de la transformaci\u00f3n.<\/p>\n\n\n\n<p class=\"wp-block-paragraph\">Por \u00faltimo la desgobernadora, ahora degradada a delegada federal, ya se le olvid\u00f3 que la <em>Casa de Gobierno<\/em> la iba a convertir en un espacio para gente desamparada; sin embargo, ya se le olvid\u00f3 y descubri\u00f3 es mucho mejor dedicar la casita para sus reventones y pachangas de la <strong>Mafia de las Amiguis.<\/strong><\/p>\n\n\n\n<p class=\"wp-block-paragraph\">El presidente fue contundente: \u201c<strong>A ver explica eso<\/strong>.\u201d Frase que los colimenses tradujimos al instante al lenguaje coloquial y preciso de la siguiente manera: <strong>haz algo in\u00fatil.<\/strong>&nbsp;<\/p>\n\n\n\n<p class=\"wp-block-paragraph\">Ojal\u00e1 que los miembros del feis de la 4T no vayan a calificar al presidente de mis\u00f3gino por ponerla a trabajar. Sin duda fue un mal d\u00eda para la <strong>Mafia de las Amiguis.&nbsp;<\/strong><\/p>\n<div class=\"fb-background-color\">\n\t\t\t  <div \n\t\t\t  \tclass = \"fb-comments\" \n\t\t\t  \tdata-href = \"https:\/\/diarioavanzada.com.mx\/?p=30823\"\n\t\t\t  \tdata-numposts = \"10\"\n\t\t\t  \tdata-lazy = \"true\"\n\t\t\t\tdata-colorscheme = \"light\"\n\t\t\t\tdata-order-by = \"social\"\n\t\t\t\tdata-mobile=true>\n\t\t\t  <\/div><\/div>\n\t\t  <style>\n\t\t    .fb-background-color {\n\t\t\t\tbackground:  !important;\n\t\t\t}\n\t\t\t.fb_iframe_widget_fluid_desktop iframe {\n\t\t\t    width: 100% !important;\n\t\t\t}\n\t\t  <\/style>\n\t\t  ","protected":false},"excerpt":{"rendered":"<p>ColumnaEl puercoesp\u00edn\u00a0 Nunca hab\u00eda yo escuchado un conjunto de enunciados tan directos, imperativos y contundentes del presidente hacia un pol\u00edtico y sobre todo a una gobernadora. Esos enunciados (uno interrogativo y otro declarativo) fueron: \u201c\u00bfCu\u00e1ntos polic\u00edas heredaste? A ver, explica eso.\u201d Los enunciados&nbsp; pronunciadas con un sentido imperativo y proyectando urgencia son propias de patr\u00f3n [&hellip;]<\/p>\n","protected":false},"author":9,"featured_media":30824,"comment_status":"closed","ping_status":"closed","sticky":false,"template":"","format":"standard","meta":{"_coblocks_attr":"","_coblocks_dimensions":"","_coblocks_responsive_height":"","_coblocks_accordion_ie_support":"","advanced_seo_description":"","jetpack_seo_html_title":"","jetpack_seo_noindex":false,"jetpack_seo_schema_type":"","_jetpack_newsletter_access":"","_jetpack_dont_email_post_to_subs":false,"_jetpack_newsletter_tier_id":0,"_jetpack_memberships_contains_paywalled_content":false,"_wpcom_ai_launchpad_first_post":false,"_jetpack_feature_clip_id":0,"_jetpack_memberships_contains_paid_content":false,"footnotes":"","jetpack_post_was_ever_published":false},"categories":[19,209,24],"tags":[220,210],"class_list":["post-30823","post","type-post","status-publish","format-standard","has-post-thumbnail","hentry","category-colima","category-importantes","category-opinion","tag-opinion","tag-portada"],"jetpack-related-posts":[],"jetpack_sharing_enabled":true,"amp_enabled":true,"jetpack_featured_media_url":"https:\/\/diarioavanzada.com.mx\/wp-content\/uploads\/2022\/02\/image-272.png","_links":{"self":[{"href":"https:\/\/diarioavanzada.com.mx\/index.php?rest_route=\/wp\/v2\/posts\/30823","targetHints":{"allow":["GET"]}}],"collection":[{"href":"https:\/\/diarioavanzada.com.mx\/index.php?rest_route=\/wp\/v2\/posts"}],"about":[{"href":"https:\/\/diarioavanzada.com.mx\/index.php?rest_route=\/wp\/v2\/types\/post"}],"author":[{"embeddable":true,"href":"https:\/\/diarioavanzada.com.mx\/index.php?rest_route=\/wp\/v2\/users\/9"}],"replies":[{"embeddable":true,"href":"https:\/\/diarioavanzada.com.mx\/index.php?rest_route=%2Fwp%2Fv2%2Fcomments&post=30823"}],"version-history":[{"count":0,"href":"https:\/\/diarioavanzada.com.mx\/index.php?rest_route=\/wp\/v2\/posts\/30823\/revisions"}],"wp:featuredmedia":[{"embeddable":true,"href":"https:\/\/diarioavanzada.com.mx\/index.php?rest_route=\/wp\/v2\/media\/30824"}],"wp:attachment":[{"href":"https:\/\/diarioavanzada.com.mx\/index.php?rest_route=%2Fwp%2Fv2%2Fmedia&parent=30823"}],"wp:term":[{"taxonomy":"category","embeddable":true,"href":"https:\/\/diarioavanzada.com.mx\/index.php?rest_route=%2Fwp%2Fv2%2Fcategories&post=30823"},{"taxonomy":"post_tag","embeddable":true,"href":"https:\/\/diarioavanzada.com.mx\/index.php?rest_route=%2Fwp%2Fv2%2Ftags&post=30823"}],"curies":[{"name":"wp","href":"https:\/\/api.w.org\/{rel}","templated":true}]}}