{"id":30728,"date":"2022-02-25T08:32:58","date_gmt":"2022-02-25T14:32:58","guid":{"rendered":"https:\/\/diarioavanzada.com.mx\/?p=30728"},"modified":"2022-02-25T08:33:47","modified_gmt":"2022-02-25T14:33:47","slug":"sin-agenda-politica","status":"publish","type":"post","link":"https:\/\/diarioavanzada.com.mx\/?p=30728","title":{"rendered":"Sin\u00a0agenda pol\u00edtica"},"content":{"rendered":"\n<p class=\"wp-block-paragraph\">Columna\u00a0<br>El puercoesp\u00edn\u00a0<\/p>\n\n\n\n<p class=\"wp-block-paragraph\">Quien no marca agenda pierde el control pol\u00edtico y, por consecuencia, deja de influir en los dem\u00e1s\u00a0sectores sociales para, finalmente, terminar perdiendo la confianza de la gente.<\/p>\n\n\n\n<p class=\"wp-block-paragraph\">El presidente AMLO, desde la campa\u00f1a presidencial, marc\u00f3 la agenda pol\u00edtica. Despu\u00e9s del primero de julio de 2018, al d\u00eda siguiente, con mucha m\u00e1s fuerza, se convirti\u00f3 en el eje de la pol\u00edtica nacional como todo jefe de Estado y presidente del gobierno, como sucede en el pa\u00eds, as\u00ed debe de ser en Colima, guardando sus proporciones.<\/p>\n\n\n\n<p class=\"wp-block-paragraph\">En las regiones, con sus matices, debe ocurrir lo mismo porque sencillamente sucede que los gobernadores, se supone, deben asumir el liderazgo de sus espacios geogr\u00e1ficos y de no hacerlo es letal para quien aspira a encabezar un gobierno de transformaci\u00f3n. Si es exitoso o no ese es otro boleto.<\/p>\n\n\n\n<p class=\"wp-block-paragraph\">El caso de Colima es ilustrativo de este fen\u00f3meno. La encargada del Ejecutivo estatal no asumi\u00f3 ni antes ni despu\u00e9s, ni en ning\u00fan momento, el liderazgo pol\u00edtico.&nbsp;<\/p>\n\n\n\n<p class=\"wp-block-paragraph\">Sus limitaciones pol\u00edtica est\u00e1n m\u00e1s que acreditas desde el primero de junio de 2021, pues desde su elecci\u00f3n esta mujer no ha sabido aplicar los actos pol\u00edticos al <em>timing<\/em> pol\u00edtico, adem\u00e1s carace de talento pol\u00edtico, eso es ya muy evidente. Desde su elecci\u00f3n hasta los cuatro meses de gobierno sus decisiones est\u00e1n marcadas por la palabra fracaso.&nbsp;<\/p>\n\n\n\n<p class=\"wp-block-paragraph\">Desde su elecci\u00f3n no ha marcado la agenda pol\u00edtica del estado porque sus acciones no van en el sentido de solucionar los dos principales problemas del estado: seguridad y quiebra financiera del gobierno estatal.<\/p>\n\n\n\n<p class=\"wp-block-paragraph\">No huelga decir que sus competidores pol\u00edticos, tanto el PRI como PAN, quedaron pasmados ante sus derrotas locales, pues para el PRI signific\u00f3 una derrota hist\u00f3rica que, hoy m\u00e1s que nunca, se comprueba a toro pasado, que quien los derrot\u00f3 fue la popularidad del presidente de M\u00e9xico. &nbsp;<\/p>\n\n\n\n<p class=\"wp-block-paragraph\">El Congreso de Colima signific\u00f3 el segundo espacio significativo controlado por Morena, pues apenas lograron tomar el control del mismo, pero con la ayuda de sus aliados y oportunistas, que aprovecharon la ocasi\u00f3n para hacerse de puestos p\u00fablicos; sin embargo, las torpezas de la diputada Viridiana Valencia, sus afanes de controlar todo el aparato administrativo del Congreso, as\u00ed como querer hacer todos los negocios tienen al Congreso a punto de ser controlado por la oposici\u00f3n.<\/p>\n\n\n\n<p class=\"wp-block-paragraph\">Desde el d\u00eda de ayer se encuentra en Colima Ad\u00e1n Augusto L\u00f3pez Hern\u00e1ndez, secretario de Gobernaci\u00f3n, arreglando asuntos pol\u00edticos del estado de Colima. Es claro para el Gobierno de M\u00e9xico que las cosas en Colima andan patas pa arriba.\u00a0<\/p>\n\n\n\n<p class=\"wp-block-paragraph\">Para arreglar la crisis de seguridad primero mand\u00f3 a Rosa Icela Rodr\u00edquez y al mism\u00edsimo secretario de la Marina Armada de M\u00e9xico Jos\u00e9 Rafael Ojeda Rold\u00e1n.<\/p>\n\n\n\n<p class=\"wp-block-paragraph\">Que haya salido el presidente del PRI Arnoldo Ochoa Gonz\u00e1lez, digno ejemplar que ilustra la corrupci\u00f3n en Colima y cosas peores, a marcar la agenda en Colima es mucho atrevimiento y muchos imaginar\u00e1n que moralmente no tiene nada que proponer y; sin embargo,\u00a0 ante la incapacidad de Indira Vizca\u00edno y sus asesores pol\u00edticos y de comunicaci\u00f3n de imponer una agenda pol\u00edtica, los de experiencia y moralmente derrotados, aunque impresentables le est\u00e1n ganando la partida.<\/p>\n\n\n\n<p class=\"wp-block-paragraph\">Quiz\u00e1 habr\u00eda que reconocerle al encargado de comunicaci\u00f3n social del gobierno del estado que s\u00ed ha tenido una gran precisi\u00f3n y \u00e9xito pol\u00edticos al posicionar al gobierno en actitudes de insensibilidad y frivolidad de la gobernadora y los miembros del gabinete.<\/p>\n\n\n\n<p class=\"wp-block-paragraph\">La inexperiencia de Indira conjugada con la sobrada experiencia de Arnoldo Ochoa Gonz\u00e1lez da por resultado el surgimiento pol\u00edtico de la oposici\u00f3n. Si usted le suma que el Congreso &#8211;es altamente probable&#8211;&nbsp; pase al control de la oposici\u00f3n en Colima se vivir\u00e1 un escenario muy distinto donde Morena estar\u00e1 perdiendo espacios y la&nbsp; iniciativa pol\u00edticas &#8211;si es que tiene&#8211; por culpa de la inexperta de Vizca\u00edno.&nbsp;<\/p>\n\n\n\n<p class=\"wp-block-paragraph\">Indira sin agenda y la visita de Amlo<\/p>\n\n\n\n<p class=\"wp-block-paragraph\">Al no haber controlado la agenda pol\u00edtica, desde su elecci\u00f3n, le trajo como resultado el descontrol del quiebre econ\u00f3mico del gobierno estatal e incapacidad de controlar la crisis que nos tiene en jaque desde hace m\u00e1s de 25 d\u00edas.&nbsp;<\/p>\n\n\n\n<p class=\"wp-block-paragraph\">Hoy ya perdi\u00f3 totalmente el control de la agenda y la gente le retir\u00f3 la confianza con gran velocidad, pues ni sus aplaudidores ni los buscachambas ni los salameros y partidarios sinceros encuentran elementos para defenderla, est\u00e1n calladitos.<\/p>\n\n\n\n<p class=\"wp-block-paragraph\">Perder la confianza es perder de facto el poder real.<\/p>\n\n\n\n<p class=\"wp-block-paragraph\">Los focos rojos se encendieron en Palacio Nacional y lo m\u00e1s seguro es que es el presidente viene a Colima a gastar su capital pol\u00edtico para frenar un poco la p\u00e9rdida de confianza sistem\u00e1tica de los partidarios de Morena, de la Cuarta Transformaci\u00f3n y la gente en general y motivarlos moralmente para que resistan el haber elegido a una inepta.&nbsp;<\/p>\n\n\n\n<p class=\"wp-block-paragraph\">El presidente gastar\u00e1 su capital pol\u00edtico porque sabe que las acciones de la Guardia Nacional, Defensa Nacional y de la Marina Armada de M\u00e9xico tan solo se circunscriben al \u00e1mbito pol\u00edciaco; y por lo tanto, no puede frenar la percepci\u00f3n pol\u00edtica de la gente que se siente insegura y dominada por el terror. La mayor\u00eda que vot\u00f3 por Morena en Colima lo hizo por el presidente a quien se le guarda un profundo respeto, pero los colimotes saben diferenciar perfectamente un gobierno de otro y en Colima la gente percibe un gobierno local fallido, a pesar del corto tiempo en el poder, existe un gobierno fallido. Fallido porque la promesa de un gobierno de transformaci\u00f3n en campa\u00f1a se transform\u00f3, en la realidad, en un gobierno de la familia y los amigos que se concretiza en el sintagma la <em>Mafia de las Amiguis<\/em>.&nbsp;<\/p>\n\n\n\n<p class=\"wp-block-paragraph\">El presidente es un animal pol\u00edtico y sabe que en Colima se deben de arreglar las cosas de fondo y pronto. Pero apoyar\u00e1 a Indira a ultranza y se gastar\u00e1 capital pol\u00edtico &#8211;y mucho&#8211; porque sabe que est\u00e1 pr\u00f3xima la revocaci\u00f3n de mandato y un esc\u00e1ndalo m\u00e1s debe evitarse porque ser\u00eda un esc\u00e1ndolo con bases reales que trair\u00eda como consecuencias, entre otras, las perdida de base social. La gobernadora Indira cuesta mucho, es muy cara y no me refiero a sus frivolidades sino al costo pol\u00edtico.&nbsp;<\/p>\n\n\n\n<p class=\"wp-block-paragraph\">Abonando a la irresponsabilidad, resulta que tenemos una crisis de seguridad encima y ella tom\u00e1ndose selfis con la respetable jefa de gobierno de la CDMX solo para decirnos que pronto dar\u00e1 m\u00e1s informaci\u00f3n de sus logros. De esas poses ya van varias veces que las hace y no informa nada. Eso raya en la caricatura.<\/p>\n\n\n\n<p class=\"wp-block-paragraph\">El presidente vino a marcar la agenda y lo va hacer. <strong>Indira quedar\u00e1 convertida en una proc\u00f3nsul<\/strong>. Sin agenda no hay confianza, sin agenda no hay rumbo. Sin agenda no hay gobierno.<\/p>\n\n\n\n<p class=\"wp-block-paragraph\">Solo el gobierno federal nos ampara, lo dicen partidarios de la Cuarta Transformaci\u00f3n y detractores de Morena.\u00a0<\/p>\n\n\n\n<p class=\"wp-block-paragraph\"><em>*Fotograf\u00eda tomada de la red social de la gobernadora de Colima, Indira Vizca\u00edno Silva.<\/em><\/p>\n<div class=\"fb-background-color\">\n\t\t\t  <div \n\t\t\t  \tclass = \"fb-comments\" \n\t\t\t  \tdata-href = \"https:\/\/diarioavanzada.com.mx\/?p=30728\"\n\t\t\t  \tdata-numposts = \"10\"\n\t\t\t  \tdata-lazy = \"true\"\n\t\t\t\tdata-colorscheme = \"light\"\n\t\t\t\tdata-order-by = \"social\"\n\t\t\t\tdata-mobile=true>\n\t\t\t  <\/div><\/div>\n\t\t  <style>\n\t\t    .fb-background-color {\n\t\t\t\tbackground:  !important;\n\t\t\t}\n\t\t\t.fb_iframe_widget_fluid_desktop iframe {\n\t\t\t    width: 100% !important;\n\t\t\t}\n\t\t  <\/style>\n\t\t  ","protected":false},"excerpt":{"rendered":"<p>Columna\u00a0El puercoesp\u00edn\u00a0 Quien no marca agenda pierde el control pol\u00edtico y, por consecuencia, deja de influir en los dem\u00e1s\u00a0sectores sociales para, finalmente, terminar perdiendo la confianza de la gente. El presidente AMLO, desde la campa\u00f1a presidencial, marc\u00f3 la agenda pol\u00edtica. Despu\u00e9s del primero de julio de 2018, al d\u00eda siguiente, con mucha m\u00e1s fuerza, se [&hellip;]<\/p>\n","protected":false},"author":9,"featured_media":30729,"comment_status":"closed","ping_status":"closed","sticky":false,"template":"","format":"standard","meta":{"_coblocks_attr":"","_coblocks_dimensions":"","_coblocks_responsive_height":"","_coblocks_accordion_ie_support":"","advanced_seo_description":"","jetpack_seo_html_title":"","jetpack_seo_noindex":false,"jetpack_seo_schema_type":"","_jetpack_newsletter_access":"","_jetpack_dont_email_post_to_subs":false,"_jetpack_newsletter_tier_id":0,"_jetpack_memberships_contains_paywalled_content":false,"_wpcom_ai_launchpad_first_post":false,"_jetpack_feature_clip_id":0,"_jetpack_memberships_contains_paid_content":false,"footnotes":"","jetpack_post_was_ever_published":false},"categories":[19,209,24],"tags":[220,210],"class_list":["post-30728","post","type-post","status-publish","format-standard","has-post-thumbnail","hentry","category-colima","category-importantes","category-opinion","tag-opinion","tag-portada"],"jetpack-related-posts":[],"jetpack_sharing_enabled":true,"amp_enabled":true,"jetpack_featured_media_url":"https:\/\/diarioavanzada.com.mx\/wp-content\/uploads\/2022\/02\/image-235.png","_links":{"self":[{"href":"https:\/\/diarioavanzada.com.mx\/index.php?rest_route=\/wp\/v2\/posts\/30728","targetHints":{"allow":["GET"]}}],"collection":[{"href":"https:\/\/diarioavanzada.com.mx\/index.php?rest_route=\/wp\/v2\/posts"}],"about":[{"href":"https:\/\/diarioavanzada.com.mx\/index.php?rest_route=\/wp\/v2\/types\/post"}],"author":[{"embeddable":true,"href":"https:\/\/diarioavanzada.com.mx\/index.php?rest_route=\/wp\/v2\/users\/9"}],"replies":[{"embeddable":true,"href":"https:\/\/diarioavanzada.com.mx\/index.php?rest_route=%2Fwp%2Fv2%2Fcomments&post=30728"}],"version-history":[{"count":0,"href":"https:\/\/diarioavanzada.com.mx\/index.php?rest_route=\/wp\/v2\/posts\/30728\/revisions"}],"wp:featuredmedia":[{"embeddable":true,"href":"https:\/\/diarioavanzada.com.mx\/index.php?rest_route=\/wp\/v2\/media\/30729"}],"wp:attachment":[{"href":"https:\/\/diarioavanzada.com.mx\/index.php?rest_route=%2Fwp%2Fv2%2Fmedia&parent=30728"}],"wp:term":[{"taxonomy":"category","embeddable":true,"href":"https:\/\/diarioavanzada.com.mx\/index.php?rest_route=%2Fwp%2Fv2%2Fcategories&post=30728"},{"taxonomy":"post_tag","embeddable":true,"href":"https:\/\/diarioavanzada.com.mx\/index.php?rest_route=%2Fwp%2Fv2%2Ftags&post=30728"}],"curies":[{"name":"wp","href":"https:\/\/api.w.org\/{rel}","templated":true}]}}