{"id":30380,"date":"2022-02-14T05:13:32","date_gmt":"2022-02-14T11:13:32","guid":{"rendered":"https:\/\/diarioavanzada.com.mx\/?p=30380"},"modified":"2022-02-14T05:13:40","modified_gmt":"2022-02-14T11:13:40","slug":"las-tentaciones-del-diablo","status":"publish","type":"post","link":"https:\/\/diarioavanzada.com.mx\/?p=30380","title":{"rendered":"Las tentaciones del Diablo"},"content":{"rendered":"\n<p class=\"wp-block-paragraph\">Columna<br>El puercoesp\u00edn\u00a0<\/p>\n\n\n\n<p class=\"wp-block-paragraph\">Colima bajo metralla, y para colmo de los males, tenemos crisis sobre crisis. El gobierno del estado, ausente desde julio de 2021 hasta esta primera quincena de febrero, padece una profunda crisis pol\u00edtica producto del crack financiero. Una segunda crisis se suma a la anterior producto de la incuria pol\u00edtica del gobierno inepto de Nacho y del gobierno torpe de Indira: la emergente crisis de inseguridad.<\/p>\n\n\n\n<p class=\"wp-block-paragraph\">Colima vive dos crisis simultaneas, superpuestas, que se han convertido &#8211;pasajeramente, esperamos todos&#8211; a Colima en una sucursal del infierno.<\/p>\n\n\n\n<p class=\"wp-block-paragraph\">Y de los creadores de la maleza en llamas ahora intentan limitar la libertad de expresi\u00f3n so pretexto de que la sociedad est\u00e1 cayendo en excesos de libertades. El texto dice:&nbsp; \u201c<strong><em>Hacemos un atento llamado a las y los colimenses para que de forma responsable, verifiquemos la autenticidad de mensajes en audio y\/o video que se est\u00e1n compartiendo en redes sociales o WhatsApp cuyos contenidos no sabemos su origen y no contribuyen en estos momentos al desarrollo armonioso de nuestras actividades diarias.\u201d <\/em><\/strong>Y agregan como remate lapidario <strong><em>\u201cLa corresponsabilidad tambi\u00e9n debe ser nuestro compromiso.\u201d<\/em><\/strong><\/p>\n\n\n\n<p class=\"wp-block-paragraph\">El texto se presenta con una advertencia de importante al inicio y es suscrita por la Secretar\u00eda de Seguridad.<\/p>\n\n\n\n<p class=\"wp-block-paragraph\">No olvidemos que el Gobierno de Colima primero dijo que los acontecimientos eran hechos aislados y en un exceso de indolencia solo atin\u00f3 a decir que la masacre del Cereso hab\u00eda sido un incidente. Despu\u00e9s de una aparici\u00f3n p\u00fablica &#8211;tard\u00eda por cierto&#8211; de la desgobernadora cambi\u00f3 la versi\u00f3n y dijo que se trataba de una disputa entre criminales pertenecientes a distintos c\u00e0rteles. Ahora pretenden cuartar la libertad de expresi\u00f3n apelando a conceptos comedidos&nbsp; como: <em>atento llamado;&nbsp;<\/em> y emp\u00e1ticos como: <em>corresponsabilidad y compromiso<\/em>.<\/p>\n\n\n\n<p class=\"wp-block-paragraph\">En su texto subyace una orden encubierta bajo la forma de s\u00faplica, atenta y comedida, &#8211;tal y como se construyen los imperativos&#8211; ese texto es lo mismo que los letreros que encontramos en los hospitales y restaurantes que dicen \u201cFavor de no fumar\u201d o \u201cGracias por guardar silencio\u201d. Presentan la orden disfrazada de s\u00faplica o ruego.<\/p>\n\n\n\n<p class=\"wp-block-paragraph\">El desgobierno de Indira ahora quiere coartar la libertad de expresi\u00f3n amparado en la emergencia de inseguridad que a todos nos ha puesto en peligro.\u00a0<\/p>\n\n\n\n<p class=\"wp-block-paragraph\">La experiencia nos dice que son preferible los excesos en las libertades que el intento por cuartar las mismas.<\/p>\n\n\n\n<p class=\"wp-block-paragraph\">El mismo presidente est\u00e1 padeciendo los excesos de la libertad de expresi\u00f3n al ser objeto de las mentiras y calumnias de Carlos Loret de Mola que la sociedad misma se est\u00e0 encargando de ponerlo en su lugar, por cierto.<\/p>\n\n\n\n<p class=\"wp-block-paragraph\">Los ciudadanos somos muy capaces de autorregularnos y los que aprovechan estas coyunturas siempre terminan siendo puestos en su lugar. Sin necesidad de limitar las libertades.<\/p>\n\n\n\n<p class=\"wp-block-paragraph\">Qued\u00f3 muy claro que, en el inicio de esta agudizaci\u00f3n de la inseguridad, grupos y personajes perversos trataron &#8211;y seguir\u00e1n intent\u00e1ndolo&#8211; de provocar terror al usar mensajes ap\u00f3crifos de supuestos toques de queda. Y paradogicamente es el propio Gobierno estatal quien termina, intentando limitar las libertades, d\u00e1ndoles la raz\u00f3n a estos perfectos traidores de la sociedad y colaboracionistas de los narcotraficantes.<\/p>\n\n\n\n<p class=\"wp-block-paragraph\">Crisis sobre crisis<\/p>\n\n\n\n<p class=\"wp-block-paragraph\">El periodo final del gobierno de Nacho Peralta hizo emerger una profunda crisis de los poderes p\u00fablicos. El periodo de transici\u00f3n &#8211;del uno de junio a uno de noviembre&#8211; y los primeros cien d\u00edas del actual gobierno pusieron a la vista de los ciudadanos colimenses una profunda crisis pol\u00edtica.<\/p>\n\n\n\n<p class=\"wp-block-paragraph\">El Congreso est\u00e1 a la deriva y navegando entre la frivolidad, la estupidez y la inacci\u00f3n. Para efectos pol\u00edticos y pr\u00e1cticos el Congreso no existe como instancia pol\u00edtica, est\u00e1 desaparecido. Basta ver la agenda de la presidenta de la Jucopo y uno se da cuenta que la muchacha de las tres uves est\u00e1 en Bavia.<\/p>\n\n\n\n<p class=\"wp-block-paragraph\">La crisis de inseguridad, agudizada por el Ejecutivo, vino a poner en jaque a todo Colima, o mejor dicho, a la llamada zona metropolitana del norte del estado: Colima, Villa de \u00c1lvarez y Coquimatl\u00e1n. La parte sur est\u00e1 de carnaval. Colima vive dividido en dos mundos: el de los narcos y el de la fiesta. La capital pol\u00edtica hundida en la zozobra. La capital econ\u00f3mica en el carnaval.<\/p>\n\n\n\n<p class=\"wp-block-paragraph\">El partido Morena no sabe qu\u00e9 crisis atender pues sus partidarios y porra de animaci\u00f3n &#8211;plumas rentadas, lambisconas y buscachambas incluidas&#8211; p\u00fablicamente est\u00e1n manifestando su apoyo a la desgobernadora, pues una lluvia de cr\u00edticas le cayeron encima\u00a0 por su ineptitud y su estado de paralisis; sin embargo, la mayor crisis y de urgente atenci\u00f3n es la crisis de inseguridad que demanda solidaridad de ese partido y \u00e9ste, como buen extraviado se dedic\u00f3 a apoyar a una d\u00e9bil desgobernadora que muy mal parado est\u00e1 dejando al presidente L\u00f3pez Obrador y al movimiento de la Cuarta Transformaci\u00f3n. Quemadota le est\u00e1 propinando la 4T.<\/p>\n\n\n\n<p class=\"wp-block-paragraph\">Las plumas alquiladas, lambisconas y buscachambas solo logran indignar m\u00e1s a la poblaci\u00f3n y tan solo producen falsedades e insultos que hunden m\u00e1s a la desgobernadora. Morena e Indira est\u00e1n en una zona de arenas de movedizas que para donde hagan se hunden. Morena en lugar de apoyar a los ciudadanos apoya a la desgobernadora confundiendo la crisis de seguridad con la crisis pol\u00edtica, o dicho de otra manera, las mete en el mismo costal. Piensan que defendiendo al gobierno la crisis de inseguridad quedar\u00e1 conjurada. Tan solo hacen m\u00e1s evidente la debilidad del desgobierno de Indira.<\/p>\n\n\n\n<p class=\"wp-block-paragraph\">Morena debe apoyar y solidarizarse con la sociedad colimense y dejar para despu\u00e9s su politiquer\u00eda facciosa. Bien hizo Morena cuando puso en su lugar a Viridiana Valencia al llamarle la atenci\u00f3n por su postura autoritaria y fuera de lugar al pedir obediencia a los partidos con representaci\u00f3n proporcional en el Congreso. Esa es la v\u00eda. Es el camino que suma.<\/p>\n\n\n\n<p class=\"wp-block-paragraph\">Transitar por la v\u00eda f\u00e9rrea de la unidad pasa por dos estaciones: la primera se llama humildad y la segunda rectificaci\u00f3n. Sin humildad no es posible rectificar.&nbsp;<\/p>\n\n\n\n<p class=\"wp-block-paragraph\">Crisis de inseguridad<\/p>\n\n\n\n<p class=\"wp-block-paragraph\">El gobierno federal tiene tres a\u00f1os en el poder y seguro provey\u00f3 de informaci\u00f3n al estado de Colima a trav\u00e9s de su Centro Nacional de Inteligencia (CNI); por tanto, es claro que quien no previ\u00f3 ni instrumento medidas operativas para enfrentar al crimen organizado fue el desgobierno de Indira &#8211;tuvieron seis meses para diagnosticar y dise\u00f1ar planes de seguridad&#8211; y adem\u00e1s tienen cien d\u00edas en el gobierno y no instrumentaron nada, eso ya est\u00e0 perfectamente claro. Ese es el reclamo central de la gente. El deterioro hist\u00f3rico de la seguridad es de sobra conocido de quien es la responsabilidad: el Prian.<\/p>\n\n\n\n<p class=\"wp-block-paragraph\">Yo sostengo que de all\u00ed deriva su ineptitud, el no haber operado, en el \u00e1mbito de competencia, su tarea, sus defensores dicen que es muy poco tiempo para juzgarla aunque reconocen que eligi\u00f3 muy mal su gabinete, cosa muy importante, pues ella nombr\u00f3, y por tanto es su responsabilidad, a Lupita Sol\u00eds, Manuel Llerandi, Guillermo Ramos y Julio C\u00e9sar G\u00f3mez.&nbsp; En el fondo sus defensores la condenan inconscientemente, o francamente, son incapaces de observar sus contradicciones. Con esos defensores tiene el fracaso garantizado.<\/p>\n\n\n\n<p class=\"wp-block-paragraph\">Los momentos de crisis ponen a prueba nuestras capacidades y nos dicen de qu\u00e9 estamos hechos. Las evaluaciones subjetivas salen sobrando.<\/p>\n\n\n\n<p class=\"wp-block-paragraph\">Lo verdaderamente interesante es que los partidarios de Morena y del desgobierno de Indira reconocen, de facto, al otorgar un apoyo pol\u00edtico en tiempos de crisis de inseguridad y son evidencias palmarias de un gobierno d\u00e9bil e inoperante. Un gobierno inepto.<\/p>\n\n\n\n<p class=\"wp-block-paragraph\">Buscachambas, empresarios vividores del gobierno y lambiscones estar\u00e1n a la orden para brindar su \u201capoyo incondicional\u201d al d\u00e9bil desgobierno. La debilidad del desgobierno necesita apoyo de quien se lo brinde \u201cdesinteresadamente\u201d.&nbsp;<\/p>\n\n\n\n<p class=\"wp-block-paragraph\">La sociedad hoy los est\u00e1 reprobando y los condenar\u00e1 en el futuro mediato. Pol\u00edticamente los pondr\u00e1 en su lugar en su momento.<\/p>\n\n\n\n<p class=\"wp-block-paragraph\">Tal como sucedi\u00f3 en campa\u00f1a sus partidarios se dedicar\u00e1n, de aqu\u00ed para adelante, a justificar pifias, corrupci\u00f3n, errores y omisiones de este desgobierno. Esa ser\u00e1 la mec\u00e1nica.\u00a0<\/p>\n<div class=\"fb-background-color\">\n\t\t\t  <div \n\t\t\t  \tclass = \"fb-comments\" \n\t\t\t  \tdata-href = \"https:\/\/diarioavanzada.com.mx\/?p=30380\"\n\t\t\t  \tdata-numposts = \"10\"\n\t\t\t  \tdata-lazy = \"true\"\n\t\t\t\tdata-colorscheme = \"light\"\n\t\t\t\tdata-order-by = \"social\"\n\t\t\t\tdata-mobile=true>\n\t\t\t  <\/div><\/div>\n\t\t  <style>\n\t\t    .fb-background-color {\n\t\t\t\tbackground:  !important;\n\t\t\t}\n\t\t\t.fb_iframe_widget_fluid_desktop iframe {\n\t\t\t    width: 100% !important;\n\t\t\t}\n\t\t  <\/style>\n\t\t  ","protected":false},"excerpt":{"rendered":"<p>ColumnaEl puercoesp\u00edn\u00a0 Colima bajo metralla, y para colmo de los males, tenemos crisis sobre crisis. El gobierno del estado, ausente desde julio de 2021 hasta esta primera quincena de febrero, padece una profunda crisis pol\u00edtica producto del crack financiero. Una segunda crisis se suma a la anterior producto de la incuria pol\u00edtica del gobierno inepto [&hellip;]<\/p>\n","protected":false},"author":9,"featured_media":30381,"comment_status":"closed","ping_status":"closed","sticky":false,"template":"","format":"standard","meta":{"_coblocks_attr":"","_coblocks_dimensions":"","_coblocks_responsive_height":"","_coblocks_accordion_ie_support":"","advanced_seo_description":"","jetpack_seo_html_title":"","jetpack_seo_noindex":false,"jetpack_seo_schema_type":"","_jetpack_newsletter_access":"","_jetpack_dont_email_post_to_subs":false,"_jetpack_newsletter_tier_id":0,"_jetpack_memberships_contains_paywalled_content":false,"_wpcom_ai_launchpad_first_post":false,"_jetpack_feature_clip_id":0,"_jetpack_memberships_contains_paid_content":false,"footnotes":"","jetpack_post_was_ever_published":false},"categories":[19,209,24],"tags":[220,210],"class_list":["post-30380","post","type-post","status-publish","format-standard","has-post-thumbnail","hentry","category-colima","category-importantes","category-opinion","tag-opinion","tag-portada"],"jetpack-related-posts":[],"jetpack_sharing_enabled":true,"amp_enabled":true,"jetpack_featured_media_url":"https:\/\/diarioavanzada.com.mx\/wp-content\/uploads\/2022\/02\/image-125.png","_links":{"self":[{"href":"https:\/\/diarioavanzada.com.mx\/index.php?rest_route=\/wp\/v2\/posts\/30380","targetHints":{"allow":["GET"]}}],"collection":[{"href":"https:\/\/diarioavanzada.com.mx\/index.php?rest_route=\/wp\/v2\/posts"}],"about":[{"href":"https:\/\/diarioavanzada.com.mx\/index.php?rest_route=\/wp\/v2\/types\/post"}],"author":[{"embeddable":true,"href":"https:\/\/diarioavanzada.com.mx\/index.php?rest_route=\/wp\/v2\/users\/9"}],"replies":[{"embeddable":true,"href":"https:\/\/diarioavanzada.com.mx\/index.php?rest_route=%2Fwp%2Fv2%2Fcomments&post=30380"}],"version-history":[{"count":0,"href":"https:\/\/diarioavanzada.com.mx\/index.php?rest_route=\/wp\/v2\/posts\/30380\/revisions"}],"wp:featuredmedia":[{"embeddable":true,"href":"https:\/\/diarioavanzada.com.mx\/index.php?rest_route=\/wp\/v2\/media\/30381"}],"wp:attachment":[{"href":"https:\/\/diarioavanzada.com.mx\/index.php?rest_route=%2Fwp%2Fv2%2Fmedia&parent=30380"}],"wp:term":[{"taxonomy":"category","embeddable":true,"href":"https:\/\/diarioavanzada.com.mx\/index.php?rest_route=%2Fwp%2Fv2%2Fcategories&post=30380"},{"taxonomy":"post_tag","embeddable":true,"href":"https:\/\/diarioavanzada.com.mx\/index.php?rest_route=%2Fwp%2Fv2%2Ftags&post=30380"}],"curies":[{"name":"wp","href":"https:\/\/api.w.org\/{rel}","templated":true}]}}