{"id":30202,"date":"2022-02-07T07:54:54","date_gmt":"2022-02-07T13:54:54","guid":{"rendered":"https:\/\/diarioavanzada.com.mx\/?p=30202"},"modified":"2022-02-07T07:57:12","modified_gmt":"2022-02-07T13:57:12","slug":"vvv-la-mayorias-son-para-gobernar-y-las-minorias-para-obedecer","status":"publish","type":"post","link":"https:\/\/diarioavanzada.com.mx\/?p=30202","title":{"rendered":"VVV: \u201cLa mayor\u00edas son para gobernar y las minor\u00edas para obedecer\u201d"},"content":{"rendered":"\n<p class=\"wp-block-paragraph\">Columna<br>El puercoesp\u00edn \u00a0<\/p>\n\n\n\n<p class=\"wp-block-paragraph\">Mandar obedeciendo. Es la consigna del Ej\u00e9rcito Zapatista de Liberaci\u00f3n Nacional. La expresi\u00f3n es la b\u00fasqueda de la utop\u00eda de una sociedad justa y equitativa donde todos quepan, donde nadie quede excluido. Es la expresi\u00f3n de un noble ideal que busca la realizaci\u00f3n de la democracia.<\/p>\n\n\n\n<p class=\"wp-block-paragraph\">En la profunda crisis que atraviesa nuestro estado no pod\u00eda faltar el toque autoritario y aniquilador de las minor\u00edas que, mas que venir de una intenci\u00f3n autoria,\u00a0tiene su origen en la precariedad pol\u00edtica y en la ignorancia de su autora.<\/p>\n\n\n\n<p class=\"wp-block-paragraph\">En 1968 M\u00e9xico se parti\u00f3 en dos a ra\u00edz de los acontecimientos del dos de octubre: entre los ricos, poderosos y controladores de la econom\u00eda y el poder pol\u00edtico y los pobres excluidos de las decisiones pol\u00edticas y una clase media mermada y pauperizada. La respuesta de la izquierda tambi\u00e9n se concentr\u00f3 en dos polos: los que buscaron la democratizaci\u00f3n del pa\u00eds por la v\u00eda electoral y quienes optaron por la guerrilla.&nbsp;<\/p>\n\n\n\n<p class=\"wp-block-paragraph\">En los a\u00f1os setentas el Estado mexicano libr\u00f3 &#8211;contra la oposici\u00f3n de izquierda&#8211; lo que se denomin\u00f3 la&nbsp; \u201cGuerra sucia\u201d y termin\u00f3 por masacrar a las guerrillas de Lucio Caba\u00f1as y de Genaro V\u00e1zquez Rojas. Hasta la fecha no se ha hecho una investigaci\u00f3n que d\u00e9 claridad sobre esos hechos, pero lo \u00fanico cierto es que muchos mexicanos fueron matados por un Estado autoritario y corporativo. En ese M\u00e9xico, pensar diferente, era motivo suficiente para perder la libertad y la vida. Ese fue el destino de la izquierda revolucionaria que opt\u00f3 por la v\u00eda armada.<\/p>\n\n\n\n<p class=\"wp-block-paragraph\">Otra conjunto de las izquierdas opt\u00f3 por la v\u00eda electoral. Asumi\u00f3 que la v\u00eda armada era inviable y que su opci\u00f3n correcta era la v\u00eda electoral para alcanzar el poder y, en consecuencia, lograr los cambios que M\u00e9xico demandaba para conquistar el bienestar a las mayor\u00edas.<\/p>\n\n\n\n<p class=\"wp-block-paragraph\">El Partido Comunista Mexicano fue el partido que encabez\u00f3 esta v\u00eda y producto de sus luchas, y de todas las dem\u00e1s izquierdas, se logr\u00f3 la inclusi\u00f3n de los partidos, de verdadera oposici\u00f3n, los de izquierda, a la vida pol\u00edtica nacional, de la cual estaban excluidos.&nbsp;<\/p>\n\n\n\n<p class=\"wp-block-paragraph\">En las&nbsp;elecciones de 1976&nbsp;el PCM postul\u00f3 como candidato presidencial al l\u00edder ferrocarrilero&nbsp;Valent\u00edn Campa Salazar. Recibi\u00f3 alrededor de un mill\u00f3n de votos, los cuales, debido a la falta de registro legal del candidato, no fueron v\u00e1lidos oficialmente. En consecuencia y como un paso necesario ante los conflictos pol\u00edticos del pa\u00eds, el secretario de Gobernaci\u00f3n&nbsp;Jes\u00fas Reyes Heroles&nbsp;emprendi\u00f3 negociaciones con las organizaciones de izquierda que desembocaron en la amplia&nbsp;reforma pol\u00edtica de 1977&nbsp;que le otorg\u00f3 el 3 de mayo de 1978 el registro al PCM y a otros partidos pol\u00edticos de izquierda, lo que les permiti\u00f3 participar en las&nbsp;elecciones legislativas de 1979 y lograr ganar 18 diputados federales <strong>por representaci\u00f3n proporcional en la LI Legislatura.<\/strong><\/p>\n\n\n\n<p class=\"wp-block-paragraph\">El PRT, otro gran referente de la izquierda revolucionaria, obtuvo su registro legal en 1979, participando en las elecciones presidenciales de 1982 con la candidatura de Rosario Ibarra de Piedra. En 1988, en alianza con organizaciones de izquierda, constituy\u00f3 una coalici\u00f3n denominada Unidad Obrera Campesina Popular, logrando obtener una fracci\u00f3n parlamentaria. Es decir que su representaci\u00f3n en la C\u00e1mara de Diputados fue de <strong>representaci\u00f3n proporcional<\/strong>.&nbsp;<\/p>\n\n\n\n<p class=\"wp-block-paragraph\">La cerraz\u00f3n de los medios, la falta de apertura pol\u00edtica, el corporativismo sindical y el manejo de la elecci\u00f3n que, hoy en d\u00eda, est\u00e1 m\u00e1s que demostrado que eran fraudulentas, no reconoc\u00eda ni le permit\u00edan a los verdaderos partidos pol\u00edticos independientes del Estado ganara posiciones pol\u00edticas de mayor\u00eda. La representaci\u00f3n proporcional era el \u00fanico espacio que garantizaba la representaci\u00f3n de las minor\u00edas que no contaban con expresiones ni en los sindicatos ni en ning\u00fan nivel de gobierno. El haber ocupado estos espacios fue una forma de que la izquierda avanzara y lograra romper el autoritarismo y el sistema de partido de Estado.<\/p>\n\n\n\n<p class=\"wp-block-paragraph\">Arnoldo Mart\u00ednez Verdugo, Pablo G\u00f3mez, Heberto Castillo Mart\u00ednez, Rosario Ibarra de Piedra, Pedro Pe\u00f1aloza, entre otros, fueron grandes parlamentarios de izquierda que dieron catedra del pensamiento de izquierda y de parlamentarismo.<\/p>\n\n\n\n<p class=\"wp-block-paragraph\">El PRI de entonces solo se dedicaba a aplicar la aplanadora &#8211;ejercer su mayor\u00eda absoluta&#8211; y a combatir los argumentos de la izquierda con insultos, gritos y hasta agresiones f\u00edsicas. La izquierda se abri\u00f3 paso entre el autoritarismo y la hegemon\u00eda impulsando una cultura parlamentaria que nos condujo al rompimiento de la hegemon\u00eda del Prian.<\/p>\n\n\n\n<p class=\"wp-block-paragraph\">De Viridiana, la ignorancia es su fuerza<\/p>\n\n\n\n<p class=\"wp-block-paragraph\">A Viridiana Valencia le dio por insultar y descalificar a los diputados que no comulgan con sus ideas porque ella es mayor\u00eda y manda, luego entonces, todos deben obedecer. Se comporta exactamente igual que los diputados del PRI y del PAN en su momento. Despreciando las minor\u00edas porque no piensan como ella. Ella reivindica por la v\u00eda de sus dichos y hechos el autoritarismo unipartidista.<\/p>\n\n\n\n<p class=\"wp-block-paragraph\">Para empezar, ella no es mayor\u00eda simple. Ella representa una primera minor\u00eda. Su mayor\u00eda es leg\u00edtima y legal con la concurrencia de los diputados de representaci\u00f3n proporcional del Panal, el Verde y Encuentro Solidario (que ociosamente insulta, por cierto).<\/p>\n\n\n\n<p class=\"wp-block-paragraph\">Los insultos de Viridiana nos dicen que es una mujer que carece de temple, de oficio pol\u00edtico y es una perfecta ignorante de la Historia.<\/p>\n\n\n\n<p class=\"wp-block-paragraph\">El Congreso es un espacio para debatir, para que los miembros de los diversos partidos expresen sus ideas, sus argumentos y posturas ideol\u00f3gicas; para que cada uno de ellos lleve a ese foro las voces, de acuerdo a la votaci\u00f3n obtenida; las representaciones proporcionales son la expresi\u00f3n, nos guste o no, de minor\u00edas que existen y tienen derecho a existir y tener representaci\u00f3n en el Congreso. Voz que, en su momento, las derechas nos negaron, nag\u00e1ndonos nuestra existencia y nuestro espacio de la sociedad mexicana. La izquierda no puede ni negar ni eliminar su existencia. Repetir la historia es propio de ignorante y reaccionarios.<\/p>\n\n\n\n<p class=\"wp-block-paragraph\">Y le gusto o no a Viridiana los tiene que respetar, escuchar y dialogar. Porque son colimenses existen y tienen una forma distinta de pensar. La derecha por mucho tiempo le neg\u00f3 a la gente progresista su existencia. Eso debe quedar en el pasado: la patria es para todos.<\/p>\n\n\n\n<p class=\"wp-block-paragraph\">El Prian en sus momento neg\u00f3 la existencia de la izquierda, por ende, la Historia los puso fuera de los centros del poder, pero la izquierda no puede comportarse con la brutalidad que antes la trataron. La pol\u00edtica es para avanzar hacia estadios de convivencia pol\u00edtica superiores y m\u00e1s civilizados.<\/p>\n\n\n\n<p class=\"wp-block-paragraph\">La fracci\u00f3n parlamentaria de Morena ha institucionalizado el insulto como m\u00e9todo&nbsp; de debate, la descalificaci\u00f3n como argumento y la aplanadora como forma de convencimiento. La izquierda no puede ni debe usar los m\u00e9todos de antes para imponer sus pol\u00edticas. La izquierda debe convencer y vencer en el debate de ideas y de principios.<\/p>\n\n\n\n<p class=\"wp-block-paragraph\">Las fracciones parlamentarias de los partidos Comunista, Socialista Unificado y Revolucionario de los trabajadores fueran insultadas, aplanadas por las mayor\u00edas artificiales, y aun as\u00ed, no se rindieron. Gracias a las luchas del PCM, Psum y PRT esta fracci\u00f3n de Morena es y est\u00e1 en el Congreso colimense; sin embargo, su actitud y sus pr\u00e1cticas groseras, antiparlamentarias y autoritarias nada tienen que ver con sus or\u00edgenes.&nbsp;<\/p>\n\n\n\n<p class=\"wp-block-paragraph\">Los actuales miembros de la oposici\u00f3n deben ser respetadas porque en el fondo representan gente que vot\u00f3 por ellos y esa representaci\u00f3n debe ser o\u00eddas, nos guste o no. Porque existen y son diversas formas de pensar.\u00a0<\/p>\n\n\n\n<p class=\"wp-block-paragraph\">La oposici\u00f3n que se autodefini\u00f3 como <strong>desobediente<\/strong> tambi\u00e9n deber\u00eda tomar m\u00e1s en serio lo ocurrido en el Congreso e ir m\u00e1s all\u00e1 de tomarse una selfi y tomarla tan a la ligera.<\/p>\n\n\n\n<p class=\"wp-block-paragraph\">La b\u00fasqueda de callar a la oposici\u00f3n por la v\u00eda autoria, nos parece, ahora, muy chistosa y poco digna de ser tomada en cuenta, pero la verdad es que la ignorancia y la ineptitud de quienes est\u00e1n al frente del Poder Legislativo y Ejecutivo est\u00e1n tomando un tinte muy preocupante y quiz\u00e1 en el futuro mediato, o a largo plazo, tengamos una situaci\u00f3n de descomposici\u00f3n y sea, para entonces, demasiado tarde para preguntarnos c\u00f3mo dejamos llegar estas formas degradativas de la pol\u00edtica.&nbsp;<\/p>\n\n\n\n<p class=\"wp-block-paragraph\">La verdad es que el giro autoritario de Viridiana y el grupo parlamentario de Morena que basa&nbsp; autoritarismo en la ignorancia, mismo que no prosperar\u00e1, porque el pueblo de Colima es mucha pieza para una pol\u00edtica de tanta baja calidad humana.<\/p>\n\n\n\n<p class=\"wp-block-paragraph\">La ignorancia y el perfil de los pol\u00edticos de Morena en el Poder Ejecutivo y el Legislativo es tan bajo que es m\u00e1s atendible observar su outfit, pues sus pr\u00e1cticas pol\u00edticas est\u00e1n en la antesala del fascismo.&nbsp;<\/p>\n\n\n\n<p class=\"wp-block-paragraph\">Yo prefiera la m\u00e1xima del EZLN: el gobierno debe mandar obedeciendo.\u00a0<br><br><em>*Fotograf\u00eda tomada de Facebook.<\/em><\/p>\n<div class=\"fb-background-color\">\n\t\t\t  <div \n\t\t\t  \tclass = \"fb-comments\" \n\t\t\t  \tdata-href = \"https:\/\/diarioavanzada.com.mx\/?p=30202\"\n\t\t\t  \tdata-numposts = \"10\"\n\t\t\t  \tdata-lazy = \"true\"\n\t\t\t\tdata-colorscheme = \"light\"\n\t\t\t\tdata-order-by = \"social\"\n\t\t\t\tdata-mobile=true>\n\t\t\t  <\/div><\/div>\n\t\t  <style>\n\t\t    .fb-background-color {\n\t\t\t\tbackground:  !important;\n\t\t\t}\n\t\t\t.fb_iframe_widget_fluid_desktop iframe {\n\t\t\t    width: 100% !important;\n\t\t\t}\n\t\t  <\/style>\n\t\t  ","protected":false},"excerpt":{"rendered":"<p>ColumnaEl puercoesp\u00edn \u00a0 Mandar obedeciendo. Es la consigna del Ej\u00e9rcito Zapatista de Liberaci\u00f3n Nacional. La expresi\u00f3n es la b\u00fasqueda de la utop\u00eda de una sociedad justa y equitativa donde todos quepan, donde nadie quede excluido. Es la expresi\u00f3n de un noble ideal que busca la realizaci\u00f3n de la democracia. En la profunda crisis que atraviesa [&hellip;]<\/p>\n","protected":false},"author":9,"featured_media":30203,"comment_status":"closed","ping_status":"closed","sticky":false,"template":"","format":"standard","meta":{"_coblocks_attr":"","_coblocks_dimensions":"","_coblocks_responsive_height":"","_coblocks_accordion_ie_support":"","advanced_seo_description":"","jetpack_seo_html_title":"","jetpack_seo_noindex":false,"jetpack_seo_schema_type":"","_jetpack_newsletter_access":"","_jetpack_dont_email_post_to_subs":false,"_jetpack_newsletter_tier_id":0,"_jetpack_memberships_contains_paywalled_content":false,"_wpcom_ai_launchpad_first_post":false,"_jetpack_feature_clip_id":0,"_jetpack_memberships_contains_paid_content":false,"footnotes":"","jetpack_post_was_ever_published":false},"categories":[19,209,24],"tags":[220,210],"class_list":["post-30202","post","type-post","status-publish","format-standard","has-post-thumbnail","hentry","category-colima","category-importantes","category-opinion","tag-opinion","tag-portada"],"jetpack-related-posts":[],"jetpack_sharing_enabled":true,"amp_enabled":true,"jetpack_featured_media_url":"https:\/\/diarioavanzada.com.mx\/wp-content\/uploads\/2022\/02\/Viridiana-Valencia.jpg","_links":{"self":[{"href":"https:\/\/diarioavanzada.com.mx\/index.php?rest_route=\/wp\/v2\/posts\/30202","targetHints":{"allow":["GET"]}}],"collection":[{"href":"https:\/\/diarioavanzada.com.mx\/index.php?rest_route=\/wp\/v2\/posts"}],"about":[{"href":"https:\/\/diarioavanzada.com.mx\/index.php?rest_route=\/wp\/v2\/types\/post"}],"author":[{"embeddable":true,"href":"https:\/\/diarioavanzada.com.mx\/index.php?rest_route=\/wp\/v2\/users\/9"}],"replies":[{"embeddable":true,"href":"https:\/\/diarioavanzada.com.mx\/index.php?rest_route=%2Fwp%2Fv2%2Fcomments&post=30202"}],"version-history":[{"count":0,"href":"https:\/\/diarioavanzada.com.mx\/index.php?rest_route=\/wp\/v2\/posts\/30202\/revisions"}],"wp:featuredmedia":[{"embeddable":true,"href":"https:\/\/diarioavanzada.com.mx\/index.php?rest_route=\/wp\/v2\/media\/30203"}],"wp:attachment":[{"href":"https:\/\/diarioavanzada.com.mx\/index.php?rest_route=%2Fwp%2Fv2%2Fmedia&parent=30202"}],"wp:term":[{"taxonomy":"category","embeddable":true,"href":"https:\/\/diarioavanzada.com.mx\/index.php?rest_route=%2Fwp%2Fv2%2Fcategories&post=30202"},{"taxonomy":"post_tag","embeddable":true,"href":"https:\/\/diarioavanzada.com.mx\/index.php?rest_route=%2Fwp%2Fv2%2Ftags&post=30202"}],"curies":[{"name":"wp","href":"https:\/\/api.w.org\/{rel}","templated":true}]}}