{"id":30052,"date":"2022-02-02T07:49:10","date_gmt":"2022-02-02T13:49:10","guid":{"rendered":"https:\/\/diarioavanzada.com.mx\/?p=30052"},"modified":"2022-02-02T07:49:19","modified_gmt":"2022-02-02T13:49:19","slug":"en-cuatro-dias-se-reportaron-mil-600-casos-de-covid-19-en-colima","status":"publish","type":"post","link":"https:\/\/diarioavanzada.com.mx\/?p=30052","title":{"rendered":"En cuatro d\u00edas se reportaron mil 600 casos de Covid-19 en Colima"},"content":{"rendered":"\n<p class=\"wp-block-paragraph\">Colima, M\u00e9xico, Avanzada (02\/02\/2022).- En los \u00faltimos cuatro d\u00edas, en Colima se reportaron\u00a0mil 644 casos positivos de Covid-19. La cifra evidencia que la epidemia no est\u00e1 controlada, por lo que la secretar\u00eda de Salud reiter\u00f3 su llamado a restringir las actividades p\u00fablicas y a garantizar las medidas de sana distancia.<\/p>\n\n\n\n<p class=\"wp-block-paragraph\">Debido al incremento de casos, en las \u00faltimas horas el Cabildo de Villa de \u00c1lvarez pospuso las fiestas charrotaurinas programadas para los pr\u00f3ximos d\u00edas con la finalidad de evitar un incremento en los contagios.<\/p>\n\n\n\n<p class=\"wp-block-paragraph\">Tambi\u00e9n, el Consejo Ciudadano para el Desarrollo Integral de Villa de \u00c1lvarez (CCDVA) suspendi\u00f3 la semana cultural que ten\u00eda programada y anunci\u00f3 una posible reprogramaci\u00f3n.<\/p>\n\n\n\n<p class=\"wp-block-paragraph\">Esta semana, la secretaria de Salud en la entidad, Martha Espinosa Mej\u00eda demand\u00f3&nbsp;el cumplimiento de las medidas acordadas cuando el sem\u00e1foro epidemiol\u00f3gico est\u00e9 en naranja, como el cierre de bares y la suspensi\u00f3n de actividades recreativas.<\/p>\n\n\n\n<p class=\"wp-block-paragraph\">Adem\u00e1s, de una disminuci\u00f3n del aforo en aquellos establecimientos que se consideren como esenciales y no esenciales.<\/p>\n\n\n\n<p class=\"wp-block-paragraph\">La funcionaria estatal se\u00f1al\u00f3 que si bien en Colima existe una prevalencia de casos relacionados con la variante \u00d3mnicron, tambi\u00e9n han detectado contagios de la variante Delta, la cual es m\u00e1s agresiva y la causante de la mayor\u00eda de hospitalizaciones que se registraron durante el verano del 2021.<\/p>\n\n\n\n<p class=\"wp-block-paragraph\">La titular de Salud refiri\u00f3 que en estos momentos, el nivel de contagios en la entidad es alto, y en pocas semanas la entidad transit\u00f3 del sem\u00e1foro epidemiol\u00f3gico verde al naranja.<\/p>\n<div class=\"fb-background-color\">\n\t\t\t  <div \n\t\t\t  \tclass = \"fb-comments\" \n\t\t\t  \tdata-href = \"https:\/\/diarioavanzada.com.mx\/?p=30052\"\n\t\t\t  \tdata-numposts = \"10\"\n\t\t\t  \tdata-lazy = \"true\"\n\t\t\t\tdata-colorscheme = \"light\"\n\t\t\t\tdata-order-by = \"social\"\n\t\t\t\tdata-mobile=true>\n\t\t\t  <\/div><\/div>\n\t\t  <style>\n\t\t    .fb-background-color {\n\t\t\t\tbackground:  !important;\n\t\t\t}\n\t\t\t.fb_iframe_widget_fluid_desktop iframe {\n\t\t\t    width: 100% !important;\n\t\t\t}\n\t\t  <\/style>\n\t\t  ","protected":false},"excerpt":{"rendered":"<p>Colima, M\u00e9xico, Avanzada (02\/02\/2022).- En los \u00faltimos cuatro d\u00edas, en Colima se reportaron\u00a0mil 644 casos positivos de Covid-19. La cifra evidencia que la epidemia no est\u00e1 controlada, por lo que la secretar\u00eda de Salud reiter\u00f3 su llamado a restringir las actividades p\u00fablicas y a garantizar las medidas de sana distancia. Debido al incremento de casos, [&hellip;]<\/p>\n","protected":false},"author":5,"featured_media":30053,"comment_status":"closed","ping_status":"closed","sticky":false,"template":"","format":"standard","meta":{"_coblocks_attr":"","_coblocks_dimensions":"","_coblocks_responsive_height":"","_coblocks_accordion_ie_support":"","advanced_seo_description":"","jetpack_seo_html_title":"","jetpack_seo_noindex":false,"jetpack_seo_schema_type":"","_jetpack_newsletter_access":"","_jetpack_dont_email_post_to_subs":false,"_jetpack_newsletter_tier_id":0,"_jetpack_memberships_contains_paywalled_content":false,"_wpcom_ai_launchpad_first_post":false,"_jetpack_feature_clip_id":0,"_jetpack_memberships_contains_paid_content":false,"footnotes":"","jetpack_post_was_ever_published":false},"categories":[19,209,27],"tags":[300,210,218],"class_list":["post-30052","post","type-post","status-publish","format-standard","has-post-thumbnail","hentry","category-colima","category-importantes","category-salud","tag-covid-19","tag-portada","tag-salud"],"jetpack-related-posts":[],"jetpack_sharing_enabled":true,"amp_enabled":true,"jetpack_featured_media_url":"https:\/\/diarioavanzada.com.mx\/wp-content\/uploads\/2022\/02\/image-19.png","_links":{"self":[{"href":"https:\/\/diarioavanzada.com.mx\/index.php?rest_route=\/wp\/v2\/posts\/30052","targetHints":{"allow":["GET"]}}],"collection":[{"href":"https:\/\/diarioavanzada.com.mx\/index.php?rest_route=\/wp\/v2\/posts"}],"about":[{"href":"https:\/\/diarioavanzada.com.mx\/index.php?rest_route=\/wp\/v2\/types\/post"}],"author":[{"embeddable":true,"href":"https:\/\/diarioavanzada.com.mx\/index.php?rest_route=\/wp\/v2\/users\/5"}],"replies":[{"embeddable":true,"href":"https:\/\/diarioavanzada.com.mx\/index.php?rest_route=%2Fwp%2Fv2%2Fcomments&post=30052"}],"version-history":[{"count":0,"href":"https:\/\/diarioavanzada.com.mx\/index.php?rest_route=\/wp\/v2\/posts\/30052\/revisions"}],"wp:featuredmedia":[{"embeddable":true,"href":"https:\/\/diarioavanzada.com.mx\/index.php?rest_route=\/wp\/v2\/media\/30053"}],"wp:attachment":[{"href":"https:\/\/diarioavanzada.com.mx\/index.php?rest_route=%2Fwp%2Fv2%2Fmedia&parent=30052"}],"wp:term":[{"taxonomy":"category","embeddable":true,"href":"https:\/\/diarioavanzada.com.mx\/index.php?rest_route=%2Fwp%2Fv2%2Fcategories&post=30052"},{"taxonomy":"post_tag","embeddable":true,"href":"https:\/\/diarioavanzada.com.mx\/index.php?rest_route=%2Fwp%2Fv2%2Ftags&post=30052"}],"curies":[{"name":"wp","href":"https:\/\/api.w.org\/{rel}","templated":true}]}}