{"id":29987,"date":"2022-01-31T11:37:58","date_gmt":"2022-01-31T17:37:58","guid":{"rendered":"https:\/\/diarioavanzada.com.mx\/?p=29987"},"modified":"2022-01-31T11:38:09","modified_gmt":"2022-01-31T17:38:09","slug":"solo-9-agentes-investigan-la-desaparicion-de-3-mil-personas-en-colima","status":"publish","type":"post","link":"https:\/\/diarioavanzada.com.mx\/?p=29987","title":{"rendered":"S\u00f3lo 9 agentes investigan la desaparici\u00f3n de 3 mil personas en Colima"},"content":{"rendered":"\n<p class=\"wp-block-paragraph\">Colima, M\u00e9xico, Avanzada (31\/01\/2022).- En Colima existen m\u00e1s de 3 mil personas desaparecidas, seg\u00fan los datos oficiales, pero \u00fanicamente nueve Ministerios P\u00fablicos son los encargados de hacer las investigaciones, lo que pr\u00e1cticamente impide que los casos se resuelvan con prontitud o reporten avances.<\/p>\n\n\n\n<p class=\"wp-block-paragraph\">Lo anterior significa que cada uno de los agentes disponibles tienen a su cargo un total de 333 carpetas de investigaci\u00f3n, en caso de que todos los familiares de desaparecidos hayan presentado una denuncia ante el Ministerio P\u00fablico.<\/p>\n\n\n\n<p class=\"wp-block-paragraph\">Ante este hecho, la presidenta de la Red de Personas Desaparecidas, Carmen Sep\u00falveda G\u00f3mez se\u00f1al\u00f3 que sostendr\u00e1n una reuni\u00f3n con el Fiscal General del Estado Bryan Alejandro Garc\u00eda Ram\u00edrez con la finalidad de solicitarle que incremente el n\u00famero de agentes investigadores para el caso de desaparecidos.<\/p>\n\n\n\n<p class=\"wp-block-paragraph\">Adem\u00e1s, tambi\u00e9n le solicitar\u00e1n que se agilice la identificaci\u00f3n de los cuerpos en el SEMEFO y la pronta entrega a los familiares de la v\u00edctima, \u201cson puntos que estamos afinando y de los cuales no quisiera ahondar mucho hasta que los abordemos con \u00e9l, pero van en ese sentido: mejorar las condiciones del SEMEFO para agilizar los procedimiento e incrementar el n\u00famero de elementos que investiguen\u201d, dijo.<\/p>\n\n\n\n<p class=\"wp-block-paragraph\">Explic\u00f3 que tambi\u00e9n solicitaron una reuni\u00f3n con la gobernadora Indira Vizca\u00edno Silva el pasado 10 de enero, pero hasta la fecha no han recibido una respuesta a su petici\u00f3n.<\/p>\n\n\n\n<p class=\"wp-block-paragraph\">\u201cConfiamos en tener el encuentro pronto porque hay varios aspectos que tratar con ella. La desaparici\u00f3n de personas, lamentablemente es un asunto muy dif\u00edcil y delicado y no ha parado\u201d, dijo.<\/p>\n\n\n\n<p class=\"wp-block-paragraph\">No obstante, reconoci\u00f3 que la nueva comisionada Estatal de B\u00fasqueda, Carmen Virgen Quiles, desde que asumi\u00f3 el cargo se comunic\u00f3 con los integrantes de la RED para tener un acercamiento y establecer una forma de trabajo, \u201cnos ha acompa\u00f1ado a las b\u00fasquedas y eso es importante porque es un cambio radical de c\u00f3mo nos trataba la anterior comisionada\u201d.<\/p>\n\n\n\n<p class=\"wp-block-paragraph\">Al cuestionarle si hay alg\u00fan municipio con m\u00e1s problemas de desaparecidos, la presidenta de la RED sentenci\u00f3 que pr\u00e1cticamente en todo el estado existen casos, \u201cpero hay personas que no denuncian y a\u00fan as\u00ed vemos que la situaci\u00f3n est\u00e1 muy grave\u201d.<\/p>\n\n\n\n<p class=\"wp-block-paragraph\">El pasado&nbsp;19 de noviembre, la reci\u00e9n nombrada Comisionada Estatal de B\u00fasqueda de Personas, Carmen Virgen Quiles inform\u00f3 que en los \u00faltimos cinco a\u00f1os hab\u00edan desaparecido 3 mil 200 personas.&nbsp;<\/p>\n<div class=\"fb-background-color\">\n\t\t\t  <div \n\t\t\t  \tclass = \"fb-comments\" \n\t\t\t  \tdata-href = \"https:\/\/diarioavanzada.com.mx\/?p=29987\"\n\t\t\t  \tdata-numposts = \"10\"\n\t\t\t  \tdata-lazy = \"true\"\n\t\t\t\tdata-colorscheme = \"light\"\n\t\t\t\tdata-order-by = \"social\"\n\t\t\t\tdata-mobile=true>\n\t\t\t  <\/div><\/div>\n\t\t  <style>\n\t\t    .fb-background-color {\n\t\t\t\tbackground:  !important;\n\t\t\t}\n\t\t\t.fb_iframe_widget_fluid_desktop iframe {\n\t\t\t    width: 100% !important;\n\t\t\t}\n\t\t  <\/style>\n\t\t  ","protected":false},"excerpt":{"rendered":"<p>Colima, M\u00e9xico, Avanzada (31\/01\/2022).- En Colima existen m\u00e1s de 3 mil personas desaparecidas, seg\u00fan los datos oficiales, pero \u00fanicamente nueve Ministerios P\u00fablicos son los encargados de hacer las investigaciones, lo que pr\u00e1cticamente impide que los casos se resuelvan con prontitud o reporten avances. Lo anterior significa que cada uno de los agentes disponibles tienen a [&hellip;]<\/p>\n","protected":false},"author":5,"featured_media":29988,"comment_status":"closed","ping_status":"closed","sticky":false,"template":"","format":"standard","meta":{"_coblocks_attr":"","_coblocks_dimensions":"","_coblocks_responsive_height":"","_coblocks_accordion_ie_support":"","_crdt_document":"","advanced_seo_description":"","jetpack_seo_html_title":"","jetpack_seo_noindex":false,"_jetpack_memberships_contains_paid_content":false,"footnotes":""},"categories":[19,209,231],"tags":[210],"class_list":["post-29987","post","type-post","status-publish","format-standard","has-post-thumbnail","hentry","category-colima","category-importantes","category-seguridad","tag-portada"],"jetpack_featured_media_url":"https:\/\/diarioavanzada.com.mx\/wp-content\/uploads\/2022\/01\/image-297.png","jetpack-related-posts":[],"jetpack_sharing_enabled":true,"amp_enabled":true,"_links":{"self":[{"href":"https:\/\/diarioavanzada.com.mx\/index.php?rest_route=\/wp\/v2\/posts\/29987","targetHints":{"allow":["GET"]}}],"collection":[{"href":"https:\/\/diarioavanzada.com.mx\/index.php?rest_route=\/wp\/v2\/posts"}],"about":[{"href":"https:\/\/diarioavanzada.com.mx\/index.php?rest_route=\/wp\/v2\/types\/post"}],"author":[{"embeddable":true,"href":"https:\/\/diarioavanzada.com.mx\/index.php?rest_route=\/wp\/v2\/users\/5"}],"replies":[{"embeddable":true,"href":"https:\/\/diarioavanzada.com.mx\/index.php?rest_route=%2Fwp%2Fv2%2Fcomments&post=29987"}],"version-history":[{"count":0,"href":"https:\/\/diarioavanzada.com.mx\/index.php?rest_route=\/wp\/v2\/posts\/29987\/revisions"}],"wp:featuredmedia":[{"embeddable":true,"href":"https:\/\/diarioavanzada.com.mx\/index.php?rest_route=\/wp\/v2\/media\/29988"}],"wp:attachment":[{"href":"https:\/\/diarioavanzada.com.mx\/index.php?rest_route=%2Fwp%2Fv2%2Fmedia&parent=29987"}],"wp:term":[{"taxonomy":"category","embeddable":true,"href":"https:\/\/diarioavanzada.com.mx\/index.php?rest_route=%2Fwp%2Fv2%2Fcategories&post=29987"},{"taxonomy":"post_tag","embeddable":true,"href":"https:\/\/diarioavanzada.com.mx\/index.php?rest_route=%2Fwp%2Fv2%2Ftags&post=29987"}],"curies":[{"name":"wp","href":"https:\/\/api.w.org\/{rel}","templated":true}]}}