{"id":29902,"date":"2022-01-29T09:12:07","date_gmt":"2022-01-29T15:12:07","guid":{"rendered":"https:\/\/diarioavanzada.com.mx\/?p=29902"},"modified":"2022-01-29T09:17:34","modified_gmt":"2022-01-29T15:17:34","slug":"aprendo-matematicas-la-musica-de-los-numeros","status":"publish","type":"post","link":"https:\/\/diarioavanzada.com.mx\/?p=29902","title":{"rendered":"<strong>Aprendo matem\u00e1ticas: La m\u00fasica de los n\u00fameros<\/strong>"},"content":{"rendered":"\n<p class=\"wp-block-paragraph\"><strong><em>\u201cLa mente musical es aliada de la matem\u00e1tica\u201d Juan Villoro.<\/em><\/strong><\/p>\n\n\n\n<p class=\"wp-block-paragraph\">La mayor\u00eda de las personas creen que los n\u00fameros y la m\u00fasica no tienen relaci\u00f3n alguna, sin embargo, su lazo es muy estrecho, desde los tiempos de Pit\u00e1goras, los grandes matem\u00e1ticos eran atra\u00eddos por las notas musicales. Aunque Pit\u00e1goras en el siglo VI a.n.e. no se consideraba un m\u00fasico profesional, tocaba la lira para investigar los sonidos y sus conecones con la aritm\u00e9tica. Pit\u00e1goras y los matem\u00e1ticos de su escuela descubren las relaciones num\u00e9ricas de los intervalos musicales y encuentran las primeras leyes de la ac\u00fastica\u201d (Russi\u00f1ol, 2017), considerada \u00e9sta una rama de la f\u00edsica encargada del estudio de la generaci\u00f3n y transmisi\u00f3n del sonido.<\/p>\n\n\n\n<p class=\"wp-block-paragraph\">La ac\u00fastica musical \u201ces una ciencia que estudia las se\u00f1ales ac\u00fasticas utilizadas en m\u00fasica\u201d y seg\u00fan la Real Academia Espa\u00f1ola define m\u00fasica como la \u201cmelod\u00eda, ritmo y armon\u00eda combinados. Sucesi\u00f3n de sonidos modulados para recrear el o\u00eddo\u201d, al combinarse recrea sentimientos, emociones y vibraciones en los receptores. La m\u00fasica es una ciencia que debe tener unas reglas establecidas; \u00e9stas deben derivarse de un principio evidente de armonizaci\u00f3n, que no puede revelarse sin la ayuda de las matem\u00e1ticas como se menciona en el Tratado de armon\u00eda, \u201cTrait\u00e9 de l\u00b4 harmonie\u201d, del frances Jean-Baptiste Christophe Ballard (1722), donde establece que la armon\u00eda es el ensamblaje de varios sonidos que se utilizan agradablemente en el o\u00eddo.<\/p>\n\n\n\n<p class=\"wp-block-paragraph\">La escala diat\u00f3nica, empleada en la tradici\u00f3n m\u00fasical occidental, tiene siete sonidos. \u201cEstas notas son las que pueden escribirse en un pentagrama sin usar <em>alteraciones <\/em>(es decir sostenidos o bemoles)\u201d (Bonello, 2012) con relaciones num\u00e9ricas entrelazadas, de ah\u00ed que pueden surgir preguntas sobre la naturaleza de la escala musical, la relaci\u00f3n con otros fen\u00f3menos de orden f\u00edsico o c\u00f3smico. Es importante aclarar que tanto nuestra cultura matem\u00e1tica como la musical tienen ra\u00edces de la m\u00edstica griega, por ello, desde la antigua Grecia hasta el Renacimiento, la m\u00fasica formaba parte de las matem\u00e1ticas integr\u00e1ndose a las siete artes liberales del Quadrivium: Geometr\u00eda, M\u00fasica, Aritm\u00e9tica y Astronom\u00eda. La escala diat\u00f3nica hace uso de proporciones: Do (1), Re (9\/8), Mi (5\/4), Fa (4\/3), Sol (3\/2), La (27\/16), Si (243\/128). Mozart compone 176 compases para los minuetos y 96 compases para los tr\u00edos. Bart\u00f3k cre\u00f3 la escala Fibonacci a partir de la numeraci\u00f3n de cada nota crom\u00e1tica con un n\u00famero: 1, 2, 3, 5, 8, 13, 21\u2026.<\/p>\n\n\n\n<p class=\"wp-block-paragraph\">Para nuestros tiempos, a\u00fan sigue habiendo una estrecha relaci\u00f3n entre la m\u00fasica y los n\u00fameros; mejor dicho, con la asignatura de matem\u00e1ticas; en Colima, tenemos escuelas musicales p\u00fablicas y privadas en donde se ha visto que en las evaluaciones del Plan Nacional para la Evaluaci\u00f3n de los Aprendizajes (PLANEA),&nbsp; haciendo referencia al Instituto Universitario de Bellas Artes en su Nivel Medio Superior ha obtenido buenos resultados en pasadas evaluaciones, logrando un nivel III ( satisfactorio) en las \u00e1reas de sentido num\u00e9rico y pensamiento algebraico, cambios y relaciones, forma \u2013 espacio y medida, manejo de la informaci\u00f3n. As\u00ed tambi\u00e9n un nivel IV (sobresaliente) en sentido num\u00e9rico y pensamiento algebraico, cambios y relaciones, forma \u2013 espacio y medida, manejo de la informaci\u00f3n; lo que significa que las matem\u00e1ticas est\u00e1n siendo un punto de apoyo para entender las notas musicales dentro del plan de estudios. Encontr\u00e1ndose en algunas ocasiones por arriba de los porcentajes de otros planteles que son t\u00e9cnicos y generales a nivel estatal y nacional.&nbsp;<\/p>\n\n\n\n<p class=\"wp-block-paragraph\">Como bien dec\u00eda el fil\u00f3sofo, matem\u00e1tico, Bertrand Rusell (1872-1970) \u201c\u2026 el matem\u00e1tico puro, como el m\u00fasico, es creador libre de su mundo de belleza ordenada\u201d. Al ense\u00f1ar los n\u00fameros vinculados con la m\u00fasica para crear armon\u00eda en el universo del estudiante nos adentramos a brindar orden a las cosas. En donde el efecto de la vibraci\u00f3n y resonancia nos permita entender el significado del sincronismo, en que cada quien establece su tiempo de aprendizaje y al final todo se organiza. Si trabajamos los talentos art\u00edsticos, musicales y la creatividad con los alumnos vinculados con la materias de \u00e1lgebra, geometr\u00eda, aritm\u00e9tica y trigonometr\u00eda de forma creativa obtendremos resultados significativos al activar ciertas \u00e1reas cerebrales que crean interconexi\u00f3n neuronal a ciertas vibraciones y patrones que generen neuroplasticidad.&nbsp;<\/p>\n\n\n\n<p class=\"wp-block-paragraph\"><strong>Referencias:<\/strong><\/p>\n\n\n\n<p class=\"wp-block-paragraph\">Alonso Moral, Jes\u00fas (2000). Psicoac\u00fastica y ac\u00fastica musical. Revista de Psicodid\u00e1ctica,&nbsp; (9),0. ISSN: 1136-1034. Consultado el 26 enero 2022 en:<a href=\"https:\/\/www.redalyc.org\/articulo.oa?id=17500913\"> https:\/\/www.redalyc.org\/articulo.oa?id=17500913<\/a><\/p>\n\n\n\n<p class=\"wp-block-paragraph\">Bonello, Oscar (2012) La aventura del sonido y la m\u00fasica. Librer\u00eda y Editorial Alsina Buenos Aires. Consultado el 26 enero 2022 en<a href=\"https:\/\/books.google.com.mx\/books?id=9SeXDwAAQBAJ&amp;pg=PA43&amp;dq=La+escala+diat%25C3%25B3nica+-+musical+occidental&amp;hl=en&amp;sa=X&amp;ved=2ahUKEwi0idCBnNH1AhUwlGoFHQctBQkQ6AF6BAgFEAI#v=onepage&amp;q=La%2520escala%2520diat%25C3%25B3nica%2520-%2520musical%2520occidental&amp;f=false\"> https:\/\/books.google.com.mx\/books?id=9SeXDwAAQBAJ&amp;pg=PA43&amp;dq=La+escala+diat%C3%B3nica+-+musical+occidental&amp;hl=en&amp;sa=X&amp;ved=2ahUKEwi0idCBnNH1AhUwlGoFHQctBQkQ6AF6BAgFEAI#v=onepage&amp;q=La%20escala%20diat%C3%B3nica%20-%20musical%20occidental&amp;f=false<\/a><\/p>\n\n\n\n<p class=\"wp-block-paragraph\">&nbsp;Russell Bertrand (2013)&nbsp; Historia de la filosof\u00eda occidental. Grupo Planeta Spain. Consultado el 26 enero 2022 en <a href=\"https:\/\/books.google.com.mx\/books?id=lDMIMouE7WMC&#038;printsec=frontcover&#038;source=gbs_ge_summary_r&#038;cad\" rel=\"nofollow\">https:\/\/books.google.com.mx\/books?id=lDMIMouE7WMC&#038;printsec=frontcover&#038;source=gbs_ge_summary_r&#038;cad<\/a> =0#v=onepage&amp;q&amp;f=false<\/p>\n\n\n\n<p class=\"wp-block-paragraph\">Jean-Baptiste-Christophe Ballard.(1722)&nbsp; Trait\u00e9 de l&#8217;harmonie r\u00e9duite \u00e0 ses principes naturels.&nbsp; Consultado el 26 enero 2022 en<a href=\"https:\/\/books.google.com.mx\/books?id=s3QJlth1ANcC&amp;printsec=frontcover&amp;dq=Trait%25C3%25A9+de+l%25C2%25B4+harmonie&amp;hl=en&amp;sa=X&amp;redir_esc=y#v=onepage&amp;q=Trait%25C3%25A9%2520de%2520l%25C2%25B4%2520harmonie&amp;f=false\"> https:\/\/books.google.com.mx\/books?id=s3QJlth1ANcC&amp;printsec=frontcover&amp;dq=Trait%C3%A9+de+l%C2%B4+harmonie&amp;hl=en&amp;sa=X&amp;redir_esc=y#v=onepage&amp;q=Trait%C3%A9%20de%20l%C2%B4%20harmonie&amp;f=false<\/a><\/p>\n\n\n\n<p class=\"wp-block-paragraph\">Rusi\u00f1ol Pautas, Ma Carmen (2017). PIT\u00c1GORAS, N\u00daMERO ARMON\u00cdA Y ESFERAS. Punto Rojo libros, Espa\u00f1a.&nbsp; Consultado el 26 enero 2022 en <a href=\"https:\/\/books.google.com.mx\/books?id=V9w9DwAAQBAJ&#038;printsec=frontcover&#038;dq=musica+y+los+n%C3%BAmeros&#038;hl=en&#038;sa=X&#038;redir_esc=y#v=onepage&#038;q=musica%20y%20los%20n%C3%BAmeros&#038;f=false\" rel=\"nofollow\">https:\/\/books.google.com.mx\/books?id=V9w9DwAAQBAJ&#038;printsec=frontcover&#038;dq=musica+y+los+n%C3%BAmeros&#038;hl=en&#038;sa=X&#038;redir_esc=y#v=onepage&#038;q=musica%20y%20los%20n%C3%BAmeros&#038;f=false<\/a><\/p>\n\n\n\n<p class=\"wp-block-paragraph\"><strong>Autor: Hugo L\u00f3pez (Ucol).<\/strong><\/p>\n\n\n\n<p class=\"wp-block-paragraph\"><strong>Coautores: Hesed Cisneros, Liliana Rojas, Sa\u00fal Guti\u00e9rrez y Christian Garc\u00eda (Ucol). Luis Valladares R. (ISENCO).&nbsp; Alfredo Hern\u00e1ndez (SEP). Ver\u00f3nica Amezcua (Secundaria An\u00e1huac)<\/strong><\/p>\n\n\n\n<p class=\"wp-block-paragraph\"><strong>Facebook: Educativa.Colima<\/strong><\/p>\n\n\n\n<p class=\"wp-block-paragraph\"><em>*Fotograf\u00eda ilustrativa.<\/em><\/p>\n<div class=\"fb-background-color\">\n\t\t\t  <div \n\t\t\t  \tclass = \"fb-comments\" \n\t\t\t  \tdata-href = \"https:\/\/diarioavanzada.com.mx\/?p=29902\"\n\t\t\t  \tdata-numposts = \"10\"\n\t\t\t  \tdata-lazy = \"true\"\n\t\t\t\tdata-colorscheme = \"light\"\n\t\t\t\tdata-order-by = \"social\"\n\t\t\t\tdata-mobile=true>\n\t\t\t  <\/div><\/div>\n\t\t  <style>\n\t\t    .fb-background-color {\n\t\t\t\tbackground:  !important;\n\t\t\t}\n\t\t\t.fb_iframe_widget_fluid_desktop iframe {\n\t\t\t    width: 100% !important;\n\t\t\t}\n\t\t  <\/style>\n\t\t  ","protected":false},"excerpt":{"rendered":"<p>\u201cLa mente musical es aliada de la matem\u00e1tica\u201d Juan Villoro. La mayor\u00eda de las personas creen que los n\u00fameros y la m\u00fasica no tienen relaci\u00f3n alguna, sin embargo, su lazo es muy estrecho, desde los tiempos de Pit\u00e1goras, los grandes matem\u00e1ticos eran atra\u00eddos por las notas musicales. Aunque Pit\u00e1goras en el siglo VI a.n.e. no [&hellip;]<\/p>\n","protected":false},"author":7,"featured_media":29903,"comment_status":"closed","ping_status":"closed","sticky":false,"template":"","format":"standard","meta":{"_coblocks_attr":"","_coblocks_dimensions":"","_coblocks_responsive_height":"","_coblocks_accordion_ie_support":"","_crdt_document":"","advanced_seo_description":"","jetpack_seo_html_title":"","jetpack_seo_noindex":false,"_jetpack_memberships_contains_paid_content":false,"footnotes":""},"categories":[19,209,24],"tags":[210],"class_list":["post-29902","post","type-post","status-publish","format-standard","has-post-thumbnail","hentry","category-colima","category-importantes","category-opinion","tag-portada"],"jetpack_featured_media_url":"https:\/\/diarioavanzada.com.mx\/wp-content\/uploads\/2022\/01\/image-270.png","jetpack-related-posts":[],"jetpack_sharing_enabled":true,"amp_enabled":true,"_links":{"self":[{"href":"https:\/\/diarioavanzada.com.mx\/index.php?rest_route=\/wp\/v2\/posts\/29902","targetHints":{"allow":["GET"]}}],"collection":[{"href":"https:\/\/diarioavanzada.com.mx\/index.php?rest_route=\/wp\/v2\/posts"}],"about":[{"href":"https:\/\/diarioavanzada.com.mx\/index.php?rest_route=\/wp\/v2\/types\/post"}],"author":[{"embeddable":true,"href":"https:\/\/diarioavanzada.com.mx\/index.php?rest_route=\/wp\/v2\/users\/7"}],"replies":[{"embeddable":true,"href":"https:\/\/diarioavanzada.com.mx\/index.php?rest_route=%2Fwp%2Fv2%2Fcomments&post=29902"}],"version-history":[{"count":0,"href":"https:\/\/diarioavanzada.com.mx\/index.php?rest_route=\/wp\/v2\/posts\/29902\/revisions"}],"wp:featuredmedia":[{"embeddable":true,"href":"https:\/\/diarioavanzada.com.mx\/index.php?rest_route=\/wp\/v2\/media\/29903"}],"wp:attachment":[{"href":"https:\/\/diarioavanzada.com.mx\/index.php?rest_route=%2Fwp%2Fv2%2Fmedia&parent=29902"}],"wp:term":[{"taxonomy":"category","embeddable":true,"href":"https:\/\/diarioavanzada.com.mx\/index.php?rest_route=%2Fwp%2Fv2%2Fcategories&post=29902"},{"taxonomy":"post_tag","embeddable":true,"href":"https:\/\/diarioavanzada.com.mx\/index.php?rest_route=%2Fwp%2Fv2%2Ftags&post=29902"}],"curies":[{"name":"wp","href":"https:\/\/api.w.org\/{rel}","templated":true}]}}