{"id":29697,"date":"2022-01-24T07:38:47","date_gmt":"2022-01-24T13:38:47","guid":{"rendered":"https:\/\/diarioavanzada.com.mx\/?p=29697"},"modified":"2022-01-24T07:38:54","modified_gmt":"2022-01-24T13:38:54","slug":"las-uves-que-le-faltan-a-viridiana","status":"publish","type":"post","link":"https:\/\/diarioavanzada.com.mx\/?p=29697","title":{"rendered":"Las uves que le faltan a Viridiana"},"content":{"rendered":"\n<p class=\"wp-block-paragraph\">Columna<br>El puercoesp\u00edn\u00a0<\/p>\n\n\n\n<p class=\"wp-block-paragraph\">Viridiana Valencia Vargas tiene hecho un desastre los trabajos en el Congreso del Estado, su operaci\u00f3n pol\u00edtica y administrativa del\u00a0 mismo es una verdadera calamidad. Inici\u00f3 demostrando su incapacidad de instruirle juicio pol\u00edtico a Nacho Peralta y los \u00faltimos dislates como son: el nombramiento del fiscal anticorrupci\u00f3n y la pifia de la no aprobaci\u00f3n y su pronta\u00a0 aprobaci\u00f3n -at\u00edpica&#8211; de ciertos incentivos para regularizar los autom\u00f3viles. Y, por \u00faltimo, su abandono del Congreso durante un mes para irse a dar a luz a su beb\u00e9 en los Estados Unidos, sin pedir permiso, con el \u00fanico objetivo de seguir cobrando porque los trabajos s\u00ed se vieron afectados.<\/p>\n\n\n\n<p class=\"wp-block-paragraph\">Por este \u00faltimo suceso en la prensa local se ha comentado que Viridiana Valencia es una nueva rica que,&nbsp; aprovechando su condici\u00f3n actual de diputada,&nbsp; us\u00f3 su dinero &#8211;o dinero fiscal&#8211; para que su hijo tuviera doble nacionalidad. Calificando su comportamiento como la conducta propia de una nueva rica. Yo no creo que eso sea muy preciso. Porque aparte de ser clasista el concepto tambi\u00e9n le da demasiada importancia a las conductas de Viridiana que son mucho menores y m\u00e1s cercanas al aspiracionismo individual que a una nueva rica del pueblo incrust\u00e1ndose entre los ricos de abolengo.<\/p>\n\n\n\n<p class=\"wp-block-paragraph\">A Viridiana Valencia Vargas le hacen falta algunas uves.<\/p>\n\n\n\n<p class=\"wp-block-paragraph\">Carlos Fuentes en una trilog\u00eda de novelas plasm\u00f3 como los nuevos ricos y poderosos pol\u00edticos surgidos de la Revoluci\u00f3n M\u00e9xicana llegaron al poder y se incorporaron a los viejos ricos de abolengo de las rancias clases sociales adineradas de origen porfirista.&nbsp;<\/p>\n\n\n\n<p class=\"wp-block-paragraph\">En <em>La muerte de Artemio Cruz<\/em> (1962) Fuentes magistralmente relata como un viejo l\u00edder surgido de la Revoluci\u00f3n Mexicana se integra como un nuevo rico -producto de su poder pol\u00edtico conquistado en la gesta revolucionar\u00eda&#8211; dando origen a una nueva sociedad pol\u00edtica y a la ampliaci\u00f3n de las clases medias altas.<\/p>\n\n\n\n<p class=\"wp-block-paragraph\">En <em>La regi\u00f3n m\u00e1s transparente<\/em>&nbsp; (1958) Fuentes describe el complejo mundo de la sociedad mexicana, &#8211;particularmente del Distrito Federal&#8211; el fant\u00e1stico&nbsp; mundo moderno industrializado en que se estaba convirtiendo M\u00e9xico al dejar de ser rural para convertirse en una sociedad urbana e industrializada. Fuentes se centra en el crecimiento de las clases medias producto de la Revoluci\u00f3n M\u00e9xicana y magistralmente describe el ascenso de las clases medias y como su expansi\u00f3n inexorablemente sepulta a la sociedad porfirista. La revoluci\u00f3n hab\u00eda logrado la movilidad social que tanto necesitaba M\u00e9xico.<\/p>\n\n\n\n<p class=\"wp-block-paragraph\">En <em>Los a\u00f1os con Laura D\u00edaz<\/em> (1999), la \u00faltima novela de Carlos Fuentes, en \u00e9sta Fuentes&nbsp; la historia de la protagonista va siendo narrada al tiempo que la historia del pa\u00eds. La intenci\u00f3n de Fuentes es recuperar la parte femenina que ha quedado diluida en la historia de un pa\u00eds fundamentalmente masculino, donde la herencia azteca, \u00e1rabe y espa\u00f1ola la ha marginado del acontecer hist\u00f3rico. Es, por cierto, una novela muy recomendable para las feministas violentas que visten de negro y portan martillos. En estas novelas Fuentes ilustra como la mujer mexicana dej\u00f3 su gineceo sin sult\u00e1n para integrarse a la vida plena desde el hogar, la oficina, la f\u00e1brica y los espacios p\u00fablicos.<\/p>\n\n\n\n<p class=\"wp-block-paragraph\">Estas tres novelas Carlos Fuentes nos describe c\u00f3mo la sociedad mexicana logr\u00f3 la movilidad social a trav\u00e9s de la educaci\u00f3n y la transformaci\u00f3n econ\u00f3mica de una sociedad cerrada e inm\u00f3vil que era la sociedad conservadora e injusta del porfiriato.&nbsp;<\/p>\n\n\n\n<p class=\"wp-block-paragraph\">Carlos Fuentes nos da las claves de lo duro que son las clases sociales para dejar entrar en su seno a nuevos miembros.<\/p>\n\n\n\n<p class=\"wp-block-paragraph\">Viridiana Valencia Vargas con su nombre lleno de uves, de primer impacto, nos evoca una triada de uves que nos llevan a las dos uves de la pel\u00edcula&nbsp; <em>Victor Victoria<\/em> en el que subyace el concepto de una persona triunfadora, exitosa, pero tambi\u00e9n la ambig\u00fcedad entre hombre y mujer que plantea la pel\u00edcula&nbsp; con el nombre hom\u00f3nimo. No, Viridiana Valencia no es V\u00edctor Victoria ni es evocaci\u00f3n del \u00e9xito ni el enredo ambiguo&nbsp; entre hombre y mujer.&nbsp;<\/p>\n\n\n\n<p class=\"wp-block-paragraph\">Viridiana Valencia nos conduce a la uve de <strong>visi\u00f3n, <\/strong>o mejor dicho, a la falta de <strong>visi\u00f3n pol\u00edtica<\/strong> para dirigir un proceso de transformaci\u00f3n como el que reclama Colima. Bastaron tres meses y diez d\u00edas para demostrar que ni tiene la preparaci\u00f3n pol\u00edtica ni acad\u00e9mica ni la intuici\u00f3n ni el talento que se requieren para conducir el Congreso.&nbsp;<\/p>\n\n\n\n<p class=\"wp-block-paragraph\">Ella est\u00e1 en la frivolidad.<\/p>\n\n\n\n<p class=\"wp-block-paragraph\">Todo lo que sucede en el Congreso tiene un tinte fallido.&nbsp;<\/p>\n\n\n\n<p class=\"wp-block-paragraph\">El haber fracasado en el encausamiento de Nacho Peralta, el incurrir en fallas sistem\u00e1ticas en el proceso legislativo, as\u00ed como los nombramientos del Bryant y del fiscal anticorrupci\u00f3n, no son fallas menores y mucho menos errores aleatorio, no. Son fallas de quien no est\u00e1 atento a su trabajo y, luego entonces, sus actos son fallidos y su tarea como coordinadora de los diputados morenistas y presidenta de la Jucopo son un desastre. Su obcecaci\u00f3n al poder Ejecutivo es insultante.<\/p>\n\n\n\n<p class=\"wp-block-paragraph\">En los procesos legislativos que deben guardarse formas y procesos legislativos rigurosos, donde debe intervenir Brenda Guti\u00e9rrez, est\u00e1n plagadas de desaseo jur\u00eddico y pol\u00edticos que deber\u00eda considerarse seriamente su remoci\u00f3n del cargo, pues es ineficaz.<\/p>\n\n\n\n<p class=\"wp-block-paragraph\">En la frontera norte vivir en M\u00e9xico y cruzar la frontera para parir a los hijos en los Estados Unidos es una pr\u00e1ctica hist\u00f3rica, propia de quienes hacen su vida en la frontera. Los paisanos que viven en Baja California, particularmente en Mexicali o Tijuana, buscar y lograr una doble nacionalidad es una forma de vivir, de hacer la vida.<\/p>\n\n\n\n<p class=\"wp-block-paragraph\">Irse a parir a los Estados Unidos desde Colima, sin pedir permiso, dejando el trabajo tirado del Congreso, sometiendo el trabajo del Congreso a un segundo plano es propio de alguien irresponsable que nos dice que Viridiana est\u00e1 obnubilada con su nuevo puesto y con los ingresos que este puesto le dan. Su trabajo lo manda a un segundo plano. Pareciera que el gobierno de Colima no atravesara por una crisis financiera in\u00e9dita en su historia. Ella est\u00e1 concentrada en su aspiracionismo.&nbsp;<\/p>\n\n\n\n<p class=\"wp-block-paragraph\">A Viridiana Valencia tambi\u00e9n le falta la uve de la <strong>virtud, <\/strong>pues lo suyo no es la pol\u00edticano la entiende, no le da la importancia que merece, pero eso s\u00ed, cobra muy bien.<\/p>\n\n\n\n<p class=\"wp-block-paragraph\">Viridiana Valencia forma parte del primer c\u00edrculo del nuevo gobierno y es, junto con Eduardo Jurado, Guadalupe Sol\u00eds, Indira Vizca\u00edno, Rosi Bayardo y Julio Le\u00f3n, miembro del grupo denominado <strong><em>La mafia de las amiguis<\/em><\/strong> que tiene como signo distintivo: ser unos oportunistas incapaces para gobernar Colima.<\/p>\n<div class=\"fb-background-color\">\n\t\t\t  <div \n\t\t\t  \tclass = \"fb-comments\" \n\t\t\t  \tdata-href = \"https:\/\/diarioavanzada.com.mx\/?p=29697\"\n\t\t\t  \tdata-numposts = \"10\"\n\t\t\t  \tdata-lazy = \"true\"\n\t\t\t\tdata-colorscheme = \"light\"\n\t\t\t\tdata-order-by = \"social\"\n\t\t\t\tdata-mobile=true>\n\t\t\t  <\/div><\/div>\n\t\t  <style>\n\t\t    .fb-background-color {\n\t\t\t\tbackground:  !important;\n\t\t\t}\n\t\t\t.fb_iframe_widget_fluid_desktop iframe {\n\t\t\t    width: 100% !important;\n\t\t\t}\n\t\t  <\/style>\n\t\t  ","protected":false},"excerpt":{"rendered":"<p>ColumnaEl puercoesp\u00edn\u00a0 Viridiana Valencia Vargas tiene hecho un desastre los trabajos en el Congreso del Estado, su operaci\u00f3n pol\u00edtica y administrativa del\u00a0 mismo es una verdadera calamidad. Inici\u00f3 demostrando su incapacidad de instruirle juicio pol\u00edtico a Nacho Peralta y los \u00faltimos dislates como son: el nombramiento del fiscal anticorrupci\u00f3n y la pifia de la no [&hellip;]<\/p>\n","protected":false},"author":9,"featured_media":29698,"comment_status":"closed","ping_status":"closed","sticky":false,"template":"","format":"standard","meta":{"_coblocks_attr":"","_coblocks_dimensions":"","_coblocks_responsive_height":"","_coblocks_accordion_ie_support":"","advanced_seo_description":"","jetpack_seo_html_title":"","jetpack_seo_noindex":false,"jetpack_seo_schema_type":"","_jetpack_newsletter_access":"","_jetpack_dont_email_post_to_subs":false,"_jetpack_newsletter_tier_id":0,"_jetpack_memberships_contains_paywalled_content":false,"_wpcom_ai_launchpad_first_post":false,"_jetpack_feature_clip_id":0,"_jetpack_memberships_contains_paid_content":false,"footnotes":"","jetpack_post_was_ever_published":false},"categories":[19,24],"tags":[210],"class_list":["post-29697","post","type-post","status-publish","format-standard","has-post-thumbnail","hentry","category-colima","category-opinion","tag-portada"],"jetpack-related-posts":[],"jetpack_sharing_enabled":true,"amp_enabled":true,"jetpack_featured_media_url":"https:\/\/diarioavanzada.com.mx\/wp-content\/uploads\/2022\/01\/image-219.png","_links":{"self":[{"href":"https:\/\/diarioavanzada.com.mx\/index.php?rest_route=\/wp\/v2\/posts\/29697","targetHints":{"allow":["GET"]}}],"collection":[{"href":"https:\/\/diarioavanzada.com.mx\/index.php?rest_route=\/wp\/v2\/posts"}],"about":[{"href":"https:\/\/diarioavanzada.com.mx\/index.php?rest_route=\/wp\/v2\/types\/post"}],"author":[{"embeddable":true,"href":"https:\/\/diarioavanzada.com.mx\/index.php?rest_route=\/wp\/v2\/users\/9"}],"replies":[{"embeddable":true,"href":"https:\/\/diarioavanzada.com.mx\/index.php?rest_route=%2Fwp%2Fv2%2Fcomments&post=29697"}],"version-history":[{"count":0,"href":"https:\/\/diarioavanzada.com.mx\/index.php?rest_route=\/wp\/v2\/posts\/29697\/revisions"}],"wp:featuredmedia":[{"embeddable":true,"href":"https:\/\/diarioavanzada.com.mx\/index.php?rest_route=\/wp\/v2\/media\/29698"}],"wp:attachment":[{"href":"https:\/\/diarioavanzada.com.mx\/index.php?rest_route=%2Fwp%2Fv2%2Fmedia&parent=29697"}],"wp:term":[{"taxonomy":"category","embeddable":true,"href":"https:\/\/diarioavanzada.com.mx\/index.php?rest_route=%2Fwp%2Fv2%2Fcategories&post=29697"},{"taxonomy":"post_tag","embeddable":true,"href":"https:\/\/diarioavanzada.com.mx\/index.php?rest_route=%2Fwp%2Fv2%2Ftags&post=29697"}],"curies":[{"name":"wp","href":"https:\/\/api.w.org\/{rel}","templated":true}]}}