{"id":29502,"date":"2022-01-19T07:36:54","date_gmt":"2022-01-19T13:36:54","guid":{"rendered":"https:\/\/diarioavanzada.com.mx\/?p=29502"},"modified":"2022-01-19T07:37:00","modified_gmt":"2022-01-19T13:37:00","slug":"todo-para-triunfar-pero","status":"publish","type":"post","link":"https:\/\/diarioavanzada.com.mx\/?p=29502","title":{"rendered":"Todo para triunfar, pero\u2026"},"content":{"rendered":"\n<p class=\"wp-block-paragraph\">Columna<br>El puercoesp\u00edn\u00a0<\/p>\n\n\n\n<p class=\"wp-block-paragraph\">El autismo, t\u00e9rminos muy generales, es un trastorno psicol\u00f3gico que se caracteriza por la intensa concentraci\u00f3n de una persona en su propio mundo interior y la progresiva p\u00e9rdida de contacto con la realidad exterior. Cualquier libro de psicolog\u00eda nos dar\u00e1 esta definici\u00f3n.<\/p>\n\n\n\n<p class=\"wp-block-paragraph\">El gobierno de \u201c<strong>Nuestra Colima<\/strong>\u201d es un gobierno autista por decisi\u00f3n. Es una manera de fugarse de una realidad que lo supera, lo rebasa y lejos est\u00e1 de tener el control.&nbsp;<\/p>\n\n\n\n<p class=\"wp-block-paragraph\">\u00a0Los partidos en Colima<\/p>\n\n\n\n<p class=\"wp-block-paragraph\">Los partido han decido desaparecer de la escena porque los problemas del quiebre financiero y de la&nbsp; inseguridad los rebas\u00f3 y ante su incapacidad de presentar propuestas pol\u00edticas &#8211;cuando menos&#8211; han tomado la opci\u00f3n m\u00e1s f\u00e1cil, abandonar el escenario pol\u00edtico.&nbsp;<\/p>\n\n\n\n<p class=\"wp-block-paragraph\">Los partido pol\u00edticos no han abierto la boca para tomar posici\u00f3n de lo que ocurre en Colima. Su silencio los muestra incapaces de hacer propuestas pol\u00edticas para enfrentar la situaci\u00f3n tan delicada. Su fuga es una muestra de su ineptitud y su carencia de recursos pol\u00edticos para enfrentar la situaci\u00f3n.<\/p>\n\n\n\n<p class=\"wp-block-paragraph\">Los partidos pol\u00edticos dejaron todo el escenario al actual gobierno y a pesar de ser entidades p\u00fablicas &#8211;obviamente financiadas con recursos estatales&#8211; no dan se\u00f1ales de vida. Existen para cobrar, pero no existen para colaborar en la soluci\u00f3n de los problemas pol\u00edticos y de urgencia p\u00fablica, como la seguridad.<\/p>\n\n\n\n<p class=\"wp-block-paragraph\">En s\u00edntesis, han dejado todo el escenario al gobierno encabezado por Morena. Abandonaron sus posiciones voluntariamente por ineptitud y con la firme intenci\u00f3n de no asumir su parte que les corresponde como entidades p\u00fablicas. Est\u00e1n y no est\u00e1n. Est\u00e1n para cobrar sus dineros y no est\u00e1n para evadir su responsabilidad pol\u00edtica que les corresponde.<\/p>\n\n\n\n<p class=\"wp-block-paragraph\">El Congreso<\/p>\n\n\n\n<p class=\"wp-block-paragraph\">El Congreso como uno de los pilares de las sociedades republicanas atraviesa por una de sus peores crisis de su historia. Tambi\u00e9n el Poder Legislativo est\u00e1 en la ruina pol\u00edtica. Colima necesita de uno sus poderes m\u00e1s importantes, por ser la representaci\u00f3n colegiada de la diversidad pol\u00edtica de la sociedad, sucede que este Poder decidi\u00f3 abandonar su papel como fiscalizador, gestor y creador de las normas necesarias para el buen funcionamiento de un gobierno en crisis y que no encuentra la salida.<\/p>\n\n\n\n<p class=\"wp-block-paragraph\">La l\u00edder de la bancada mayoritaria, es decir, de Morena no cuenta con la capacidad pol\u00edtica ni administrativa para sacar a Colima del hoyo en el que lo dej\u00f3 Nacho Peralta. Viridiana Valencia Vargas no sirve para dirigir ese poder. Podemos decir que Viridiana Valencia lleg\u00f3, en el peor momento, a&nbsp; un espacio donde se necesita talento y serenidad para conducir los trabajos.<\/p>\n\n\n\n<p class=\"wp-block-paragraph\">La fracci\u00f3n morenista &#8211;primera minor\u00eda en el Congreso&#8211; no est\u00e1 a la altura de las circunstancias y han decidido no legislar, no gestionar, no fiscalizar y no hacer pol\u00edtica. Han decidido dejar todo en manos del Poder Ejecutivo y encomendarse a Dios. Lavarse las manos ha sido su decisi\u00f3n y tambi\u00e9n se han ausentado de la escena p\u00fablica para convertirse en remora del Poder Ejecutivo, empleados que dicen s\u00ed a todo lo que ordena el Ejecutivo.<\/p>\n\n\n\n<p class=\"wp-block-paragraph\">La oposici\u00f3n en el Congreso en t\u00e9rminos generales se ha dedicado a negociar sus votos seg\u00fan les convenga a sus intereses partidistas. El Verde negocia puestos p\u00fablicos (o una facci\u00f3n del Verde ya tiene un puesto para Felipe Cruz, por ejemplo); Movimiento Ciudadano est\u00e1 m\u00e1s preocupado por proteger a Locho, pues es palmario el tiradero que dej\u00f3 en el Ayuntamiento de Colima; El PES todav\u00eda tiene la esperanza de lograr alg\u00fan puesto para sus dirigentes y anda entre azul y buenas noches; el PRI le entr\u00f3 en franco apoyo al gobierno actual para encubrir sus corruptelas, y fieles a su espejo, trabajan para cubrir la crisis financiera hist\u00f3rica y, en el momento oportuno, regresar directamente a la toma del poder; el PAN es quiz\u00e1 el \u00fanico que ha tenido un atisbo de lo que podr\u00eda ser una oposici\u00f3n responsable, la propuesta de la <strong>placa \u00fanica<\/strong> para evitar la tentaci\u00f3n de decretar un placazo es un ejemplo, pero su necesidad de trabajar coordinadamente con sus partido a nivel nacional lo hace oscilar entre una pol\u00edtica de oposici\u00f3n &nbsp; consistente a nivel local y la oposici\u00f3n de caricatura que son a nivel nacional.<\/p>\n\n\n\n<p class=\"wp-block-paragraph\">La oposici\u00f3n, producto de sus contradicciones internas y del rechazo por parte de los ciudadanos, tambi\u00e9n ha abandonado el escenario pol\u00edtico y ha decidido ser comparsa y no actores principales.<\/p>\n\n\n\n<p class=\"wp-block-paragraph\">Todo para triunfar<\/p>\n\n\n\n<p class=\"wp-block-paragraph\">Los partidos pol\u00edticos est\u00e1n fuera del escenario por ineptos y por decisi\u00f3n convenenciera. Los legisladores de estos partidos que act\u00faan en el Congreso preocupados m\u00e1s por proteger sus corruptelas y buscar espacios pol\u00edticos (huesos) y han actuado tambi\u00e9n como comparsa y han abandonado su papel de contrapeso pol\u00edtico.<\/p>\n\n\n\n<p class=\"wp-block-paragraph\">En s\u00edntesis, los partidos han dejado abandonado el escenario pol\u00edtico colimote creando las condiciones para que un gobierno pueda actuar a sus anchas sin cr\u00edtica, sin contrapeso pol\u00edtico, sin que nadie los moleste con una opini\u00f3n m\u00ednimamente distinta.&nbsp;<\/p>\n\n\n\n<p class=\"wp-block-paragraph\">El gobierno de \u201cNuestra Colima\u201d tiene &#8211;te\u00f3ricamente hablando&#8211; todo para triunfar, excepto dinero y talento; sin embargo, han optado por el fracaso.<\/p>\n\n\n\n<p class=\"wp-block-paragraph\">P\u00e1nico esc\u00e9nico&nbsp;<\/p>\n\n\n\n<p class=\"wp-block-paragraph\">El gobierno de \u201cNuestra Colima\u201d entr\u00f3 en p\u00e1nico esc\u00e9nico. En la soledad de un escenario abandonado por los actores antagonistas y solo rodeado por actores menores, por la comparsa, entr\u00f3 en p\u00e1nico esc\u00e9nico. No sabe qu\u00e9 hacer. Est\u00e1 en el foro pol\u00edtico viendo fijamente al p\u00fablico, pero paralizado.<\/p>\n\n\n\n<p class=\"wp-block-paragraph\">La secretaria General de Gobierno que ven\u00eda decidida a demostrar que era igual de f\u00e1cil vender hot-dogs en la esquina del jard\u00edn que despachar en la Secretar\u00eda General de Gobierno se encontr\u00f3 que es un poquito m\u00e1s dif\u00edcil y su elemental formaci\u00f3n acad\u00e9mica y pol\u00edtica quedan al descubierto en cada acto en el que participa. &nbsp;<\/p>\n\n\n\n<p class=\"wp-block-paragraph\">El Bryant ya demostr\u00f3 que puede hacer arder la maleza verde en forma s\u00fabita. Exonerar a brabucones funcionarios villanos y hacer suyos los informes de empresas privadas. Est\u00e1 en su papel, en el papel que su madrina le encomend\u00f3.<\/p>\n\n\n\n<p class=\"wp-block-paragraph\">El Zizumbo es el rey de los dislate y cuando se cre\u00eda que sus actos eran meros errores de principiantes, o de un ne\u00f3fitos en el cargo nuevo, result\u00f3 ser el&nbsp; alma del gobierno de \u201cNuestra Colima\u201d. Su discurso inconexo, arrebatado, sin pensar, grosero y limitado es el proyecto del gobierno de \u201cNuestra Colima\u201d. A eso aspiran, seg\u00fan sus actos.<\/p>\n\n\n\n<p class=\"wp-block-paragraph\">Nacho tir\u00f3 la toalla el 29 de julio de 2021, desde entonces debi\u00f3 entrar en acci\u00f3n el gobierno de \u201cNuestra Colima\u201d; sin embargo, optaron por evadir el problema; el Congreso entr\u00f3 en octubre de ese mismo a\u00f1o y su trabajo ha sido entre malo y desastroso; el Ejecutivo inici\u00f3 el primero de noviembre y, desde entonces a la fecha, lejos de concentrarse en el problema principal, es decir, el quiebre financiero, ha optado en evadir el problema y lo ha dejado en manos de sus subalternos, condici\u00f3n similar ocurre en seguridad, ambos han sido soslayados y tambi\u00e9n ambos, son una amenaza para la futura estabilidad, sobre todo la seguridad p\u00fablica que parece va creciendo sin que se tomen las medidas pertinentes.<\/p>\n\n\n\n<p class=\"wp-block-paragraph\">La corrupci\u00f3n no se combate. La corrupci\u00f3n contin\u00faa impune y rampante.<\/p>\n\n\n\n<p class=\"wp-block-paragraph\">El problema de la renta de las patrullas, todo apunta, que se convertir\u00e1 &#8211;en el mediano plazo&#8211; en su primer gran problema de corrupci\u00f3n que se sumar\u00e1 a su historia personal junto con el caso de Altozano. En Colima tenemos en puerta el <strong>Patrulla-gate<\/strong> que marcar\u00e1 a \u201cNuestra Colima\u201d.<\/p>\n\n\n\n<p class=\"wp-block-paragraph\">El rechazo de las patrullas por parte de Griselda Mart\u00ednez, no es un asunto menor, es el cuestionamiento a la forma de hacer las cosas, a la forma de gobernar.&nbsp;<\/p>\n\n\n\n<p class=\"wp-block-paragraph\">El asunto de renta de las patrullas, aparte de ser un problema del dominio de la informaci\u00f3n y su costo, es un problema de transparencia y de probidad. \u00bfQui\u00e9n gan\u00f3 en este negocio? Esa es la pregunta clave. La gobernadora solo atin\u00f3 a reconocer &#8211;en sus Di\u00e1logos por la Transformaci\u00f3n&#8211;, muy ingenuamente, que acept\u00f3 que el contrato hecho y suscrito por Peralta S\u00e1nchez &#8211;y avalado por ella&#8211; lo hizo porque no contaban con m\u00e1s para entregar al inicio de su gesti\u00f3n. As\u00ed de ingenua \u00bfO c\u00ednica?<\/p>\n\n\n\n<p class=\"wp-block-paragraph\">Los eventos de gobierno parecen m\u00e1s fotos de \u00e1lbum personal que eventos institucionales: fotos en la playa, en las comunidades y entregando apoyos federales, esa es su bodega de fotos para demostrar el arte de hacer como que trabajan sin trabajar.<\/p>\n\n\n\n<p class=\"wp-block-paragraph\">Ten\u00edan todo para triunfar y el gobierno de \u201cNuestra Colima\u201d con el simple hecho de romper la inercia del gobierno de Nacho le hubiera dado un giro distinto al gobierno, pero&nbsp; ni para eso tuvieron capacidad. \u201cNuestra Colima\u201d sigui\u00f3 con la inercia de Nacho.<\/p>\n\n\n\n<p class=\"wp-block-paragraph\">Lo de Indira no es gobernar, no sabe. Hasta los presidentes municipales est\u00e1n siendo pastoreados por otros actores y no por el gobierno del estado.<\/p>\n\n\n\n<p class=\"wp-block-paragraph\">Con estos tres meses del Congreso en manos de Morena y pr\u00f3ximos a cumplir cien d\u00edas en el Ejecutivo ya dieron muestras que no saben gobernar, no tienen capacidad para hacerlo. El gobierno del estado es un barco a la deriva. Su \u00fanico sustento es el capital pol\u00edtico que les transfiere el gobierno federal.<\/p>\n\n\n\n<p class=\"wp-block-paragraph\">Lo que viene para los colimenses es cu\u00e1nto estamos dispuestos a aguantar a este gobierno y cu\u00e1nto el costo que estamos dispuestos a pagar.&nbsp;<\/p>\n\n\n\n<p class=\"wp-block-paragraph\">El gobierno est\u00e1&nbsp; ensimismado, es un gobierno autista que le importa muy poco lo que ocurre o deja de ocurrir fuera de su mundo interior. Criticas, se\u00f1alamientos, reclamos, observaciones, entre otras cosas, no ser\u00e1n atendidos porque el gobierno de \u201cNuestra Colima\u201d solo existe para s\u00ed mismo, el mundo exterior no le importa. Esa es la f\u00f3rmula del fracaso seguro.&nbsp;<\/p>\n\n\n\n<p class=\"wp-block-paragraph\">Ten\u00edan todo para iniciar un gobierno exitoso, el escenario era todo de ellos,&nbsp; pero optaron por la mediocridad.&nbsp;<\/p>\n\n\n\n<p class=\"wp-block-paragraph\">Gobernar es un poquito m\u00e1s dif\u00edcil que vender hot-dogs. Ese es su primer aprendizaje.\u00a0<\/p>\n\n\n\n<p class=\"wp-block-paragraph\"><br><em>*Fotograf\u00eda tomada de redes sociales.<\/em><\/p>\n<div class=\"fb-background-color\">\n\t\t\t  <div \n\t\t\t  \tclass = \"fb-comments\" \n\t\t\t  \tdata-href = \"https:\/\/diarioavanzada.com.mx\/?p=29502\"\n\t\t\t  \tdata-numposts = \"10\"\n\t\t\t  \tdata-lazy = \"true\"\n\t\t\t\tdata-colorscheme = \"light\"\n\t\t\t\tdata-order-by = \"social\"\n\t\t\t\tdata-mobile=true>\n\t\t\t  <\/div><\/div>\n\t\t  <style>\n\t\t    .fb-background-color {\n\t\t\t\tbackground:  !important;\n\t\t\t}\n\t\t\t.fb_iframe_widget_fluid_desktop iframe {\n\t\t\t    width: 100% !important;\n\t\t\t}\n\t\t  <\/style>\n\t\t  ","protected":false},"excerpt":{"rendered":"<p>ColumnaEl puercoesp\u00edn\u00a0 El autismo, t\u00e9rminos muy generales, es un trastorno psicol\u00f3gico que se caracteriza por la intensa concentraci\u00f3n de una persona en su propio mundo interior y la progresiva p\u00e9rdida de contacto con la realidad exterior. Cualquier libro de psicolog\u00eda nos dar\u00e1 esta definici\u00f3n. El gobierno de \u201cNuestra Colima\u201d es un gobierno autista por decisi\u00f3n. [&hellip;]<\/p>\n","protected":false},"author":9,"featured_media":29503,"comment_status":"closed","ping_status":"closed","sticky":false,"template":"","format":"standard","meta":{"_coblocks_attr":"","_coblocks_dimensions":"","_coblocks_responsive_height":"","_coblocks_accordion_ie_support":"","advanced_seo_description":"","jetpack_seo_html_title":"","jetpack_seo_noindex":false,"jetpack_seo_schema_type":"","_jetpack_newsletter_access":"","_jetpack_dont_email_post_to_subs":false,"_jetpack_newsletter_tier_id":0,"_jetpack_memberships_contains_paywalled_content":false,"_wpcom_ai_launchpad_first_post":false,"_jetpack_feature_clip_id":0,"_jetpack_memberships_contains_paid_content":false,"footnotes":"","jetpack_post_was_ever_published":false},"categories":[19,24],"tags":[210],"class_list":["post-29502","post","type-post","status-publish","format-standard","has-post-thumbnail","hentry","category-colima","category-opinion","tag-portada"],"jetpack-related-posts":[],"jetpack_sharing_enabled":true,"amp_enabled":true,"jetpack_featured_media_url":"https:\/\/diarioavanzada.com.mx\/wp-content\/uploads\/2022\/01\/image-161.png","_links":{"self":[{"href":"https:\/\/diarioavanzada.com.mx\/index.php?rest_route=\/wp\/v2\/posts\/29502","targetHints":{"allow":["GET"]}}],"collection":[{"href":"https:\/\/diarioavanzada.com.mx\/index.php?rest_route=\/wp\/v2\/posts"}],"about":[{"href":"https:\/\/diarioavanzada.com.mx\/index.php?rest_route=\/wp\/v2\/types\/post"}],"author":[{"embeddable":true,"href":"https:\/\/diarioavanzada.com.mx\/index.php?rest_route=\/wp\/v2\/users\/9"}],"replies":[{"embeddable":true,"href":"https:\/\/diarioavanzada.com.mx\/index.php?rest_route=%2Fwp%2Fv2%2Fcomments&post=29502"}],"version-history":[{"count":0,"href":"https:\/\/diarioavanzada.com.mx\/index.php?rest_route=\/wp\/v2\/posts\/29502\/revisions"}],"wp:featuredmedia":[{"embeddable":true,"href":"https:\/\/diarioavanzada.com.mx\/index.php?rest_route=\/wp\/v2\/media\/29503"}],"wp:attachment":[{"href":"https:\/\/diarioavanzada.com.mx\/index.php?rest_route=%2Fwp%2Fv2%2Fmedia&parent=29502"}],"wp:term":[{"taxonomy":"category","embeddable":true,"href":"https:\/\/diarioavanzada.com.mx\/index.php?rest_route=%2Fwp%2Fv2%2Fcategories&post=29502"},{"taxonomy":"post_tag","embeddable":true,"href":"https:\/\/diarioavanzada.com.mx\/index.php?rest_route=%2Fwp%2Fv2%2Ftags&post=29502"}],"curies":[{"name":"wp","href":"https:\/\/api.w.org\/{rel}","templated":true}]}}