{"id":26512,"date":"2021-10-01T07:55:56","date_gmt":"2021-10-01T12:55:56","guid":{"rendered":"https:\/\/diarioavanzada.com.mx\/?p=26512"},"modified":"2021-10-01T07:56:07","modified_gmt":"2021-10-01T12:56:07","slug":"entre-chicharroneros-y-lavanderas","status":"publish","type":"post","link":"https:\/\/diarioavanzada.com.mx\/?p=26512","title":{"rendered":"Entre chicharroneros y lavanderas"},"content":{"rendered":"\n<p class=\"wp-block-paragraph\">Columna<br>El puercoesp\u00edn\u00a0<\/p>\n\n\n\n<p class=\"wp-block-paragraph\">La confrontaci\u00f3n&nbsp;<\/p>\n\n\n\n<p class=\"wp-block-paragraph\">La LIX Legislatura, la peor de la historia, estaba condenada a terminar mal, pero termin\u00f3 desastrosa.&nbsp;<\/p>\n\n\n\n<p class=\"wp-block-paragraph\">En el antig\u00fbo hotel Ceballos, hoy hotel Concierge Plaza Colima, se llev\u00f3 a cabo uno de los m\u00e1s vergonzosos pasajes pol\u00edticos de Colima, de los tiempos recientes.&nbsp;<\/p>\n\n\n\n<p class=\"wp-block-paragraph\">El diputado Vladimir Parra se hizo de palabras con el dirigente de los bur\u00f3cratas como viles chicharroneros o lavanderas, a medio sal\u00f3n de eventos, se dijeron todo lo que ten\u00edan que decirse, como finas personas.<\/p>\n\n\n\n<p class=\"wp-block-paragraph\">Es celebre la frase de Mart\u00edn Flores Casta\u00f1eda cuando, en plena calle, a las afueras de la estaci\u00f3n radiof\u00f3nica XERL, le espet\u00f3 en su cara, a Locho Mor\u00e1n, la frase \u201csoy tu padre\u201d, y algunos a\u00f1os despu\u00e9s, con la alianza de facto de todos los partidos contra Morena Leoncio Mor\u00e1n termin\u00f3 por aceptar la paternidad del l\u00edder eterno de los bur\u00f3cratas, seg\u00fan los dichos populares.<\/p>\n\n\n\n<p class=\"wp-block-paragraph\">Lo cierto que en este \u00faltimo round Vladimir y Mart\u00edn bajaron el nivel de la pol\u00edtica hacia el s\u00f3tano&nbsp; y m\u00e1s all\u00e1. Vladimir se rebaj\u00f3 a gritarse, cara a cara, con el l\u00edder sindicarl sin importarle su investidura.<\/p>\n\n\n\n<p class=\"wp-block-paragraph\">La presi\u00f3n de los trabajadores para impedir la creaci\u00f3n del Tribunal Unitario y desaparecer el TAE y de los taxistas por impedir la autorizaci\u00f3n de la circulaci\u00f3n de&nbsp; mototaxis fue un capitulo que ilustra lo bajo que puede llegar la pol\u00edtica. &nbsp;<\/p>\n\n\n\n<p class=\"wp-block-paragraph\">El haber utilizado una sede alterna, por otro lado, demostr\u00f3 que carecen de legitimidad, autoridad pol\u00edtica y moral, para ejercer el puesto de diputados y constituirse en \u00f3rgano colegiado popular. No olvidemos que el Prian, en todos sus momentos de crisis, -en forma vergonzante e ileg\u00edtima- usaron sedes alternas para aprobar leyes o dict\u00e1menes contrarios a los intereses del pueblo. Carlos Far\u00edas, Julio Anguiano y Guillermo Toscano mucho saben de esto, pues junto con los diputados prianistas usaron una sede alterna \u2013ilegalmente- para aprobar el cr\u00e9dito de 750 millones pesos para Nacho Peralta, lo que constituy\u00f3, entonces, un hecho ominoso&nbsp; que se une a este \u00faltimo para cerrar con broche de oro esta p\u00e9sima legislatura donde Vladimir Parra -sin propon\u00e9rselo quiz\u00e1- pasar\u00e1 a la historia como el intransigente diputado que destruy\u00f3 una legislatura enarbolando un fin superior, pero ofendiendo a las instituciones y a la sociedad colimense.<\/p>\n\n\n\n<p class=\"wp-block-paragraph\">El fiscal carnal<\/p>\n\n\n\n<p class=\"wp-block-paragraph\">La elecci\u00f3n de el <strong><em>Bryan<\/em><\/strong> como el fiscal carnal ser\u00e1 una m\u00e1s de las pat\u00e9ticas acciones de la LIX Legislatura que, sin importarles lo que establece el art\u00edculo 83 fracci\u00f3n I de la Constituci\u00f3n Pol\u00edtca del Estado de Colima (que dice: El fiscal ser\u00e1 mexicano por nacimiento), nombraron a un Fiscal-carnal para satisfacer las \u00f3rdenes de la gobernadora electa. Su elecci\u00f3n, violando la&nbsp; constituci\u00f3n local, es ya una verg\u00fcenza registrada en nuestra historia.&nbsp;<\/p>\n\n\n\n<p class=\"wp-block-paragraph\">Su elecci\u00f3n violando la Constituci\u00f3n nos habla de lo poco que les importa a los gobernantes electos la legalidad.<\/p>\n\n\n\n<p class=\"wp-block-paragraph\">El <strong><em>Bryan<\/em><\/strong>, o Fiscal-carnal, es una verg\u00fcenza para la Cuarta Transformaci\u00f3n. Es la prueba que da testimonio que les importan muy poco los ciudadanos al nuevo gobierno, adem\u00e1s su relaci\u00f3n de compadrazgo reivindica el nepotismo como forma de gobernar.<\/p>\n\n\n\n<p class=\"wp-block-paragraph\">Los que votaron por algo diferente estar\u00e1n sorprendido; sin embargo, todos los dem\u00e1s que, no lo hicimos, simplemente estamos viendo un cap\u00edtulo m\u00e1s de c\u00f3mo se comportan los pol\u00edticos de derecha que se reclaman, falsamente, de izquierda.<\/p>\n\n\n\n<p class=\"wp-block-paragraph\">Imposici\u00f3n sin cumplir con la ley y nepotismo para satisfacci\u00f3n del ego y el poder. La gobernadora electa es fiel a su espejo: corrupta, nep\u00f3tica y fr\u00edvola.&nbsp;<\/p>\n\n\n\n<p class=\"wp-block-paragraph\">Vladimir Parra y su equipo, sin ning\u00fan pudor, perpetraron esta pifia. La historia lo consignar\u00e1.&nbsp;<\/p>\n\n\n\n<p class=\"wp-block-paragraph\">El sexenio empez\u00f3 hace mucho rato<\/p>\n\n\n\n<p class=\"wp-block-paragraph\">Desde el pasado 30 de julio que Nacho Peralta anunci\u00f3 que no pagar\u00eda los salarios a toda la plantilla de&nbsp; bur\u00f3cratas y a los maestros, ese d\u00eda termin\u00f3 su sexenio. De facto fue su renuncia a gobernar Colima. Ese d\u00eda no hubo m\u00e1s gobernador; sin embargo, nada sucedi\u00f3 en Colima todas las fuerzas vivas quedaron pasmadas ante semejante anuncio. Los directamente afectados estaban en la incredulidad y el duro golpe psicol\u00f3gico recibido, fue tal, que se negaban a dar cr\u00e9dito a lo que escuchaban; la sociedad pol\u00edtica no supo c\u00f3mo reaccionar y simplemente se qued\u00f3 inm\u00f3vil esperando que el presidente de la Rep\u00fablica, o la Divina providencia, hicieran algo por nosotros, no supieron qu\u00e9 hacer. La recientemente electa gobernadora hizo mutis y simplemente dijo: yo no existo, voy a tomar unas selfis y los veo el primero de noviembre.<\/p>\n\n\n\n<p class=\"wp-block-paragraph\">Desde entonces no hay gobierno en Colima. Los polic\u00edas estatales dejaron de patrullar la ciudad, los empleados de gobierno dejaron de tener insumos y hasta los pl\u00e1sticos para hacer las licencias de manejo se agotaron. El gobierno sigui\u00f3 trabajando y sosteni\u00e9ndose por la inercia de la cotidianeidad.<\/p>\n\n\n\n<p class=\"wp-block-paragraph\">El 29 de septiembre se dio una escaramuza entre los dirigentes de los bur\u00f3cratas, diputados y taxistas. La cosa no pas\u00f3 a mayores gracias a la intervenci\u00f3n del secretario General de Gobierno.&nbsp;<\/p>\n\n\n\n<p class=\"wp-block-paragraph\">Los diputados hicieron lo que mejor saben hacer: ponerse de tapete ante el Ejecutivo en turno&nbsp; y los l\u00edderes sindicales, en su \u00faltimo estertor, pues bien saben que sus d\u00edas est\u00e1n contados, y los l\u00edderes de taxistas tratando de presionar para defender sus servicio caros y monop\u00f3licos. El autoritarismo arbitrario en curso y el corporativismo moribundo juntaron sus agon\u00edas en una \u00faltima batalla que los colimenses vimos con desgano, abulia y cierta l\u00e1stima por su pobreza humana.<\/p>\n\n\n\n<p class=\"wp-block-paragraph\">D\u00eda de san Miguel Arcangel&nbsp;<\/p>\n\n\n\n<p class=\"wp-block-paragraph\">El d\u00eda de san Miguel Arcangel, el mero d\u00eda de las fiestas de Los Tepames, quedar\u00e1 en la historia de Colima como el d\u00eda en que el vac\u00edo de poder se hizo tan presente como la ausencia de una sociedad pol\u00edtica que carece de personalidad e ideas para resolver esta crisis pol\u00edticas que venimos cargando desde hace tres meses y poco a poco crece y no sabemos \u2013ahora- hasta cuando se prolongar\u00e1.<\/p>\n\n\n\n<p class=\"wp-block-paragraph\">El sexenio de Vizca\u00edno Silva ya empez\u00f3 y su equipo ni ella parecen tomar nota. Se niegan a reconocer que han cometido errores sin haber asumido el poder.<\/p>\n\n\n\n<p class=\"wp-block-paragraph\">El primer error es haber hecho una mala lectura desde el inicio de la crisis y aparentar que la virgen les habla y hacerse a un lado para no tomar decisiones<\/p>\n\n\n\n<p class=\"wp-block-paragraph\">Su sexenio inicia el primero de noviembre, t\u00e9cnica y jud\u00edricamente es cierto, pero desde Nacho tir\u00f3 la toalla a finales de julio inici\u00f3 su sexenio y debi\u00f3 ser ella la que tomara las riendas del poder para tomar decisiones, o cuando menos, lanzar mensajes de certidumbre, tranquilidad y confianza en el porvenir.<\/p>\n\n\n\n<p class=\"wp-block-paragraph\">El haber evadido ese acci\u00f3n y asumir un bajo perfil, haya sido por decisi\u00f3n o por omisi\u00f3n, lo cierto es que fue un error pol\u00edtico y la sociedad ya empieza a inquietarse, y oportunistas como el sindicato de bur\u00f3cratas, pretenden asumir&nbsp; actitudes impositivas para beneficiarse como grupo. Esa es una consecuencia del vac\u00edo de poder.<\/p>\n\n\n\n<p class=\"wp-block-paragraph\">El segundo error es el haber nombrado a un Fiscal-carnal, agravado, porque lo hicieron violentando la Costituci\u00f3n local. El mensaje es muy simple. Con este nombramiento la gobernadora electa nos dice que la legalidad le importa muy poco y que el nepotismo ser\u00e1 su muy particular estilo de gobernar. Ser\u00e1 el gobierno de las amiguis.<\/p>\n\n\n\n<p class=\"wp-block-paragraph\">Su autoritarismo y su nepotismo son elementos muy cercanos al Prian, y particulamente a Nacho Peralta, de cuyo gobierno sali\u00f3 para ser electa como gobernadora. As\u00ed gobierna la derecha y el gobierno de Vizca\u00edno Silva es fiel a su perfil nachista y de derecha.<\/p>\n\n\n\n<p class=\"wp-block-paragraph\">Sus partidaristas dicen que nos esperemos para cuando tomen posesi\u00f3n para ver la transformaci\u00f3n; cuando se cumpla ese plazo, nos pedir\u00e1n un a\u00f1o para dar muestras y primeros resultados; en terminado ese periodo, pedir\u00e1n tiempo para romper las inercias, pero ya para entonces el sexenio habr\u00e1 terminado.<\/p>\n\n\n\n<p class=\"wp-block-paragraph\">Hoy los negativos caen sobre Nacho Peralta \u2013a pesar de su ausencia f\u00e1ctica-, pero a partir del primero de noviembre caer\u00e1n sobre la nueva inquilina de Palacio.<\/p>\n\n\n\n<p class=\"wp-block-paragraph\">Muchos, como yo, estar\u00e1n pensando, desde el primero de noviembre, en la revocaci\u00f3n de mandato.\u00a0<\/p>\n<div class=\"fb-background-color\">\n\t\t\t  <div \n\t\t\t  \tclass = \"fb-comments\" \n\t\t\t  \tdata-href = \"https:\/\/diarioavanzada.com.mx\/?p=26512\"\n\t\t\t  \tdata-numposts = \"10\"\n\t\t\t  \tdata-lazy = \"true\"\n\t\t\t\tdata-colorscheme = \"light\"\n\t\t\t\tdata-order-by = \"social\"\n\t\t\t\tdata-mobile=true>\n\t\t\t  <\/div><\/div>\n\t\t  <style>\n\t\t    .fb-background-color {\n\t\t\t\tbackground:  !important;\n\t\t\t}\n\t\t\t.fb_iframe_widget_fluid_desktop iframe {\n\t\t\t    width: 100% !important;\n\t\t\t}\n\t\t  <\/style>\n\t\t  ","protected":false},"excerpt":{"rendered":"<p>ColumnaEl puercoesp\u00edn\u00a0 La confrontaci\u00f3n&nbsp; La LIX Legislatura, la peor de la historia, estaba condenada a terminar mal, pero termin\u00f3 desastrosa.&nbsp; En el antig\u00fbo hotel Ceballos, hoy hotel Concierge Plaza Colima, se llev\u00f3 a cabo uno de los m\u00e1s vergonzosos pasajes pol\u00edticos de Colima, de los tiempos recientes.&nbsp; El diputado Vladimir Parra se hizo de palabras [&hellip;]<\/p>\n","protected":false},"author":9,"featured_media":26513,"comment_status":"closed","ping_status":"closed","sticky":false,"template":"","format":"standard","meta":{"_coblocks_attr":"","_coblocks_dimensions":"","_coblocks_responsive_height":"","_coblocks_accordion_ie_support":"","advanced_seo_description":"","jetpack_seo_html_title":"","jetpack_seo_noindex":false,"jetpack_seo_schema_type":"","_jetpack_newsletter_access":"","_jetpack_dont_email_post_to_subs":false,"_jetpack_newsletter_tier_id":0,"_jetpack_memberships_contains_paywalled_content":false,"_wpcom_ai_launchpad_first_post":false,"_jetpack_feature_clip_id":0,"_jetpack_memberships_contains_paid_content":false,"footnotes":"","jetpack_post_was_ever_published":false},"categories":[19,24],"tags":[210],"class_list":["post-26512","post","type-post","status-publish","format-standard","has-post-thumbnail","hentry","category-colima","category-opinion","tag-portada"],"jetpack-related-posts":[],"jetpack_sharing_enabled":true,"amp_enabled":true,"jetpack_featured_media_url":"https:\/\/diarioavanzada.com.mx\/wp-content\/uploads\/2021\/10\/image.png","_links":{"self":[{"href":"https:\/\/diarioavanzada.com.mx\/index.php?rest_route=\/wp\/v2\/posts\/26512","targetHints":{"allow":["GET"]}}],"collection":[{"href":"https:\/\/diarioavanzada.com.mx\/index.php?rest_route=\/wp\/v2\/posts"}],"about":[{"href":"https:\/\/diarioavanzada.com.mx\/index.php?rest_route=\/wp\/v2\/types\/post"}],"author":[{"embeddable":true,"href":"https:\/\/diarioavanzada.com.mx\/index.php?rest_route=\/wp\/v2\/users\/9"}],"replies":[{"embeddable":true,"href":"https:\/\/diarioavanzada.com.mx\/index.php?rest_route=%2Fwp%2Fv2%2Fcomments&post=26512"}],"version-history":[{"count":0,"href":"https:\/\/diarioavanzada.com.mx\/index.php?rest_route=\/wp\/v2\/posts\/26512\/revisions"}],"wp:featuredmedia":[{"embeddable":true,"href":"https:\/\/diarioavanzada.com.mx\/index.php?rest_route=\/wp\/v2\/media\/26513"}],"wp:attachment":[{"href":"https:\/\/diarioavanzada.com.mx\/index.php?rest_route=%2Fwp%2Fv2%2Fmedia&parent=26512"}],"wp:term":[{"taxonomy":"category","embeddable":true,"href":"https:\/\/diarioavanzada.com.mx\/index.php?rest_route=%2Fwp%2Fv2%2Fcategories&post=26512"},{"taxonomy":"post_tag","embeddable":true,"href":"https:\/\/diarioavanzada.com.mx\/index.php?rest_route=%2Fwp%2Fv2%2Ftags&post=26512"}],"curies":[{"name":"wp","href":"https:\/\/api.w.org\/{rel}","templated":true}]}}