{"id":26025,"date":"2021-09-17T08:30:28","date_gmt":"2021-09-17T13:30:28","guid":{"rendered":"https:\/\/diarioavanzada.com.mx\/?p=26025"},"modified":"2021-09-17T08:30:34","modified_gmt":"2021-09-17T13:30:34","slug":"un-fantasma-recorre-colima-el-fantasma-de-la-tenencia","status":"publish","type":"post","link":"https:\/\/diarioavanzada.com.mx\/?p=26025","title":{"rendered":"Un fantasma recorre Colima, el fantasma de la Tenencia"},"content":{"rendered":"\n<p class=\"wp-block-paragraph\">Columna<br>El puercoesp\u00edn\u00a0<\/p>\n\n\n\n<p class=\"wp-block-paragraph\">El 16 de septiembre de 2021 ser\u00e1 recordado, en Colima, como el d\u00eda de la independencia \u2013pero para delinquir-, pues los polic\u00edas estatales iniciaron un paro de labores, en\u00e9dito,&nbsp; que pone a los ciudadanos colimenses en estado m\u00e1ximo de indefenci\u00f3n frente a la delincuencias com\u00fan y organizada y dejando todo el paquete a los polic\u00edas municipales.&nbsp;<\/p>\n\n\n\n<p class=\"wp-block-paragraph\">La situaci\u00f3n es grave y el Congreso \u2013la <strong><em>Carpa de Arrabal<\/em><\/strong>&#8211; sigue guardando silencio y sin ejercer ninguna acci\u00f3n pol\u00edtica que demande o reivindique los derechos, la seguridad e integridad de los ciudadanos. Bueno ser\u00eda que ning\u00fan diputado o diputada, de la actual legislatura, figurara en el gabinete del pr\u00f3ximo gobierno, pero son tan predecibles que alguna diputada del Panal ser\u00e1 secretaria de Educaci\u00f3n.&nbsp;<\/p>\n\n\n\n<p class=\"wp-block-paragraph\">Los partidos, al igual que el Congreso, est\u00e1n ejerciendo un silencio sepulcral que los define de cuerpo entero: mediocres, ausentes, cobardes, irresponsables e ineptos.&nbsp;<\/p>\n\n\n\n<p class=\"wp-block-paragraph\">El gobernador es una parodia del Ejecutivo, pasa por un periodo que llama a la conmiseraci\u00f3n.<\/p>\n\n\n\n<p class=\"wp-block-paragraph\"><strong>Y para rematar la gobernadora electa, Indira Vizca\u00edno, ha revivido el fantasma de la Tenencia en sus propuestas de soluci\u00f3n a la crisis. Su propuesta es que todos paguemos los errores de los pol\u00edticos. Su propuesta de soluci\u00f3n es sencilla: ellos la hacen y nosotros la pagamos.<\/strong><\/p>\n\n\n\n<p class=\"wp-block-paragraph\">Su propuesta de aumentar la captaci\u00f3n de recursos propios para solucionar la crisis financiera, sin especificar m\u00e1s, nos hace pensar en la Tenencia, pues&nbsp; \u00e9ste es un impuesto que cae en el rubro de recursos propios.<\/p>\n\n\n\n<p class=\"wp-block-paragraph\">La Tenencia nunca fue eliminada<\/p>\n\n\n\n<p class=\"wp-block-paragraph\">Felipe Calder\u00f3n, apodado el Oscuro por Olga Wornat, ma\u00f1osamente en el a\u00f1o 2007 decret\u00f3 la desaparici\u00f3n de la Tenencia (y se aplic\u00f3 a partir de 2012), pero en realidad lo que hizo fue transferir a los estados la decisi\u00f3n de cobrar o no la Tenencia, que tan solo Guanajuato, Jalisco, Chiapas, entre otros, desaparecieron la Tenencia; sin embargo, estados como Colima decretaron, a partir de 2010 convirtieron el impuesto en un pago estatal, es decir, dejaron viva la Tenencia, bajo el eufemismo de subsidio, y usaron el esquema para coaccionar a los contribuyentes para que estos pagaran otros impuestos y servicios.<\/p>\n\n\n\n<p class=\"wp-block-paragraph\">La Tenencia qued\u00f3 como una amenaza para aplicarse a la falta de pago o retrasos. Tambi\u00e9n qued\u00f3 vivo este instrumento para aplicarse en caso necesario, cosa que parece suceder\u00e1, a partir de noviembre, cuando entre el nuevo gobierno. Noviembre nos amenaza no solo con revivir el recuerdo de&nbsp; los difuntos sino espantarnos con el fantasma de la Tenencia.<\/p>\n\n\n\n<p class=\"wp-block-paragraph\">El argumento es simple, dir\u00e1n que no est\u00e1n creando nuevos impuestos sino que aplicar\u00e1n los que ya est\u00e1n, cosa que es cierta, y se lavar\u00e1n las manos y se justificar\u00e1n. Lo contundente e importante para los ciudadanos ser\u00e1 el c\u00f3mo y en qu\u00e9 condiciones aumentar\u00e1 y se aplicar\u00e1 el impuesto de la Tenencia, porque los ciudadanos no nos escapamos de pagar m\u00e1s, esa es la amenaza real. Sea la Tenencia o cualquier otro gravamen recaudatorio.<\/p>\n\n\n\n<p class=\"wp-block-paragraph\">Lo anterior significar\u00e1 que la simulaci\u00f3n de Felipe Calder\u00f3n realizada entre 2007 y 2012 ser\u00e1 usado de emergencia en el 2022 para saldar las cuentas de los desastres financieros del Prian que Morena, a falta de creatividad, retoma para aplicarnos una soluci\u00f3n abusiva e injusta, que por cierto, va contra sus propios principios pol\u00edticos. Ello demuestra que el gobierno de Morena que viene ni es de izquierda ni recoge el esp\u00edritu de justicia que propuso en campa\u00f1a. La medidas tomadas por Felipe Calder\u00f3n y el gobierno de Colima en los a\u00f1os 2007, 2010 y 2012 no parecen desagradar a los morenistas colimense, contrariamente a las medidas tomadas por el Gobierno federal de Amlo, pues&nbsp; sin ning\u00fan pudor las retoman para espolear al pueblo. La pr\u00e1ctica une a Calder\u00f3n y a Indira. Son tan parecidos. Son tan de derecha.<\/p>\n\n\n\n<p class=\"wp-block-paragraph\">Un fantasma recorre el estado de Colima, el fantasma de la Tenencia que nunca fue eliminada sino subsidiada para mantenerla como un medio de coacci\u00f3n para que todos pag\u00e1ramos los dem\u00e1s impuestos como el predial y servicios como el agua potable.<\/p>\n\n\n\n<p class=\"wp-block-paragraph\">Colima, como 18 estados de la Republica m\u00e1s, conservaron el cobro de la Tenencia condicionando su subsidio (100%) al pago de otros impuestos, derechos, servicios y aprovechamientos.&nbsp;<\/p>\n\n\n\n<p class=\"wp-block-paragraph\">La quiebra financiera del gobierno del estado, al parecer, tiene dos v\u00edas para su soluci\u00f3n: una, la solicitud de cr\u00e9ditos a corto y mediano plazos que no ser\u00eda otra cosa que patear el bote para que en el futuro alguien solucione el problema y; dos,&nbsp; revivir el injusto y odiado impuesto de la Tenencia que no ser\u00eda sino un castigo impositivo para la clase media y baja por haber permitido a los abusones del Prian robar a diestra y siniestra. En otras palabras: la quiebra financiera recaer\u00e1 sobre la clase media y los z\u00e1nganos de los pol\u00edticos seguir\u00e1n callados sin dar la cara ni explicar qu\u00e9 fue lo que pas\u00f3 y por qu\u00e9.&nbsp;<\/p>\n\n\n\n<p class=\"wp-block-paragraph\">Si se tratar\u00e1 de repartirse dinero o aumentarse el salario ya estar\u00edan en todos los medios, los partidos pol\u00edticos, con sus estridentes discursos.<\/p>\n\n\n\n<p class=\"wp-block-paragraph\">Ninguna de las dos v\u00edas es favorable para el pueblo pero s\u00ed para los pol\u00edticos profesionales del robo y de la estafa.<\/p>\n\n\n\n<p class=\"wp-block-paragraph\">De los castigos<\/p>\n\n\n\n<p class=\"wp-block-paragraph\">Ni el Congreso ni ning\u00fan \u00f3rgano fiscalizador se le ve&nbsp; proponiendo investigaciones y castigo a los culpables. Los silencios de los pol\u00edticos y de todos los \u00f3rganos del Estado se les ve preocupados ni ocupados en sus tareas de fiscalizaci\u00f3n. Mientras m\u00e1s transcurra el silencio de los pol\u00edticos y de las instituciones ser\u00e1 el tama\u00f1o, directamente proporcional, de la crisis que enfrentamos.<\/p>\n\n\n\n<p class=\"wp-block-paragraph\">Sin seguridad<\/p>\n\n\n\n<p class=\"wp-block-paragraph\">Desde el 16 de septiembre no contamos con polic\u00eda estatal, ojal\u00e1 la delincuencia no se aproveche de las irresponsabilidades del desgobierno que padecemos. Es ejemplar y loable el comportamiento de los ciudadanos colimenses e inversamente proporcional la conducta de sus pol\u00edticos.<\/p>\n\n\n\n<p class=\"wp-block-paragraph\">Un fantasma recorre el estado de Colima, el fantasma de la Tenencia.<\/p>\n<div class=\"fb-background-color\">\n\t\t\t  <div \n\t\t\t  \tclass = \"fb-comments\" \n\t\t\t  \tdata-href = \"https:\/\/diarioavanzada.com.mx\/?p=26025\"\n\t\t\t  \tdata-numposts = \"10\"\n\t\t\t  \tdata-lazy = \"true\"\n\t\t\t\tdata-colorscheme = \"light\"\n\t\t\t\tdata-order-by = \"social\"\n\t\t\t\tdata-mobile=true>\n\t\t\t  <\/div><\/div>\n\t\t  <style>\n\t\t    .fb-background-color {\n\t\t\t\tbackground:  !important;\n\t\t\t}\n\t\t\t.fb_iframe_widget_fluid_desktop iframe {\n\t\t\t    width: 100% !important;\n\t\t\t}\n\t\t  <\/style>\n\t\t  ","protected":false},"excerpt":{"rendered":"<p>ColumnaEl puercoesp\u00edn\u00a0 El 16 de septiembre de 2021 ser\u00e1 recordado, en Colima, como el d\u00eda de la independencia \u2013pero para delinquir-, pues los polic\u00edas estatales iniciaron un paro de labores, en\u00e9dito,&nbsp; que pone a los ciudadanos colimenses en estado m\u00e1ximo de indefenci\u00f3n frente a la delincuencias com\u00fan y organizada y dejando todo el paquete a [&hellip;]<\/p>\n","protected":false},"author":9,"featured_media":26026,"comment_status":"closed","ping_status":"closed","sticky":false,"template":"","format":"standard","meta":{"_coblocks_attr":"","_coblocks_dimensions":"","_coblocks_responsive_height":"","_coblocks_accordion_ie_support":"","advanced_seo_description":"","jetpack_seo_html_title":"","jetpack_seo_noindex":false,"jetpack_seo_schema_type":"","_jetpack_newsletter_access":"","_jetpack_dont_email_post_to_subs":false,"_jetpack_newsletter_tier_id":0,"_jetpack_memberships_contains_paywalled_content":false,"_wpcom_ai_launchpad_first_post":false,"_jetpack_feature_clip_id":0,"_jetpack_memberships_contains_paid_content":false,"footnotes":"","jetpack_post_was_ever_published":false},"categories":[19,24],"tags":[210],"class_list":["post-26025","post","type-post","status-publish","format-standard","has-post-thumbnail","hentry","category-colima","category-opinion","tag-portada"],"jetpack-related-posts":[],"jetpack_sharing_enabled":true,"amp_enabled":true,"jetpack_featured_media_url":"https:\/\/diarioavanzada.com.mx\/wp-content\/uploads\/2021\/09\/Indira-y-Nacho.jpg","_links":{"self":[{"href":"https:\/\/diarioavanzada.com.mx\/index.php?rest_route=\/wp\/v2\/posts\/26025","targetHints":{"allow":["GET"]}}],"collection":[{"href":"https:\/\/diarioavanzada.com.mx\/index.php?rest_route=\/wp\/v2\/posts"}],"about":[{"href":"https:\/\/diarioavanzada.com.mx\/index.php?rest_route=\/wp\/v2\/types\/post"}],"author":[{"embeddable":true,"href":"https:\/\/diarioavanzada.com.mx\/index.php?rest_route=\/wp\/v2\/users\/9"}],"replies":[{"embeddable":true,"href":"https:\/\/diarioavanzada.com.mx\/index.php?rest_route=%2Fwp%2Fv2%2Fcomments&post=26025"}],"version-history":[{"count":0,"href":"https:\/\/diarioavanzada.com.mx\/index.php?rest_route=\/wp\/v2\/posts\/26025\/revisions"}],"wp:featuredmedia":[{"embeddable":true,"href":"https:\/\/diarioavanzada.com.mx\/index.php?rest_route=\/wp\/v2\/media\/26026"}],"wp:attachment":[{"href":"https:\/\/diarioavanzada.com.mx\/index.php?rest_route=%2Fwp%2Fv2%2Fmedia&parent=26025"}],"wp:term":[{"taxonomy":"category","embeddable":true,"href":"https:\/\/diarioavanzada.com.mx\/index.php?rest_route=%2Fwp%2Fv2%2Fcategories&post=26025"},{"taxonomy":"post_tag","embeddable":true,"href":"https:\/\/diarioavanzada.com.mx\/index.php?rest_route=%2Fwp%2Fv2%2Ftags&post=26025"}],"curies":[{"name":"wp","href":"https:\/\/api.w.org\/{rel}","templated":true}]}}