{"id":25147,"date":"2021-08-11T08:28:48","date_gmt":"2021-08-11T13:28:48","guid":{"rendered":"https:\/\/diarioavanzada.com.mx\/?p=25147"},"modified":"2021-08-11T08:28:53","modified_gmt":"2021-08-11T13:28:53","slug":"carlos-y-margarita-no-deben-rendir-protesta","status":"publish","type":"post","link":"https:\/\/diarioavanzada.com.mx\/?p=25147","title":{"rendered":"Carlos y Margarita no deben rendir protesta"},"content":{"rendered":"\n<p class=\"wp-block-paragraph\">El puercoesp\u00edn\u00a0<br>Comparecencias<\/p>\n\n\n\n<p class=\"wp-block-paragraph\">La secretaria de Planeaci\u00f3n y Finanzas, Marina Nieto Carrasco, as\u00ed como el ex titular de la misma, Carlos Noriega Garc\u00eda comparecieron ante el Congreso del Estado. Tambi\u00e9n lo hizo el todav\u00eda responsable del Ejecutivo, Nacho Peralta. Ninguno de los tres fue capaz de explicar con satisfacci\u00f3n porque se dio esta crisis de no pago a los trabajadores del gobierno estatal. Crisis in\u00e9dita en la historia de Colima.<\/p>\n\n\n\n<p class=\"wp-block-paragraph\">Lo \u00fanico que qued\u00f3 claro es que a ninguno de los tres les interesa aclarar los or\u00edgenes y las causas de la crisis de la falta de pago.<\/p>\n\n\n\n<p class=\"wp-block-paragraph\">El argumento primario y d\u00e9bil de poner a la pandemia como origen de la falta de recursos se desvaneci\u00f3 por su falta de pruebas que le dieran sustento.&nbsp;<\/p>\n\n\n\n<p class=\"wp-block-paragraph\">Tampoco ninguno pudo explicar d\u00f3nde se gast\u00f3 el dinero. La compra del predio de la campana fue muy vago e insustancial, la compra de los terrenos de la ex zona militar qued\u00f3 en el vaci\u00f3. Lo \u00fanico cierto es que el dinero se perdi\u00f3 y nadie sabe d\u00f3nde est\u00e1. &nbsp;<\/p>\n\n\n\n<p class=\"wp-block-paragraph\">Lo \u00fanico que logr\u00f3 balbucear Nacho Peralta es que, de las opciones siguientes, expuestas en su discurso: aumento de impuestos; participaciones extraordinarias de la federaci\u00f3n; adelanto de participaciones; y venta de activos del gobierno del estado. El gobierno opt\u00f3 por la tercera para convertirla en la alternativa de soluci\u00f3n. El adelanto de participaciones es la soluci\u00f3n inmediata que no resolver\u00e1 el asunto de fondo porque el problema pervivir\u00e1.<\/p>\n\n\n\n<p class=\"wp-block-paragraph\">Desde diciembre del a\u00f1o pasado, reconoci\u00f3 el gobernador, que estaba con la mano de limosnero tendida para que, pap\u00e1 Andr\u00e9s, le diera recursos extraordinarios. Cosa que nunca ocurri\u00f3. Nacho fue el \u00faltimo representante de la sociedad pol\u00edtica colimense atenida y falta de creatividad e iniciativa para resolver los problemas serios.<\/p>\n\n\n\n<p class=\"wp-block-paragraph\">Su explicaci\u00f3n es que el asunto no tiene explicaci\u00f3n racional.<\/p>\n\n\n\n<p class=\"wp-block-paragraph\">Los diputados<\/p>\n\n\n\n<p class=\"wp-block-paragraph\">Los mal llamados representantes populares se comportaron como lo que son: cobardes, irresponsables y faltos de argumentos para exigir una explicaci\u00f3n, con excepci\u00f3n de Vladimir Parra y Claudia Aguirre que asumieron su papel de legisladores con decoro.<\/p>\n\n\n\n<p class=\"wp-block-paragraph\">C\u00f3mo pod\u00edan exigir algo quienes le dieron manga ancha para hacer y deshacer del presupuesto lo que le vino en gana provocando las consecuencias que est\u00e1n a la vista.<\/p>\n\n\n\n<p class=\"wp-block-paragraph\">Lo \u00fanico coherente fue el haberse declarado enga\u00f1ados con la documentaci\u00f3n presentada por los funcionarios ante el Congreso. Basta un bot\u00f3n de ejemplo: la calificaci\u00f3n crediticia subi\u00f3 para Colima, seg\u00fan las calificadoras, y hoy no tiene un peso para pagar salarios. \u00a1Ay se\u00f1ores diputados! El maiceo se da en todas partes y hasta se maicea a las m\u00e1s \u201cprofesionales\u201d empresas calificadoras.<\/p>\n\n\n\n<p class=\"wp-block-paragraph\">Los diputados ni de florero sirven. Son una nulidad en toda su expresi\u00f3n.<\/p>\n\n\n\n<p class=\"wp-block-paragraph\">De la corrupci\u00f3n<\/p>\n\n\n\n<p class=\"wp-block-paragraph\">La soluci\u00f3n del asunto de Colima vendr\u00e1 del mar, es decir, de Manzanillo. Lo cierto es que, ni Nacho ni su equipo m\u00e1s cercano, tienen explicaciones veros\u00edmiles al quebranto de las finanzas p\u00fablicas. Lo correcto y apremiante es presentar las denuncias ante las instancias correspondientes para que se inicien los juicios pol\u00edticos y penales contra los responsables. La soluci\u00f3n vendr\u00e1 del mar, y no hablo del caudal de votos del municipio de Manzanillo, sino de la aduana portuaria.<\/p>\n\n\n\n<p class=\"wp-block-paragraph\">Alejo S\u00e1nchez Cano en el peri\u00f3dico nacional <em>El Financiero<\/em> public\u00f3 antier lo siguiente: \u201c<em>De los gobernadores que saldr\u00e1n debido a que terminan su gesti\u00f3n, hay uno que est\u00e1 en la mira de la Unidad de Inteligencia Financiera que comanda Santiago Nieto, por enriquecimiento il\u00edcito y la triangulaci\u00f3n de recursos p\u00fablicos a trav\u00e9s de varios prestanombres para adquirir los terrenos aleda\u00f1os a la ampliaci\u00f3n de la terminal mar\u00edtima ubicada en Manzanillo, adem\u00e1s de contratos irregulares en la operaci\u00f3n del puerto y por vaciar las arcas p\u00fablicas del Estado en tal nivel que no hay dinero para pagar la n\u00f3mina. (\u2026) Se trata de Ignacio Peralta, gobernador de Colima\u201d.<\/em><\/p>\n\n\n\n<p class=\"wp-block-paragraph\">Hay que hacer notar que el presidente L\u00f3pez Obrador en la reuni\u00f3n de evaluaci\u00f3n de los programas sociales de bienestar en Colima dijo que la inseguridad en el estado de Colima proven\u00eda de los malos manejos de la aduana de Manzanillo por causa de pol\u00edticos y que, por lo tanto, \u00e9sta hab\u00eda sido transferida a ser administrada por parte de la Marina Armada de M\u00e9xico, como la mayor\u00eda del resto del pa\u00eds.<\/p>\n\n\n\n<p class=\"wp-block-paragraph\">\u00bfSer\u00e1 que en estos malos manejos est\u00e1n involucrados miembros del circulo \u00edntimo de Nacho Peralta?<\/p>\n\n\n\n<p class=\"wp-block-paragraph\">No olvidemos que dicho c\u00edrculo \u00edntimo est\u00e1 integrado por Kristian Meiner, Carlos Noriega Garc\u00eda, Margarita Moreno Gonz\u00e1lez, H\u00e9ctor S\u00e1nchez de la Madrid y Walter Oldenbourg, entre otros.<\/p>\n\n\n\n<p class=\"wp-block-paragraph\">El crimen organizado denominado, mafia, combina relaciones de amistad, pol\u00edticas, econ\u00f3micas y familiares. Nacho en su c\u00edrculo \u00edntimo recluta amigos, familiares, pol\u00edticos y gente de dinero.<\/p>\n\n\n\n<p class=\"wp-block-paragraph\">El circulo de amistad, pol\u00edtico y econ\u00f3mico, de Nacho Peralta, debe ser investigado, y de acuerdo a lo que resulte de las indagatorias, presentarse las denuncias penales correspondientes. Colima debe entrar en un proceso de purificaci\u00f3n de la vida p\u00fablica.<\/p>\n\n\n\n<p class=\"wp-block-paragraph\">Carlos Noriega Garc\u00eda y Margarita Moreno est\u00e1n en este c\u00edrculo \u00edntimo de Nacho Peralta y en las pasadas elecciones fueron electos recientemente como diputado y presidenta municipal de Colima capital, respectivamente. Sus \u201ctriunfos\u201d, desde su origen, est\u00e1n marcados por la sospecha. Muchos pensamos que los dineros extraviados fueron a parar a las campa\u00f1as de la coalici\u00f3n <strong><em>Va por Colima<\/em><\/strong>. Algo muy podrido pas\u00f3 en las campa\u00f1as. Ambos, por su cercan\u00eda y por las sospechas fundadas de estar ligados al quebranto de las finanzas del gobierno del estado deben ser investigados, luego entones, la nueve legislatura, la n\u00famero LX, debe abstenerse de tomarles protesta y ellos deben negarse a rendir protesta y ponerse a disposici\u00f3n de las autoridades. Si resultan limpios deben proceder a tomar su cargo, sino, pagar por lo que resulten responsables.<\/p>\n\n\n\n<p class=\"wp-block-paragraph\">Todo el c\u00edrculo \u00edntimo de Nacho Peralta debe ser investigado. Ya basta de tanta impunidad.<\/p>\n<div class=\"fb-background-color\">\n\t\t\t  <div \n\t\t\t  \tclass = \"fb-comments\" \n\t\t\t  \tdata-href = \"https:\/\/diarioavanzada.com.mx\/?p=25147\"\n\t\t\t  \tdata-numposts = \"10\"\n\t\t\t  \tdata-lazy = \"true\"\n\t\t\t\tdata-colorscheme = \"light\"\n\t\t\t\tdata-order-by = \"social\"\n\t\t\t\tdata-mobile=true>\n\t\t\t  <\/div><\/div>\n\t\t  <style>\n\t\t    .fb-background-color {\n\t\t\t\tbackground:  !important;\n\t\t\t}\n\t\t\t.fb_iframe_widget_fluid_desktop iframe {\n\t\t\t    width: 100% !important;\n\t\t\t}\n\t\t  <\/style>\n\t\t  ","protected":false},"excerpt":{"rendered":"<p>El puercoesp\u00edn\u00a0Comparecencias La secretaria de Planeaci\u00f3n y Finanzas, Marina Nieto Carrasco, as\u00ed como el ex titular de la misma, Carlos Noriega Garc\u00eda comparecieron ante el Congreso del Estado. Tambi\u00e9n lo hizo el todav\u00eda responsable del Ejecutivo, Nacho Peralta. Ninguno de los tres fue capaz de explicar con satisfacci\u00f3n porque se dio esta crisis de no [&hellip;]<\/p>\n","protected":false},"author":9,"featured_media":24788,"comment_status":"closed","ping_status":"closed","sticky":false,"template":"","format":"standard","meta":{"_coblocks_attr":"","_coblocks_dimensions":"","_coblocks_responsive_height":"","_coblocks_accordion_ie_support":"","advanced_seo_description":"","jetpack_seo_html_title":"","jetpack_seo_noindex":false,"jetpack_seo_schema_type":"","_jetpack_newsletter_access":"","_jetpack_dont_email_post_to_subs":false,"_jetpack_newsletter_tier_id":0,"_jetpack_memberships_contains_paywalled_content":false,"_wpcom_ai_launchpad_first_post":false,"_jetpack_feature_clip_id":0,"_jetpack_memberships_contains_paid_content":false,"footnotes":"","jetpack_post_was_ever_published":false},"categories":[19],"tags":[210],"class_list":["post-25147","post","type-post","status-publish","format-standard","has-post-thumbnail","hentry","category-colima","tag-portada"],"jetpack-related-posts":[],"jetpack_sharing_enabled":true,"amp_enabled":true,"jetpack_featured_media_url":"https:\/\/diarioavanzada.com.mx\/wp-content\/uploads\/2021\/07\/image-86.png","_links":{"self":[{"href":"https:\/\/diarioavanzada.com.mx\/index.php?rest_route=\/wp\/v2\/posts\/25147","targetHints":{"allow":["GET"]}}],"collection":[{"href":"https:\/\/diarioavanzada.com.mx\/index.php?rest_route=\/wp\/v2\/posts"}],"about":[{"href":"https:\/\/diarioavanzada.com.mx\/index.php?rest_route=\/wp\/v2\/types\/post"}],"author":[{"embeddable":true,"href":"https:\/\/diarioavanzada.com.mx\/index.php?rest_route=\/wp\/v2\/users\/9"}],"replies":[{"embeddable":true,"href":"https:\/\/diarioavanzada.com.mx\/index.php?rest_route=%2Fwp%2Fv2%2Fcomments&post=25147"}],"version-history":[{"count":0,"href":"https:\/\/diarioavanzada.com.mx\/index.php?rest_route=\/wp\/v2\/posts\/25147\/revisions"}],"wp:featuredmedia":[{"embeddable":true,"href":"https:\/\/diarioavanzada.com.mx\/index.php?rest_route=\/wp\/v2\/media\/24788"}],"wp:attachment":[{"href":"https:\/\/diarioavanzada.com.mx\/index.php?rest_route=%2Fwp%2Fv2%2Fmedia&parent=25147"}],"wp:term":[{"taxonomy":"category","embeddable":true,"href":"https:\/\/diarioavanzada.com.mx\/index.php?rest_route=%2Fwp%2Fv2%2Fcategories&post=25147"},{"taxonomy":"post_tag","embeddable":true,"href":"https:\/\/diarioavanzada.com.mx\/index.php?rest_route=%2Fwp%2Fv2%2Ftags&post=25147"}],"curies":[{"name":"wp","href":"https:\/\/api.w.org\/{rel}","templated":true}]}}