{"id":24868,"date":"2021-07-30T12:35:44","date_gmt":"2021-07-30T17:35:44","guid":{"rendered":"https:\/\/diarioavanzada.com.mx\/?p=24868"},"modified":"2021-07-30T12:35:48","modified_gmt":"2021-07-30T17:35:48","slug":"yo-voto-si","status":"publish","type":"post","link":"https:\/\/diarioavanzada.com.mx\/?p=24868","title":{"rendered":"Yo, voto S\u00ed"},"content":{"rendered":"\n<p class=\"wp-block-paragraph\">Columna\u00a0<br>El puercoesp\u00edn \u00a0<\/p>\n\n\n\n<p class=\"wp-block-paragraph\">El d\u00eda uno de agosto de 2021 en cuanto el primer ciudadano deposite, en la urna, el primer voto en la <em>Consulta Popular,&nbsp;<\/em> M\u00e9xico ser\u00e1 otro.<\/p>\n\n\n\n<p class=\"wp-block-paragraph\">El INE, la partidocracia (espec\u00edficamente los de derecha), los medios masivos de comunicaci\u00f3n, las organizaciones de derecha como Frenaaa, el club de los abajofirmantes, los intelectuales org\u00e1nicos, los c\u00f3micos de la televisi\u00f3n, los actores incondicionales de Televisa y TV Azteca, los beneficiarios de la corrupci\u00f3n de los gobiernos pasados -desde Salina de Gortari hasta Pe\u00f1a Nieto-,&nbsp; as\u00ed como las falsas organizaciones de la sociedad civil habr\u00e1n perdido la batalla contra la democracia.<\/p>\n\n\n\n<p class=\"wp-block-paragraph\">Cuando el primer ciudadano deposite el primer voto, todos los anteriormente mencionados, pasar\u00e1n a formar parte de las filas de los perdedores, ser\u00e1n los herederos del M\u00e9xico autoritario, corrupto, injusto y antidemocr\u00e1tico.<\/p>\n\n\n\n<p class=\"wp-block-paragraph\">El uno de agosto, con el primer voto en las urnas, M\u00e9xico se instalar\u00e1 en el conjunto de rep\u00fablicas que toman en cuenta a sus ciudadanos para decir las cosas importantes.<\/p>\n\n\n\n<p class=\"wp-block-paragraph\">El INE el dos de agosto ser\u00e1 un organismo ineficaz, es decir, que dej\u00f3 de ser \u00fatil para los fines para los que fue creado. El INE, en un comunicado de prensa del 29 de julio informa, que le ha ordenado a Morena y sus grupos parlamentarios, as\u00ed como al peri\u00f3dico La Jornada se abstengan de contratar y difundir cualquier tipo de inserci\u00f3n sobre la <em>Consulta Popular, <\/em>al hacerlo, el INE se<em>&nbsp;<\/em> est\u00e1 convirtiendo en un problema para la democracia. El INE dej\u00f3 ser un organismo aut\u00f3nomo para, sin tapujos y sin pudor alguno, defender la corrupci\u00f3n. No cabe duda que tiempos frescos y mejores soplan para M\u00e9xico.<\/p>\n\n\n\n<p class=\"wp-block-paragraph\">La democracia participativa dar\u00e1 sus primeros pasos porque la gente as\u00ed lo est\u00e1 mandatando.<\/p>\n\n\n\n<p class=\"wp-block-paragraph\">Carlos Salina de Gortari deber\u00e1 ser castigado por haber liderado a una banda de ladrones que saque\u00f3 a nuestro pa\u00eds.&nbsp;<\/p>\n\n\n\n<p class=\"wp-block-paragraph\">Ernesto Zedillo debe ser juzgado y castigado por haber encabezado un gobierno asesino y haber sido un p\u00e9simo administrador que dej\u00f3 una deuda de m\u00e1s de un bill\u00f3n 62 mil 447 millones de pesos que hasta 2050 ser\u00e1 liquidada.<\/p>\n\n\n\n<p class=\"wp-block-paragraph\">Vicente Fox debe ser castigado por haber reinstalado en M\u00e9xico el denominado fraude patri\u00f3tico, es decir, por traidor a la democracia. Por haber sido el reinstalador del PRI en Los Pinos.<\/p>\n\n\n\n<p class=\"wp-block-paragraph\">Felipe Calder\u00f3n debe ser encarcelado por haber iniciado una guerra absurda de la cual no hemos podido salir y haber permitido el acceso descarado del narco a Los Pinos.<\/p>\n\n\n\n<p class=\"wp-block-paragraph\">Pe\u00f1a Nieto debe ser encarcelado por haber navegado con la bandera de tonto pero permiti\u00f3 que las empresas extranjeras se quedaran con nuestro petr\u00f3leo y con todos los negocios de los energ\u00e9ticos.<\/p>\n\n\n\n<p class=\"wp-block-paragraph\">Yo voy a votar S\u00ce por todo lo anterior y para que la democracia participativa sea una realidad en M\u00e9xico; que todo lo importante sea consensuado entre todos los mexicanos y; que nunca m\u00e1s se decidan cosas sin el concurso de la mayor\u00eda de los mexicanos.<\/p>\n\n\n\n<p class=\"wp-block-paragraph\">Yo voy a vota S\u00ed para que se enjuicie a todos los ex presidentes de la Rep\u00fablica, ex gobernadores, ex presidentes municipales y todo aquel mal funcionario p\u00fablico que se corrompa.&nbsp;<\/p>\n\n\n\n<p class=\"wp-block-paragraph\">P.D.<\/p>\n\n\n\n<p class=\"wp-block-paragraph\">Sin embargo, en algo estoy de acuerdo con los conservadores y reaccionarios, estoy de acuerdo con ellos en que la pregunta est\u00e1 muy mal formulada.<\/p>\n\n\n\n<p class=\"wp-block-paragraph\">La p\u00e9sima redacci\u00f3n de la pregunta es una verg\u00fcenza para todos los mexicanos. C\u00f3mo es posible que un tipo al que se le pagan 500 mil pesos al mes no sepa redactar una simple pregunta. Tienen raz\u00f3n los conservadores cuando dicen que la pregunta est\u00e1 desastrosamente redactada. Cualquier persona en M\u00e9xico redacta una pregunta con claridad y pertinencia palmaria, sin embargo, la est\u00fapida forma de redactar de este magistrado de la Suprema Corte de Justicia de la Naci\u00f3n es una verg\u00fcenza para todos los mexicanos. Pagarle 500 mil pesos al mes y no saber redactar una pregunta es una muestra, en s\u00ed, de la corrupci\u00f3n galopante de los gobiernos neoliberales.&nbsp;<\/p>\n\n\n\n<p class=\"wp-block-paragraph\">Lo interesante de la redacci\u00f3n de la pregunta es que la intenci\u00f3n de volver confuso el proceso y, al mismo tiempo sin propon\u00e9rselo es lo que le da, parad\u00f3jicamente,&nbsp; claridad al mismo.<\/p>\n\n\n\n<p class=\"wp-block-paragraph\">El juez redactor de la pregunta es la estatura de la ignorancia y estupidez de la derecha defensora de la corrupci\u00f3n que domina nuestra sociedad.&nbsp;<\/p>\n\n\n\n<p class=\"wp-block-paragraph\">Yo votar\u00e9 S\u00ce.<\/p>\n<div class=\"fb-background-color\">\n\t\t\t  <div \n\t\t\t  \tclass = \"fb-comments\" \n\t\t\t  \tdata-href = \"https:\/\/diarioavanzada.com.mx\/?p=24868\"\n\t\t\t  \tdata-numposts = \"10\"\n\t\t\t  \tdata-lazy = \"true\"\n\t\t\t\tdata-colorscheme = \"light\"\n\t\t\t\tdata-order-by = \"social\"\n\t\t\t\tdata-mobile=true>\n\t\t\t  <\/div><\/div>\n\t\t  <style>\n\t\t    .fb-background-color {\n\t\t\t\tbackground:  !important;\n\t\t\t}\n\t\t\t.fb_iframe_widget_fluid_desktop iframe {\n\t\t\t    width: 100% !important;\n\t\t\t}\n\t\t  <\/style>\n\t\t  ","protected":false},"excerpt":{"rendered":"<p>Columna\u00a0El puercoesp\u00edn \u00a0 El d\u00eda uno de agosto de 2021 en cuanto el primer ciudadano deposite, en la urna, el primer voto en la Consulta Popular,&nbsp; M\u00e9xico ser\u00e1 otro. El INE, la partidocracia (espec\u00edficamente los de derecha), los medios masivos de comunicaci\u00f3n, las organizaciones de derecha como Frenaaa, el club de los abajofirmantes, los intelectuales [&hellip;]<\/p>\n","protected":false},"author":9,"featured_media":24795,"comment_status":"closed","ping_status":"closed","sticky":false,"template":"","format":"standard","meta":{"_coblocks_attr":"","_coblocks_dimensions":"","_coblocks_responsive_height":"","_coblocks_accordion_ie_support":"","advanced_seo_description":"","jetpack_seo_html_title":"","jetpack_seo_noindex":false,"jetpack_seo_schema_type":"","_jetpack_newsletter_access":"","_jetpack_dont_email_post_to_subs":false,"_jetpack_newsletter_tier_id":0,"_jetpack_memberships_contains_paywalled_content":false,"_wpcom_ai_launchpad_first_post":false,"_jetpack_feature_clip_id":0,"_jetpack_memberships_contains_paid_content":false,"footnotes":"","jetpack_post_was_ever_published":false},"categories":[19,24],"tags":[210],"class_list":["post-24868","post","type-post","status-publish","format-standard","has-post-thumbnail","hentry","category-colima","category-opinion","tag-portada"],"jetpack-related-posts":[],"jetpack_sharing_enabled":true,"amp_enabled":true,"jetpack_featured_media_url":"https:\/\/diarioavanzada.com.mx\/wp-content\/uploads\/2021\/07\/216227828_4815582348456292_6456782912359517319_n.jpg","_links":{"self":[{"href":"https:\/\/diarioavanzada.com.mx\/index.php?rest_route=\/wp\/v2\/posts\/24868","targetHints":{"allow":["GET"]}}],"collection":[{"href":"https:\/\/diarioavanzada.com.mx\/index.php?rest_route=\/wp\/v2\/posts"}],"about":[{"href":"https:\/\/diarioavanzada.com.mx\/index.php?rest_route=\/wp\/v2\/types\/post"}],"author":[{"embeddable":true,"href":"https:\/\/diarioavanzada.com.mx\/index.php?rest_route=\/wp\/v2\/users\/9"}],"replies":[{"embeddable":true,"href":"https:\/\/diarioavanzada.com.mx\/index.php?rest_route=%2Fwp%2Fv2%2Fcomments&post=24868"}],"version-history":[{"count":0,"href":"https:\/\/diarioavanzada.com.mx\/index.php?rest_route=\/wp\/v2\/posts\/24868\/revisions"}],"wp:featuredmedia":[{"embeddable":true,"href":"https:\/\/diarioavanzada.com.mx\/index.php?rest_route=\/wp\/v2\/media\/24795"}],"wp:attachment":[{"href":"https:\/\/diarioavanzada.com.mx\/index.php?rest_route=%2Fwp%2Fv2%2Fmedia&parent=24868"}],"wp:term":[{"taxonomy":"category","embeddable":true,"href":"https:\/\/diarioavanzada.com.mx\/index.php?rest_route=%2Fwp%2Fv2%2Fcategories&post=24868"},{"taxonomy":"post_tag","embeddable":true,"href":"https:\/\/diarioavanzada.com.mx\/index.php?rest_route=%2Fwp%2Fv2%2Ftags&post=24868"}],"curies":[{"name":"wp","href":"https:\/\/api.w.org\/{rel}","templated":true}]}}